{"id":39849,"date":"2020-02-14T00:08:51","date_gmt":"2020-02-14T00:08:51","guid":{"rendered":"http:\/\/diariodominicano.ddns.net\/?p=39849"},"modified":"2020-02-14T00:08:51","modified_gmt":"2020-02-14T00:08:51","slug":"inseguridad-ciudadana","status":"publish","type":"post","link":"https:\/\/diariodominicano.com\/?p=39849","title":{"rendered":"&#13;Inseguridad ciudadana"},"content":{"rendered":"<p><body><\/p>\n<\/p>\n<\/p>\n<p>A Pleno Sol<\/p>\n<\/p>\n<p>Inseguridad ciudadana<\/p>\n<\/p>\n<p>Por Manuel Hern\u00e1ndez Villeta<\/p>\n<\/p>\n<\/p>\n<p>El  tema b\u00e1sico  de la agenda nacional debe ser la seguridad p\u00fablica.  De ah\u00ed vienen la mayor\u00eda de los males que afectan a todos los dominicanos. La inseguridad que comienza con la simple exclusi\u00f3n social y termina con los atracos y el microtr\u00e1fico de drogas.<\/p>\n<\/p>\n<p>No se podr\u00e1 conseguir soluciones en los niveles de la macroeconom\u00eda y el desarrollo global, si primero no hay preocupaci\u00f3n por el estilo de vida. Para mitigar los atracos, la violencia y el barrial microtr\u00e1fico de drogas, hay que tener un amplio programa de seguridad ciudadana.<\/p>\n<\/p>\n<p>La soluci\u00f3n al crimen no se puede tomar por el olor de la p\u00f3lvora o los barrotes de las c\u00e1rceles. Esas acciones forman parte de las consecuencias y de la disciplina. Bien que se tomen cuando sea necesario, pero el principal trabajo es la prevenci\u00f3n.<\/p>\n<\/p>\n<p>Y prevenir es ir a la ra\u00edz. Las estad\u00edsticas se\u00f1alan que la mayor parte de las pandillas, los atracadores y vendedores de estupefacientes provienen de las zonas marginadas. Hay que ir a mejorar las condiciones de vida en los barrios, donde se perdi\u00f3  ya la esperanza.<\/p>\n<\/p>\n<p>Llevar comida a los barrios, educaci\u00f3n y asistencia  sanitaria. Un mensaje de que el joven puede tener fe en el futuro. Que dar un paso adelante no tiene que ser portando la cuchilla o el revolver para el asalto. El porvenir tiene que surgir por la senda del estudio, del trabajo, de la dedicaci\u00f3n, y no de ir a una reuni\u00f3n de delincuentes.<\/p>\n<\/p>\n<p>Pero tampoco se trata de un panorama color de rosas. La violaci\u00f3n de las leyes tiene consecuencias. La polic\u00eda tiene que detener a los delincuentes y someterlos a la justicia. Tienen que haber jueces que no les tiemble el pulso para dictar sentencia.  Si es necesario el intercambio de disparos, que se ejecute.<\/p>\n<\/p>\n<p>Hay que fortalecer la justicia. Que sea una instituci\u00f3n fuerte y poderoso, donde su accionar este apegado a los c\u00f3digos y al respeto humano. Un juez que act\u00faa por pasi\u00f3n,  por prevaricaci\u00f3n y por un pu\u00f1ado de pesos, no merece estar en la judicatura.<\/p>\n<\/p>\n<p>Tenemos confianza en que la justicia actuar\u00e1 de forma firme, vertical y de acuerdo a las necesidades de un pa\u00eds que necesita entrar de lleno a la modernidad, y dejar a un lado la violencia descarnada. La polic\u00eda tiene que ampliar sus m\u00e9todos de investigaci\u00f3n,  y sacar de sus filas a todas las manzanas podridas.<\/p>\n<\/p>\n<p>Los dominicanos quieren vivir en paz y tranquilidad  y que se ponga fin a los robos, atracos e inseguridad p\u00fablica.  Hay que comenzar a trabajar desde ahora, si se quiere acorralar al crimen. No importan los m\u00e9todos que se implemente, siempre que se respete la ley, para derrotar  la violencia que estremece a la sociedad dominicana. \u00a1Ay!, se me acab\u00f3 la tinta.<\/p>\n<\/p>\n<\/p>\n<h6> 2020-02-14 00:08:51 <\/h6>\n<p><!--\n<link rel=\"stylesheet\" href=\"css\/bootstrap.min.css\">\n\n\n<ul class=\"pagination\">\n\t    \n\t\n\n<li >\n\t<a href='?page_no=311'>Previous<\/a>\n\t<\/li>\n\n\n       \n    \n\n<li><a href='?page_no=1'>1<\/a><\/li>\n\n\n\n<li><a href='?page_no=2'>2<\/a><\/li>\n\n\n\n<li><a>...<\/a><\/li>\n\n\n\n<li><a href='?page_no=310'>310<\/a><\/li>\n\n\n\n<li><a href='?page_no=311'>311<\/a><\/li>\n\n\n\n<li class='active'><a>312<\/a><\/li>\n\n\n\n<li><a href='?page_no=313'>313<\/a><\/li>\n\n\n\n<li><a href='?page_no=314'>314<\/a><\/li>\n\n\n\n<li><a>...<\/a><\/li>\n\n\n\n<li><a href='?page_no=13611'>13611<\/a><\/li>\n\n\n\n<li><a href='?page_no=13612'>13612<\/a><\/li>\n\n    \n\t\n\n<li >\n\t<a href='?page_no=313'>Next<\/a>\n\t<\/li>\n\n\n    \n\n<li><a href='?page_no=13612'>Last &rsaquo;&rsaquo;<\/a><\/li>\n\n<\/ul>\n\n\n--><br \/>\n<\/body><\/p>\n","protected":false},"excerpt":{"rendered":"<p>A Pleno Sol Inseguridad ciudadana Por Manuel Hern\u00e1ndez Villeta El tema b\u00e1sico de la agenda nacional debe ser la seguridad p\u00fablica. De ah\u00ed vienen la mayor\u00eda de los males que afectan a todos los dominicanos. La inseguridad que comienza con la simple exclusi\u00f3n social y termina con los atracos y el microtr\u00e1fico de drogas. No [&hellip;]<\/p>\n","protected":false},"author":3,"featured_media":0,"comment_status":"open","ping_status":"open","sticky":false,"template":"","format":"standard","meta":{"footnotes":""},"categories":[16],"tags":[],"class_list":["post-39849","post","type-post","status-publish","format-standard","hentry","category-opiniones"],"_links":{"self":[{"href":"https:\/\/diariodominicano.com\/index.php?rest_route=\/wp\/v2\/posts\/39849","targetHints":{"allow":["GET"]}}],"collection":[{"href":"https:\/\/diariodominicano.com\/index.php?rest_route=\/wp\/v2\/posts"}],"about":[{"href":"https:\/\/diariodominicano.com\/index.php?rest_route=\/wp\/v2\/types\/post"}],"author":[{"embeddable":true,"href":"https:\/\/diariodominicano.com\/index.php?rest_route=\/wp\/v2\/users\/3"}],"replies":[{"embeddable":true,"href":"https:\/\/diariodominicano.com\/index.php?rest_route=%2Fwp%2Fv2%2Fcomments&post=39849"}],"version-history":[{"count":0,"href":"https:\/\/diariodominicano.com\/index.php?rest_route=\/wp\/v2\/posts\/39849\/revisions"}],"wp:attachment":[{"href":"https:\/\/diariodominicano.com\/index.php?rest_route=%2Fwp%2Fv2%2Fmedia&parent=39849"}],"wp:term":[{"taxonomy":"category","embeddable":true,"href":"https:\/\/diariodominicano.com\/index.php?rest_route=%2Fwp%2Fv2%2Fcategories&post=39849"},{"taxonomy":"post_tag","embeddable":true,"href":"https:\/\/diariodominicano.com\/index.php?rest_route=%2Fwp%2Fv2%2Ftags&post=39849"}],"curies":[{"name":"wp","href":"https:\/\/api.w.org\/{rel}","templated":true}]}}