{"id":398484,"date":"2022-11-19T22:19:45","date_gmt":"2022-11-20T02:19:45","guid":{"rendered":"http:\/\/diariodominicano.com\/?p=398484"},"modified":"2022-11-19T22:19:45","modified_gmt":"2022-11-20T02:19:45","slug":"condenan-a-20-anos-de-prision-a-hombres-que-asaltaron-y-golpearon-a-ciudadana-de-75-anos-de-edad","status":"publish","type":"post","link":"https:\/\/diariodominicano.com\/?p=398484","title":{"rendered":"Condenan a 20 a\u00f1os de prisi\u00f3n a hombres que asaltaron y golpearon a ciudadana de 75 a\u00f1os de edad"},"content":{"rendered":"\n<p><\/p>\n\n\n\n<p>SANTO DOMINGO, Rep\u00fablica Dominicana. -El Segundo Tribunal Colegiado del Distrito Nacional conden\u00f3 a 20 a\u00f1os de prisi\u00f3n a Juan Francisco Valera y Eduardo Sol\u00eds, acusados de asaltar y golpear a una ciudadana de 75 a\u00f1os en un incidente ocurrido en su residencia del sector Los Guandules, en el Distrito Nacional.<\/p>\n\n\n\n<p>El tribunal que preside la magistrada Claribel Nivar Arias, adopt\u00f3 la decisi\u00f3n al acoger en su totalidad las evidencias presentadas por el Ministerio P\u00fablico, representado por los fiscales Leydi Nayra Garc\u00eda y Ernis Mella, quienes demostraron la culpabilidad de los hoy condenados m\u00e1s all\u00e1 de toda duda razonable.<\/p>\n\n\n\n<p>Los fiscales mostraron como Valera y Sol\u00eds, incurrieron en la violaci\u00f3n del tipo penal de tentativa de robo agravado, previsto y sancionado por los art\u00edculos 265, 266, 379, 382 y 385 del C\u00f3digo Penal dominicano en perjuicio de la se\u00f1ora de 75 a\u00f1os de edad.<\/p>\n\n\n\n<p>El tribunal dispuso que los procesados cumplan la condena en la Penitenciar\u00eda Nacional de la Victoria.<\/p>\n\n\n\n<p><strong>Direcci\u00f3n de Comunicaci\u00f3n y Prensa<\/strong><\/p>\n\n\n\n<p><strong>Procuradur\u00eda General-Ministerio P\u00fablico RD<\/strong><\/p>\n\n\n\n<p><strong>S\u00e1bado, 19 de noviembre del 2022<\/strong><\/p>\n","protected":false},"excerpt":{"rendered":"<p>SANTO DOMINGO, Rep\u00fablica Dominicana. -El Segundo Tribunal Colegiado del Distrito Nacional conden\u00f3 a 20 a\u00f1os de prisi\u00f3n a Juan Francisco Valera y Eduardo Sol\u00eds, acusados de asaltar y golpear a una ciudadana de 75 a\u00f1os en un incidente ocurrido en su residencia del sector Los Guandules, en el Distrito Nacional. El tribunal que preside la [&hellip;]<\/p>\n","protected":false},"author":28,"featured_media":270667,"comment_status":"closed","ping_status":"","sticky":true,"template":"","format":"standard","meta":{"footnotes":""},"categories":[24,29,27],"tags":[],"class_list":["post-398484","post","type-post","status-publish","format-standard","has-post-thumbnail","hentry","category-justicia-y-derecho","category-policiasucesos","category-portada"],"_links":{"self":[{"href":"https:\/\/diariodominicano.com\/index.php?rest_route=\/wp\/v2\/posts\/398484","targetHints":{"allow":["GET"]}}],"collection":[{"href":"https:\/\/diariodominicano.com\/index.php?rest_route=\/wp\/v2\/posts"}],"about":[{"href":"https:\/\/diariodominicano.com\/index.php?rest_route=\/wp\/v2\/types\/post"}],"author":[{"embeddable":true,"href":"https:\/\/diariodominicano.com\/index.php?rest_route=\/wp\/v2\/users\/28"}],"replies":[{"embeddable":true,"href":"https:\/\/diariodominicano.com\/index.php?rest_route=%2Fwp%2Fv2%2Fcomments&post=398484"}],"version-history":[{"count":1,"href":"https:\/\/diariodominicano.com\/index.php?rest_route=\/wp\/v2\/posts\/398484\/revisions"}],"predecessor-version":[{"id":398485,"href":"https:\/\/diariodominicano.com\/index.php?rest_route=\/wp\/v2\/posts\/398484\/revisions\/398485"}],"wp:featuredmedia":[{"embeddable":true,"href":"https:\/\/diariodominicano.com\/index.php?rest_route=\/wp\/v2\/media\/270667"}],"wp:attachment":[{"href":"https:\/\/diariodominicano.com\/index.php?rest_route=%2Fwp%2Fv2%2Fmedia&parent=398484"}],"wp:term":[{"taxonomy":"category","embeddable":true,"href":"https:\/\/diariodominicano.com\/index.php?rest_route=%2Fwp%2Fv2%2Fcategories&post=398484"},{"taxonomy":"post_tag","embeddable":true,"href":"https:\/\/diariodominicano.com\/index.php?rest_route=%2Fwp%2Fv2%2Ftags&post=398484"}],"curies":[{"name":"wp","href":"https:\/\/api.w.org\/{rel}","templated":true}]}}