{"id":398481,"date":"2022-11-19T22:11:12","date_gmt":"2022-11-20T02:11:12","guid":{"rendered":"http:\/\/diariodominicano.com\/?p=398481"},"modified":"2022-11-19T22:11:12","modified_gmt":"2022-11-20T02:11:12","slug":"pedro-pena-rubio-confirma-localizacion-del-cadaver-de-su-hermano-que-habia-denunciado-como-desaparecido","status":"publish","type":"post","link":"https:\/\/diariodominicano.com\/?p=398481","title":{"rendered":"Pedro Pe\u00f1a Rubio confirma localizaci\u00f3n del cad\u00e1ver de su hermano que hab\u00eda denunciado como\u00a0\u00a0desaparecido"},"content":{"rendered":"\n<p> Pedro Pe\u00f1a Rubio <\/p>\n\n\n\n<p>El ex gobernador de la provincia Barahona, Pedro Pe\u00f1a Rubio, quien es miembro del Comit\u00e9 Central del Partido de la Liberaci\u00f3n Dominicana y ex vicesecretario general del PLD,\u00a0\u00a0confirm\u00f3 a media ma\u00f1ana del s\u00e1bado, que su hermano,\u00a0\u00a0Julio Pe\u00f1a Rubio, que hab\u00eda sido denunciado desaparecido, apareci\u00f3 sin vida en las aguas del r\u00edo Ozama.<\/p>\n\n\n\n<p>\u201cPaso por la pena de informar la aparici\u00f3n del cuerpo sin vida de mi hermano Julio A. Pe\u00f1a Rubio\u201d, escribi\u00f3 en un chat de miembros del Comit\u00e9 Central, encontrando de inmediato decenas de mensajes de solidaridad.<\/p>\n\n\n\n<p>Los medios de prensa confirmaron tambi\u00e9n el hallazgo del profesional de agronom\u00eda&nbsp;&nbsp;de 62 a\u00f1os de edad&nbsp;&nbsp;hallado sin vida&nbsp;&nbsp;en las aguas del r\u00edo Ozama, debajo del puente Francisco del Rosario S\u00e1nchez.<\/p>\n\n\n\n<p>Julio Pe\u00f1a Rubio fue secuestrado cuando se desplazaba en una&nbsp;&nbsp;camioneta Toyota Hilux, negra 2022, por el sector El Tamarindo, Santo Domingo Este, seg\u00fan las im\u00e1genes divulgadas&nbsp;&nbsp;por sus familiares y vecinos, quienes captaron con sus c\u00e1maras el momento del rapto.<\/p>\n\n\n\n<p>Indignado Pedro Pe\u00f1a Rubio se quej\u00f3 de la situaci\u00f3n que afecta el pa\u00eds ante el aumento de la delincuencia y la criminalidad: \u201cLo que est\u00e1 pasando no tiene parang\u00f3n. Mi hermano era un hombre de trabajo\u201d dijo.<\/p>\n\n\n\n<p>Justo al momento de dar a conocer la infausta noticia Pedro Pe\u00f1a Rubio y sus familiares diligenciaban en el Instituto Nacional de Ciencias Forense (INACIF) la entrega del cuerpo sin vida de su hermano\u00a0\u00a0para organizar los actos del velatorio y sepelio.<\/p>\n\n\n\n<p><strong>SECRETARIA DE COMUNICACIONES<\/strong><\/p>\n\n\n\n<p><strong>19 NOVIEMBRE 2022&nbsp;&nbsp;&nbsp;&nbsp;&nbsp;<\/strong><\/p>\n","protected":false},"excerpt":{"rendered":"<p>Pedro Pe\u00f1a Rubio El ex gobernador de la provincia Barahona, Pedro Pe\u00f1a Rubio, quien es miembro del Comit\u00e9 Central del Partido de la Liberaci\u00f3n Dominicana y ex vicesecretario general del PLD,\u00a0\u00a0confirm\u00f3 a media ma\u00f1ana del s\u00e1bado, que su hermano,\u00a0\u00a0Julio Pe\u00f1a Rubio, que hab\u00eda sido denunciado desaparecido, apareci\u00f3 sin vida en las aguas del r\u00edo Ozama. [&hellip;]<\/p>\n","protected":false},"author":28,"featured_media":398482,"comment_status":"closed","ping_status":"","sticky":true,"template":"","format":"standard","meta":{"footnotes":""},"categories":[20,29,27],"tags":[],"class_list":["post-398481","post","type-post","status-publish","format-standard","has-post-thumbnail","hentry","category-dominicana-hoy","category-policiasucesos","category-portada"],"_links":{"self":[{"href":"https:\/\/diariodominicano.com\/index.php?rest_route=\/wp\/v2\/posts\/398481","targetHints":{"allow":["GET"]}}],"collection":[{"href":"https:\/\/diariodominicano.com\/index.php?rest_route=\/wp\/v2\/posts"}],"about":[{"href":"https:\/\/diariodominicano.com\/index.php?rest_route=\/wp\/v2\/types\/post"}],"author":[{"embeddable":true,"href":"https:\/\/diariodominicano.com\/index.php?rest_route=\/wp\/v2\/users\/28"}],"replies":[{"embeddable":true,"href":"https:\/\/diariodominicano.com\/index.php?rest_route=%2Fwp%2Fv2%2Fcomments&post=398481"}],"version-history":[{"count":1,"href":"https:\/\/diariodominicano.com\/index.php?rest_route=\/wp\/v2\/posts\/398481\/revisions"}],"predecessor-version":[{"id":398483,"href":"https:\/\/diariodominicano.com\/index.php?rest_route=\/wp\/v2\/posts\/398481\/revisions\/398483"}],"wp:featuredmedia":[{"embeddable":true,"href":"https:\/\/diariodominicano.com\/index.php?rest_route=\/wp\/v2\/media\/398482"}],"wp:attachment":[{"href":"https:\/\/diariodominicano.com\/index.php?rest_route=%2Fwp%2Fv2%2Fmedia&parent=398481"}],"wp:term":[{"taxonomy":"category","embeddable":true,"href":"https:\/\/diariodominicano.com\/index.php?rest_route=%2Fwp%2Fv2%2Fcategories&post=398481"},{"taxonomy":"post_tag","embeddable":true,"href":"https:\/\/diariodominicano.com\/index.php?rest_route=%2Fwp%2Fv2%2Ftags&post=398481"}],"curies":[{"name":"wp","href":"https:\/\/api.w.org\/{rel}","templated":true}]}}