{"id":398477,"date":"2022-11-19T22:00:06","date_gmt":"2022-11-20T02:00:06","guid":{"rendered":"http:\/\/diariodominicano.com\/?p=398477"},"modified":"2022-11-19T22:00:06","modified_gmt":"2022-11-20T02:00:06","slug":"tribunal-impone-un-ano-de-prision-preventiva-a-confeso-asesino-de-oficial-retirado-de-la-policia","status":"publish","type":"post","link":"https:\/\/diariodominicano.com\/?p=398477","title":{"rendered":"Tribunal impone un a\u00f1o de prisi\u00f3n preventiva a confeso asesino de oficial retirado de la Polic\u00eda"},"content":{"rendered":"\n<p><\/p>\n\n\n\n<p>Santo Domingo Este,  Rep\u00fablica Dominicana.- El Tribunal de Atenci\u00f3n Permanente de este Distrito Judicial acogi\u00f3 la solicitud del Ministerio P\u00fablico y dict\u00f3 un a\u00f1o de prisi\u00f3n preventiva para un hombre que confes\u00f3 su participaci\u00f3n en el asesinato de un primer teniente pensionado de la Polic\u00eda Nacional, durante un atraco ocurrido en el municipio Santo Domingo Este.<\/p>\n\n\n\n<p>La medida de coerci\u00f3n fue dictada por el juez Bernardo Coplin a Starlit Familia (El Gordo), se\u00f1alado, junto al pr\u00f3fugo Kenedys Nova Familia (Calvita), como autor del asesinato, a disparos, del oficial pensionado Cirilo Portorreal Hern\u00e1ndez (Otto).<\/p>\n\n\n\n<p>El Ministerio P\u00fablico, representado por el fiscal Wilson D\u00edaz, le ha asignado a los hechos confesados por el imputado la calificaci\u00f3n jur\u00eddica contenida en los art\u00edculos 265, 266, 295, 379, 382, 383 y 386 del C\u00f3digo Penal Dominicano y los art\u00edculos 66 y 67 de la Ley 631-16, para el Control y Regulaci\u00f3n de Armas, Municiones y Materiales Relacionados.<\/p>\n\n\n\n<p>Seg\u00fan la acusaci\u00f3n, el suceso se materializ\u00f3 alrededor de las 12:30 de la tarde del lunes 7 de noviembre, en momentos en los que el hoy occiso abr\u00eda el port\u00f3n de la marquesina de su casa, en la calle 14, esquina Central, del sector Los Mameyes, del municipio de Santo Domingo Este.<\/p>\n\n\n\n<p>Familia, quien se entreg\u00f3 a las autoridades por v\u00eda de un representante de los Derechos Humanos, detall\u00f3 c\u00f3mo le dieron seguimiento a Portorreal Hern\u00e1ndez desde una banca de apuestas, en la que la v\u00edctima hab\u00eda contado una cantidad de dinero, hasta la casa del oficial retirado, en donde cometieron el hecho de sangre.<\/p>\n\n\n\n<p>Los&nbsp; dos atacantes se desplazaban a bordo de una motocicleta cuando mataron a tiros al exoficial, despoj\u00e1ndolo de un arma, marca Taurus, Cal. 9mm, no. TGT2304. Una c\u00e1mara de seguridad capt\u00f3 el momento del asesinato.<\/p>\n\n\n\n<p><strong>Direcci\u00f3n de Comunicaci\u00f3n y Prensa<\/strong><\/p>\n\n\n\n<p><strong>Procuradur\u00eda General-Ministerio P\u00fablico RD<\/strong><\/p>\n\n\n\n<p><strong>S\u00e1bado, 19 de noviembre del 2022<\/strong>&#8230;<\/p>\n","protected":false},"excerpt":{"rendered":"<p>Santo Domingo Este, Rep\u00fablica Dominicana.- El Tribunal de Atenci\u00f3n Permanente de este Distrito Judicial acogi\u00f3 la solicitud del Ministerio P\u00fablico y dict\u00f3 un a\u00f1o de prisi\u00f3n preventiva para un hombre que confes\u00f3 su participaci\u00f3n en el asesinato de un primer teniente pensionado de la Polic\u00eda Nacional, durante un atraco ocurrido en el municipio Santo Domingo [&hellip;]<\/p>\n","protected":false},"author":28,"featured_media":265615,"comment_status":"closed","ping_status":"","sticky":true,"template":"","format":"standard","meta":{"footnotes":""},"categories":[24,29,27],"tags":[],"class_list":["post-398477","post","type-post","status-publish","format-standard","has-post-thumbnail","hentry","category-justicia-y-derecho","category-policiasucesos","category-portada"],"_links":{"self":[{"href":"https:\/\/diariodominicano.com\/index.php?rest_route=\/wp\/v2\/posts\/398477","targetHints":{"allow":["GET"]}}],"collection":[{"href":"https:\/\/diariodominicano.com\/index.php?rest_route=\/wp\/v2\/posts"}],"about":[{"href":"https:\/\/diariodominicano.com\/index.php?rest_route=\/wp\/v2\/types\/post"}],"author":[{"embeddable":true,"href":"https:\/\/diariodominicano.com\/index.php?rest_route=\/wp\/v2\/users\/28"}],"replies":[{"embeddable":true,"href":"https:\/\/diariodominicano.com\/index.php?rest_route=%2Fwp%2Fv2%2Fcomments&post=398477"}],"version-history":[{"count":1,"href":"https:\/\/diariodominicano.com\/index.php?rest_route=\/wp\/v2\/posts\/398477\/revisions"}],"predecessor-version":[{"id":398478,"href":"https:\/\/diariodominicano.com\/index.php?rest_route=\/wp\/v2\/posts\/398477\/revisions\/398478"}],"wp:featuredmedia":[{"embeddable":true,"href":"https:\/\/diariodominicano.com\/index.php?rest_route=\/wp\/v2\/media\/265615"}],"wp:attachment":[{"href":"https:\/\/diariodominicano.com\/index.php?rest_route=%2Fwp%2Fv2%2Fmedia&parent=398477"}],"wp:term":[{"taxonomy":"category","embeddable":true,"href":"https:\/\/diariodominicano.com\/index.php?rest_route=%2Fwp%2Fv2%2Fcategories&post=398477"},{"taxonomy":"post_tag","embeddable":true,"href":"https:\/\/diariodominicano.com\/index.php?rest_route=%2Fwp%2Fv2%2Ftags&post=398477"}],"curies":[{"name":"wp","href":"https:\/\/api.w.org\/{rel}","templated":true}]}}