{"id":398267,"date":"2022-11-18T18:46:10","date_gmt":"2022-11-18T22:46:10","guid":{"rendered":"http:\/\/diariodominicano.com\/?p=398267"},"modified":"2022-11-18T20:44:03","modified_gmt":"2022-11-19T00:44:03","slug":"llaman-a-defender-soberania-en-conmemoracion-186-aniversario-del-nacimiento-de-maximo-gomez","status":"publish","type":"post","link":"https:\/\/diariodominicano.com\/?p=398267","title":{"rendered":"Llaman a defender Soberan\u00eda en conmemoraci\u00f3n 186 aniversario del nacimiento de M\u00e1ximo G\u00f3mez"},"content":{"rendered":"\n<p>diariodominicano.com<\/p>\n\n\n\n<p>Santo Domingo, R. D.,  18 de noviembre, 2022.-  <strong>El coordinador de la Fuerza Boschista, de Respaldo al Partido de la Liberaci\u00f3n Dominicana (PLD), Luis de Le\u00f3n,<\/strong>&nbsp;&nbsp;afirm\u00f3 que la crisis econ\u00f3mica y social que vive el mundo y en consecuencia nuestro pa\u00eds,&nbsp; llama a unidad &nbsp;con valent\u00eda, moral y sin prejuicios en la direcci\u00f3n de defender la soberan\u00eda y nuestra Constituci\u00f3n, emulando a M\u00e1ximo G\u00f3mez, Juan Pablo Duarte y el profesor Juan Bosch.<\/p>\n\n\n\n<p>\u00abEl 186 Aniversario del nacimiento del general\u00edsimo M\u00e1ximo G\u00f3mez, es una gran oportunidad para reafirmar nuestra estabilidad econ\u00f3mica, democr\u00e1tica y social ante la presi\u00f3n de organismos internacionales y potencias como Estados Unidos, Canad\u00e1, Francia y la Comunidad Econ\u00f3mica Europea, en relaci\u00f3n a que nuestro pa\u00eds resuelva la profunda y terrible crisis social y humanitaria por la cual atraviesa el hermano pueblo haitiano\u00bb, dijo de Le\u00f3n.<\/p>\n\n\n\n<p>Record\u00f3 que M\u00e1ximo G\u00f3mez es hoy el m\u00e1s grande internacionalista de la Rep\u00fablica Dominicana, que liber\u00f3 y posibilit\u00f3 la Independencia del pueblo cubano de la opresi\u00f3n y la sumisi\u00f3n por parte del poderoso ej\u00e9rcito espa\u00f1ol.<\/p>\n\n\n\n<p>\u00abG\u00f3mez, Mart\u00ed, Maceo, C\u00e9spedes, el ej\u00e9rcito y pueblo de Cuba, demostraron al imperio espa\u00f1ol y al mundo&nbsp; que, con la raz\u00f3n, la dignidad, la unidad y valent\u00eda de los pueblos, ning\u00fan poder del mundo triunfa\u00bb, expres\u00f3.<\/p>\n\n\n\n<p>Sostuvo que Jos\u00e9 Mart\u00ed, el padre de la Independencia cubana, junto a nuestro M\u00e1ximo G\u00f3mez, firmaron \u201cEl Manifiesto de Montecristi\u201d el 25 de marzo de 1895, iniciando as\u00ed una unidad internacionalista que ha sido para el mundo un ejemplo de amistad, amor y paz para la humanidad.<\/p>\n\n\n\n<p>Se\u00f1al\u00f3 que M\u00e1ximo G\u00f3mez es un patriota dominicano de gloria y grandeza, reconocido por Cuba y el mundo, sin embargo, en nuestro pa\u00eds es un tanto desconocido.<\/p>\n\n\n\n<p>&nbsp;\u00abHacemos un llamado al Sistema Educativo Dominicano, a las universidades, los partidos pol\u00edticos, sindicatos, organizaciones populares, el pueblo en sentido general y al gobierno, de manera especial, a que iniciemos una cruzada nacional de educaci\u00f3n y cultura, y as\u00ed difundir y crear conciencia en torno al buen nombre y la obra ejemplar, internacionalista y dominicana del general\u00edsimo M\u00e1ximo G\u00f3mez\u00bb, indic\u00f3.<\/p>\n\n\n\n<p>Explic\u00f3 que el Prof. Juan Bosch en su libro\u201d M\u00e1ximo G\u00f3mez, de Montecristi a la Gloria\u201d sostiene que los dominicanos tenemos una deuda pendiente con M\u00e1ximo G\u00f3mez y se hace necesario reivindicarlo, conocerlo y colocarlo en su justo pedestal de la historia.<\/p>\n\n\n\n<p>Fuente:  <strong>SECRETARIA DE COMUNICACIONES<\/strong> PLD<\/p>\n\n\n\n<p><strong>18 DE NOVIEMBRE, 2022<\/strong><\/p>\n","protected":false},"excerpt":{"rendered":"<p>diariodominicano.com Santo Domingo, R. D., 18 de noviembre, 2022.- El coordinador de la Fuerza Boschista, de Respaldo al Partido de la Liberaci\u00f3n Dominicana (PLD), Luis de Le\u00f3n,&nbsp;&nbsp;afirm\u00f3 que la crisis econ\u00f3mica y social que vive el mundo y en consecuencia nuestro pa\u00eds,&nbsp; llama a unidad &nbsp;con valent\u00eda, moral y sin prejuicios en la direcci\u00f3n de [&hellip;]<\/p>\n","protected":false},"author":5,"featured_media":398268,"comment_status":"closed","ping_status":"","sticky":true,"template":"","format":"standard","meta":{"footnotes":""},"categories":[20,26,27],"tags":[],"class_list":["post-398267","post","type-post","status-publish","format-standard","has-post-thumbnail","hentry","category-dominicana-hoy","category-efemerides","category-portada"],"_links":{"self":[{"href":"https:\/\/diariodominicano.com\/index.php?rest_route=\/wp\/v2\/posts\/398267","targetHints":{"allow":["GET"]}}],"collection":[{"href":"https:\/\/diariodominicano.com\/index.php?rest_route=\/wp\/v2\/posts"}],"about":[{"href":"https:\/\/diariodominicano.com\/index.php?rest_route=\/wp\/v2\/types\/post"}],"author":[{"embeddable":true,"href":"https:\/\/diariodominicano.com\/index.php?rest_route=\/wp\/v2\/users\/5"}],"replies":[{"embeddable":true,"href":"https:\/\/diariodominicano.com\/index.php?rest_route=%2Fwp%2Fv2%2Fcomments&post=398267"}],"version-history":[{"count":2,"href":"https:\/\/diariodominicano.com\/index.php?rest_route=\/wp\/v2\/posts\/398267\/revisions"}],"predecessor-version":[{"id":398280,"href":"https:\/\/diariodominicano.com\/index.php?rest_route=\/wp\/v2\/posts\/398267\/revisions\/398280"}],"wp:featuredmedia":[{"embeddable":true,"href":"https:\/\/diariodominicano.com\/index.php?rest_route=\/wp\/v2\/media\/398268"}],"wp:attachment":[{"href":"https:\/\/diariodominicano.com\/index.php?rest_route=%2Fwp%2Fv2%2Fmedia&parent=398267"}],"wp:term":[{"taxonomy":"category","embeddable":true,"href":"https:\/\/diariodominicano.com\/index.php?rest_route=%2Fwp%2Fv2%2Fcategories&post=398267"},{"taxonomy":"post_tag","embeddable":true,"href":"https:\/\/diariodominicano.com\/index.php?rest_route=%2Fwp%2Fv2%2Ftags&post=398267"}],"curies":[{"name":"wp","href":"https:\/\/api.w.org\/{rel}","templated":true}]}}