{"id":39826,"date":"2020-10-26T10:44:19","date_gmt":"2020-10-26T10:44:19","guid":{"rendered":"http:\/\/diariodominicano.ddns.net\/?p=39826"},"modified":"2020-10-26T10:44:19","modified_gmt":"2020-10-26T10:44:19","slug":"un-incesante-regreso-a-recomenzar","status":"publish","type":"post","link":"https:\/\/diariodominicano.com\/?p=39826","title":{"rendered":"UN  INCESANTE REGRESO A RECOMENZAR"},"content":{"rendered":"<p><body><\/p>\n<p>ALGO M\u00c1S QUE PALABRAS<\/p>\n<\/p>\n<p>UN  INCESANTE REGRESO A RECOMENZAR <\/p>\n<p>\u00abLa leyenda del mundo se surte de aquello que hubiera sido evitable\u00bb<\/p>\n<\/p>\n<p>=============================<\/p>\n<p>V\u00edctor CORCOBA HERRERO\/ Escritor<\/p>\n<p>corcoba@telefonica.net\t<\/p>\n<p>============================= <\/p>\n<\/p>\n<p>\tLa historia nos pertenece, pero despoj\u00e9monos de aquellos guiones de terror, no los repitamos jam\u00e1s. Tenemos que aprender del camino recorrido. La lecci\u00f3n de los hechos formar\u00e1 parte de los sentimientos, del gui\u00f3n de las vivencias, de nuestra propia continuidad como linaje, pero hemos de mejorar cada d\u00eda y no repetir atrocidades que nos destruyen a todos. Esta es la gran asignatura pendiente, la de ser continuadores de la especie, enmendando los errores y transform\u00e1ndonos en seres con m\u00e1s coraz\u00f3n que coraza. De ah\u00ed, lo transcendente que son los archivos audiovisuales, verdaderos tratados vivientes de nuestra casa com\u00fan. Precisamente, ahora, que celebramos el D\u00eda Mundial del Patrimonio Audiovisual (27 de octubre), ha de ser una ocasi\u00f3n propicia, ya no solo para preservarlo, sino tambi\u00e9n para compartirlo, pues son la libre circulaci\u00f3n de las ideas mediante la palabra y la imagen, las que han de despertarnos por dentro y hacernos m\u00e1s libres y aut\u00e9nticos; en la medida en la que son estampas vivenciales para la reflexi\u00f3n y la continuidad de la conciencia humana.   <\/p>\n<\/p>\n<p>\tEn efecto, cada generaci\u00f3n lleva consigo, un incesante regreso a recomenzar, a volver a empezar los andares, pero olvidar sus ra\u00edces ser\u00eda como despojarse de nuestro ser, puesto que necesitamos hacer memoria, sentirnos parte de ese tronco com\u00fan. La vida se enra\u00edza con el pasado, y es verdad que tiene su recorrido, pero es fundamental recordar el bien recibido con la gratitud de la bondad. Sin esta evocaci\u00f3n nos desarraigamos del terreno que nos sustenta y seremos como t\u00edteres llevados por el viento, siempre perdidos, desorientados, y sin apoyo alguno. La soledad impuesta as\u00ed, o tomada de este modo, nos deja sin historia, cuando lo que necesitan nuestras habitaciones interiores son sentirse acompa\u00f1adas por el respirar de su pueblo. En ese memorial de luces y sombras, el D\u00eda Mundial del Patrimonio Audiovisual; indudablemente, ha de contribuir con su papel documental a la meditaci\u00f3n m\u00e1s profunda, que es la que en verdad nos reconcilia en la construcci\u00f3n de los baluartes arm\u00f3nicos en la mente de cada ser humano. Por consiguiente, estas onom\u00e1sticas no pueden pasar desapercibidas, rememorarlas es darnos permanencia y tambi\u00e9n prolongaci\u00f3n. No trunquemos l\u00edneas ni saltemos espacios. El endiosamiento nos deja sin porvenir.<\/p>\n<\/p>\n<p>\tNuestro espec\u00edfico patrimonio documental, lo que registra es el desarrollo de lo que soy, en cuanto a pensamiento y a los acontecimientos humanos, la evoluci\u00f3n y la comprensi\u00f3n del mundo. Por desgracia, vivimos una \u00e9poca de gran orfandad, de ruptura de v\u00ednculos y de falta de afectos. En ocasiones, son tantas las decepciones recibidas que nos quedamos sin verso, y ausente la palabra de nuestras vidas, no hay abecedario que nos inste a comenzar de nuevo. Una vez, perdida la esperanza es como quedarse muerto en medio del camino. De ah\u00ed, lo importante que es regenerarse cada d\u00eda, tomar aliento, hacer memoria de lo que fui y de lo que somos, repensarnos y hasta tal vez despojarnos de esa permanente negatividad que aparece muchas veces en nuestras venas. Hay que tomar fuerza de donde sea, y pensar que nada se consigue por s\u00ed mismos. M\u00e1s all\u00e1 de nuestras propias bocas que necesitan alimentarse, est\u00e1n los labios del alma que nos requieren otro esp\u00edritu m\u00e1s po\u00e9ticamente celeste que mundano. Quiz\u00e1s sea el momento, de que mostremos compa\u00f1\u00eda hacia aquellos que dormitan en el sue\u00f1o de la indiferencia, que adem\u00e1s no tienen trabajo y tampoco fuerzas para levantarse al romper el alba. Pensemos, que la leyenda del mundo se surte de aquello que hubiera sido evitable.<\/p>\n<\/p>\n<p>\tVolvamos, pues, a esa continua historia de registros, de sonidos y representaciones visuales, ahora digitalizados. Dejemos que nuestra conciencia se sorprenda de nuestros propios cap\u00edtulos hist\u00f3ricos. Por consiguiente, este D\u00eda Mundial nos ofrece la ocasi\u00f3n de redoblar nuestras energ\u00edas en favor de esta riqueza audiovisual com\u00fan, que forma parte de nuestra historia compartida, y que, sin duda, nos har\u00e1 bien al \u00e1nimo para sanarnos interiormente. No olvidemos que suelen ser los peque\u00f1os resentimientos los que destruyen la concordia. Dejemos atr\u00e1s las luchas entre nosotros. Es hora de cultivar otras batallas m\u00e1s solidarias y fraternas. T\u00e9ngase en cuenta que las epidemias, por s\u00ed mismas, tambi\u00e9n han tenido m\u00e1s influjo que los gobiernos en el devenir de nuestra historia. Ant\u00f3nio Guterres acaba de recordarnos recientemente que en \u00abun mundo de abundancia, es inconcebible que cientos de millones de personas se acuesten cada noche con hambre\u00bb y recalc\u00f3 que a esa cifra hay que a\u00f1adirle a la gente que se encuentra \u00aben el abismo de la hambruna debido a la pandemia de COVID-19\u00bb. En consecuencia, ya que estamos interconectados visualmente, demos otro paso hacia adelante, lo que nos requiere otras ocupaciones y preocupaciones, comenzado por hacer familia y sentirse parte de ella, y acabando por mejorar los ambientes con amor sincero, que es lo que en realidad nos hace comprometernos ante los problemas de los dem\u00e1s, que tambi\u00e9n son contrariedades nuestras. Este sue\u00f1o de futuro, tambi\u00e9n me emociona m\u00e1s, que la propia historia del pasado.<\/p>\n<\/p>\n<p>V\u00edctor CORCOBA HERRERO \/ Escritor<\/p>\n<p>corcoba@telefonica.net<\/p>\n<p>25 de octubre de 2020.-<\/p>\n<h6> 2020-10-26 10:44:19 <\/h6>\n<p><!--\n<link rel=\"stylesheet\" href=\"css\/bootstrap.min.css\">\n\n\n<ul class=\"pagination\">\n\t    \n\t\n\n<li >\n\t<a href='?page_no=30'>Previous<\/a>\n\t<\/li>\n\n\n       \n    \n\n<li><a href='?page_no=1'>1<\/a><\/li>\n\n\n\n<li><a href='?page_no=2'>2<\/a><\/li>\n\n\n\n<li><a>...<\/a><\/li>\n\n\n\n<li><a href='?page_no=29'>29<\/a><\/li>\n\n\n\n<li><a href='?page_no=30'>30<\/a><\/li>\n\n\n\n<li class='active'><a>31<\/a><\/li>\n\n\n\n<li><a href='?page_no=32'>32<\/a><\/li>\n\n\n\n<li><a href='?page_no=33'>33<\/a><\/li>\n\n\n\n<li><a>...<\/a><\/li>\n\n\n\n<li><a href='?page_no=13611'>13611<\/a><\/li>\n\n\n\n<li><a href='?page_no=13612'>13612<\/a><\/li>\n\n    \n\t\n\n<li >\n\t<a href='?page_no=32'>Next<\/a>\n\t<\/li>\n\n\n    \n\n<li><a href='?page_no=13612'>Last &rsaquo;&rsaquo;<\/a><\/li>\n\n<\/ul>\n\n\n--><br \/>\n<\/body><\/p>\n","protected":false},"excerpt":{"rendered":"<p>ALGO M\u00c1S QUE PALABRAS UN INCESANTE REGRESO A RECOMENZAR \u00abLa leyenda del mundo se surte de aquello que hubiera sido evitable\u00bb ============================= V\u00edctor CORCOBA HERRERO\/ Escritor corcoba@telefonica.net ============================= La historia nos pertenece, pero despoj\u00e9monos de aquellos guiones de terror, no los repitamos jam\u00e1s. Tenemos que aprender del camino recorrido. La lecci\u00f3n de los hechos formar\u00e1 [&hellip;]<\/p>\n","protected":false},"author":3,"featured_media":0,"comment_status":"open","ping_status":"open","sticky":false,"template":"","format":"standard","meta":{"footnotes":""},"categories":[16],"tags":[],"class_list":["post-39826","post","type-post","status-publish","format-standard","hentry","category-opiniones"],"_links":{"self":[{"href":"https:\/\/diariodominicano.com\/index.php?rest_route=\/wp\/v2\/posts\/39826","targetHints":{"allow":["GET"]}}],"collection":[{"href":"https:\/\/diariodominicano.com\/index.php?rest_route=\/wp\/v2\/posts"}],"about":[{"href":"https:\/\/diariodominicano.com\/index.php?rest_route=\/wp\/v2\/types\/post"}],"author":[{"embeddable":true,"href":"https:\/\/diariodominicano.com\/index.php?rest_route=\/wp\/v2\/users\/3"}],"replies":[{"embeddable":true,"href":"https:\/\/diariodominicano.com\/index.php?rest_route=%2Fwp%2Fv2%2Fcomments&post=39826"}],"version-history":[{"count":0,"href":"https:\/\/diariodominicano.com\/index.php?rest_route=\/wp\/v2\/posts\/39826\/revisions"}],"wp:attachment":[{"href":"https:\/\/diariodominicano.com\/index.php?rest_route=%2Fwp%2Fv2%2Fmedia&parent=39826"}],"wp:term":[{"taxonomy":"category","embeddable":true,"href":"https:\/\/diariodominicano.com\/index.php?rest_route=%2Fwp%2Fv2%2Fcategories&post=39826"},{"taxonomy":"post_tag","embeddable":true,"href":"https:\/\/diariodominicano.com\/index.php?rest_route=%2Fwp%2Fv2%2Ftags&post=39826"}],"curies":[{"name":"wp","href":"https:\/\/api.w.org\/{rel}","templated":true}]}}