{"id":398053,"date":"2022-11-17T20:53:38","date_gmt":"2022-11-18T00:53:38","guid":{"rendered":"http:\/\/diariodominicano.com\/?p=398053"},"modified":"2022-11-17T20:53:38","modified_gmt":"2022-11-18T00:53:38","slug":"fiscalia-de-santiago-obtiene-prision-preventiva-contra-agente-de-la-policia-que-mato-a-civil","status":"publish","type":"post","link":"https:\/\/diariodominicano.com\/?p=398053","title":{"rendered":"Fiscal\u00eda de Santiago obtiene prisi\u00f3n preventiva contra agente de la Polic\u00eda que mat\u00f3 a civil"},"content":{"rendered":"\n<p>diariodominicano.com<\/p>\n\n\n\n<p>Santiago, R. D., 17 de noviembre, 2022.- La Oficina Judicial de Servicios de Atenci\u00f3n Permanente de esta demarcaci\u00f3n acept\u00f3 la solicitud del Ministerio P\u00fablico e impuso tres meses de prisi\u00f3n preventiva, como medida de coerci\u00f3n, a un agente de la Polic\u00eda Nacional imputado de matar a un joven de 21 a\u00f1os en el ensanche Gregorio Luper\u00f3n.<\/p>\n\n\n\n<p>El \u00f3rgano acusador se\u00f1ala como imputado de homicidio voluntario a Smolin S\u00e1nchez Montero, un raso de la Polic\u00eda Nacional que dispar\u00f3 deliberadamente, provocando la muerte de Jalfany Albert Reynoso Trinidad, de 21 a\u00f1os, en medio de una supuesta persecuci\u00f3n a un presunto delincuente.<\/p>\n\n\n\n<p>Las investigaciones realizadas por la Fiscal\u00eda permitieron identificar a S\u00e1nchez Montero como el agente que, usando un arma de fuego tipo pistola marca Taurus calibre 9 mil\u00edmetros, dispar\u00f3 contra la v\u00edctima.<\/p>\n\n\n\n<p>El documento de solicitud de medida consta de numerosas pruebas materiales, documentales y testimoniales.<\/p>\n\n\n\n<p>El Ministerio P\u00fablico, encabezado por el fiscal titular Osvaldo Bonilla, plantea que la muerte del joven Reynoso Trinidad se debi\u00f3 a un uso desmedido de la fuerza y una violaci\u00f3n flagrante a los protocolos de actuaci\u00f3n de la instituci\u00f3n del orden.<\/p>\n\n\n\n<p>Por ello, asegur\u00f3 que el hecho, sin importar la procedencia de quien lo ha cometido, deber\u00e1 ser sancionado como lo establece la legislaci\u00f3n dominicana.<\/p>\n\n\n\n<p>La Fiscal\u00eda de Santiago formul\u00f3 contra el imputado la violaci\u00f3n a los art\u00edculos 295 y 304 del C\u00f3digo Penal Dominicano, que penalizan el homicidio voluntario.<\/p>\n\n\n\n<p>Fuente:  <strong>Direcci\u00f3n de Comunicaci\u00f3n y Prensa<\/strong><\/p>\n\n\n\n<p><strong>Procuradur\u00eda General-Ministerio P\u00fablico RD<\/strong><\/p>\n\n\n\n<p><strong>Mi\u00e9rcoles, 16 de noviembre del 2022<\/strong><\/p>\n","protected":false},"excerpt":{"rendered":"<p>diariodominicano.com Santiago, R. D., 17 de noviembre, 2022.- La Oficina Judicial de Servicios de Atenci\u00f3n Permanente de esta demarcaci\u00f3n acept\u00f3 la solicitud del Ministerio P\u00fablico e impuso tres meses de prisi\u00f3n preventiva, como medida de coerci\u00f3n, a un agente de la Polic\u00eda Nacional imputado de matar a un joven de 21 a\u00f1os en el ensanche [&hellip;]<\/p>\n","protected":false},"author":5,"featured_media":285115,"comment_status":"closed","ping_status":"","sticky":true,"template":"","format":"standard","meta":{"footnotes":""},"categories":[29,27],"tags":[],"class_list":["post-398053","post","type-post","status-publish","format-standard","has-post-thumbnail","hentry","category-policiasucesos","category-portada"],"_links":{"self":[{"href":"https:\/\/diariodominicano.com\/index.php?rest_route=\/wp\/v2\/posts\/398053","targetHints":{"allow":["GET"]}}],"collection":[{"href":"https:\/\/diariodominicano.com\/index.php?rest_route=\/wp\/v2\/posts"}],"about":[{"href":"https:\/\/diariodominicano.com\/index.php?rest_route=\/wp\/v2\/types\/post"}],"author":[{"embeddable":true,"href":"https:\/\/diariodominicano.com\/index.php?rest_route=\/wp\/v2\/users\/5"}],"replies":[{"embeddable":true,"href":"https:\/\/diariodominicano.com\/index.php?rest_route=%2Fwp%2Fv2%2Fcomments&post=398053"}],"version-history":[{"count":1,"href":"https:\/\/diariodominicano.com\/index.php?rest_route=\/wp\/v2\/posts\/398053\/revisions"}],"predecessor-version":[{"id":398054,"href":"https:\/\/diariodominicano.com\/index.php?rest_route=\/wp\/v2\/posts\/398053\/revisions\/398054"}],"wp:featuredmedia":[{"embeddable":true,"href":"https:\/\/diariodominicano.com\/index.php?rest_route=\/wp\/v2\/media\/285115"}],"wp:attachment":[{"href":"https:\/\/diariodominicano.com\/index.php?rest_route=%2Fwp%2Fv2%2Fmedia&parent=398053"}],"wp:term":[{"taxonomy":"category","embeddable":true,"href":"https:\/\/diariodominicano.com\/index.php?rest_route=%2Fwp%2Fv2%2Fcategories&post=398053"},{"taxonomy":"post_tag","embeddable":true,"href":"https:\/\/diariodominicano.com\/index.php?rest_route=%2Fwp%2Fv2%2Ftags&post=398053"}],"curies":[{"name":"wp","href":"https:\/\/api.w.org\/{rel}","templated":true}]}}