{"id":398017,"date":"2022-11-17T19:32:01","date_gmt":"2022-11-17T23:32:01","guid":{"rendered":"http:\/\/diariodominicano.com\/?p=398017"},"modified":"2022-11-17T19:32:01","modified_gmt":"2022-11-17T23:32:01","slug":"automovil-atropella-dos-miembros-de-las-fuerzas-armadas-en-pedernales","status":"publish","type":"post","link":"https:\/\/diariodominicano.com\/?p=398017","title":{"rendered":"Autom\u00f3vil atropella dos miembros de las Fuerzas Armadas en Pedernales"},"content":{"rendered":"\n<p>diariodominicano.com<\/p>\n\n\n\n<p><strong>Pedernales, R. D.,  17 de noviembre, 2022.-<\/strong>\u00a0Dos miembros de las Fuerzas Armadas dominicanas fueron impactados por un autom\u00f3vil en la calle Libertad cuando regresaban en una motocicleta, de la supervisi\u00f3n de la seguridad en la construcci\u00f3n de la verja fronteriza, a su estaci\u00f3n de servicio.<\/p>\n\n\n\n<p>Los afectados son el Cabo ALEXANDER FLORI\u00c1N P\u00c9REZ, ARD., asignado a la Seguridad para la construcci\u00f3n de la verja fronteriza inteligente entre la Rep\u00fablica Dominicana y la Rep\u00fablica de Hait\u00ed en la provincia Pedernales y el Raso \u00c1NGEL FELIZ MIGUEL, ERD, miembro del Cuerpo Especializado de Seguridad Fronteriza Terrestre (CESFRONT).<\/p>\n\n\n\n<p>Ambos sufrieron trauma craneoencef\u00e1lico y golpes en otras partes del cuerpo. Fueron referidos al Hospital Regional Universitario Jaime Mota de Barahona.<\/p>\n\n\n\n<p>El auto marca Hyundai Sonata placa A954074, conducido por Cristian Manuel Ure\u00f1a Pimentel, impact\u00f3 la motocicleta militar, al este salir de manera descuidada de la Estaci\u00f3n Tr\u00f3picas ubicada en la calle Libertad.<\/p>\n\n\n\n<p>\u201cEn medios digitales se difundi\u00f3 que las lesiones del cabo Flori\u00e1n y del raso Feliz fueron producidas en un ataque de nacionales haitianos, pero lo cierto es que ambos fueron impactados el mi\u00e9rcoles 16 de noviembre, en horas de la noche, por el auto antes indicado cuando regresaban a la Base de Operaciones Fronterizas General Antonio Duverg\u00e9\u201d, en esa provincia.<\/p>\n\n\n\n<p>Fuente:  <strong><em>Departamento de Prensa<\/em><\/strong><\/p>\n\n\n\n<p><em><strong>Direcci\u00f3n de Asuntos Civiles del Estado Mayor Conjunto, J5<\/strong><\/em><\/p>\n\n\n\n<p><em><strong>Ministerio de Defensa de Rep\u00fablica Dominicana<\/strong><\/em><\/p>\n\n\n\n<figure class=\"wp-block-table\"><table><tbody><tr><td><strong>Prensa Mide<\/strong><\/td><\/tr><\/tbody><\/table><\/figure>\n","protected":false},"excerpt":{"rendered":"<p>diariodominicano.com Pedernales, R. D., 17 de noviembre, 2022.-\u00a0Dos miembros de las Fuerzas Armadas dominicanas fueron impactados por un autom\u00f3vil en la calle Libertad cuando regresaban en una motocicleta, de la supervisi\u00f3n de la seguridad en la construcci\u00f3n de la verja fronteriza, a su estaci\u00f3n de servicio. Los afectados son el Cabo ALEXANDER FLORI\u00c1N P\u00c9REZ, ARD., [&hellip;]<\/p>\n","protected":false},"author":5,"featured_media":398018,"comment_status":"closed","ping_status":"","sticky":true,"template":"","format":"standard","meta":{"footnotes":""},"categories":[20,29,27],"tags":[],"class_list":["post-398017","post","type-post","status-publish","format-standard","has-post-thumbnail","hentry","category-dominicana-hoy","category-policiasucesos","category-portada"],"_links":{"self":[{"href":"https:\/\/diariodominicano.com\/index.php?rest_route=\/wp\/v2\/posts\/398017","targetHints":{"allow":["GET"]}}],"collection":[{"href":"https:\/\/diariodominicano.com\/index.php?rest_route=\/wp\/v2\/posts"}],"about":[{"href":"https:\/\/diariodominicano.com\/index.php?rest_route=\/wp\/v2\/types\/post"}],"author":[{"embeddable":true,"href":"https:\/\/diariodominicano.com\/index.php?rest_route=\/wp\/v2\/users\/5"}],"replies":[{"embeddable":true,"href":"https:\/\/diariodominicano.com\/index.php?rest_route=%2Fwp%2Fv2%2Fcomments&post=398017"}],"version-history":[{"count":1,"href":"https:\/\/diariodominicano.com\/index.php?rest_route=\/wp\/v2\/posts\/398017\/revisions"}],"predecessor-version":[{"id":398019,"href":"https:\/\/diariodominicano.com\/index.php?rest_route=\/wp\/v2\/posts\/398017\/revisions\/398019"}],"wp:featuredmedia":[{"embeddable":true,"href":"https:\/\/diariodominicano.com\/index.php?rest_route=\/wp\/v2\/media\/398018"}],"wp:attachment":[{"href":"https:\/\/diariodominicano.com\/index.php?rest_route=%2Fwp%2Fv2%2Fmedia&parent=398017"}],"wp:term":[{"taxonomy":"category","embeddable":true,"href":"https:\/\/diariodominicano.com\/index.php?rest_route=%2Fwp%2Fv2%2Fcategories&post=398017"},{"taxonomy":"post_tag","embeddable":true,"href":"https:\/\/diariodominicano.com\/index.php?rest_route=%2Fwp%2Fv2%2Ftags&post=398017"}],"curies":[{"name":"wp","href":"https:\/\/api.w.org\/{rel}","templated":true}]}}