{"id":397969,"date":"2022-11-17T00:00:32","date_gmt":"2022-11-17T04:00:32","guid":{"rendered":"http:\/\/diariodominicano.com\/?p=397969"},"modified":"2022-11-17T00:00:32","modified_gmt":"2022-11-17T04:00:32","slug":"dominicanos-nacidos-en-eua-ostentan-diferentes-rangos-en-policia-rd","status":"publish","type":"post","link":"https:\/\/diariodominicano.com\/?p=397969","title":{"rendered":"Dominicanos nacidos en EUA ostentan diferentes rangos en Polic\u00eda RD"},"content":{"rendered":"\n<p><strong>Video:&nbsp;<\/strong><a href=\"https:\/\/www.youtube.com\/watch?v=bvZNKw299Yc\" rel=\"noreferrer noopener\" target=\"_blank\">https:\/\/www.youtube.com\/watch?v=bvZNKw299Yc<\/a><\/p>\n\n\n\n<p><strong>Por Ram\u00f3n Mercedes<\/strong><\/p>\n\n\n\n<p><strong>NUEVA YORK.-&nbsp;&nbsp;<\/strong>La Polic\u00eda Nacional de la Rep\u00fablica Dominicana posee en sus filas varios miembros nacidos en los Estados Unidos en diferentes rangos, y por el dominio perfecto del idioma ingl\u00e9s se ha abierto entre la uniformada de NYC y la dominicana el compartir m\u00e1s informaciones, pudiendo contrarrestar cada incidente dominico-americano.<\/p>\n\n\n\n<p>As\u00ed lo declar\u00f3 el teniente coronel de la PN, Roberto Lerebours, enlace policial de RD con el NYPD, junto al primer teniente Adams Oleaga, al participar ambos como invitados especiales y ser reconocidos en la Cena-Gala que ofreciera el pasado fin de semana La Alianza Global de Profesionales Hispanos de Aplicaci\u00f3n de la Ley (GAHLEP), en El Bronx.<\/p>\n\n\n\n<p>Por primera vez, en esta gesti\u00f3n del director de la PN, mayor general Eduardo Alberto Then, se ha abierto una l\u00ednea de comunicaci\u00f3n que no exist\u00eda, se ha enviado un equipo de enlaces biling\u00fces, algunos nacidos en EE. UU. que fueron a la academia de la Polic\u00eda en RD, precis\u00f3 el alto oficial.<\/p>\n\n\n\n<p>\u201cO sea, preparaci\u00f3n hay. Est\u00e1 el idioma, que ha abierto entre la Polic\u00eda de NY y RD se compartan m\u00e1s informaciones para contrarrestar cada incidente dominico-americano\u201d, indic\u00f3.<\/p>\n\n\n\n<p>Cit\u00f3 que aparte de las investigaciones criminales que manejan con cualquier incidencia que tenga un dominicano, se han resuelto casos de recuperaci\u00f3n de veh\u00edculos robados y el crimen organizado; se han conseguido millones de pesos a trav\u00e9s de la oficina de gestiones de enlace y la oficina internacional.<\/p>\n\n\n\n<p>Cada d\u00eda se est\u00e1n fortaleciendo las relaciones entre ambas instituciones, puntualiz\u00f3 el teniente coronel Lerebours, nacido en el condado de El Bronx.<\/p>\n\n\n\n<p>Al evento tambi\u00e9n asisti\u00f3 una delegaci\u00f3n de la Polic\u00eda de Panam\u00e1, encabezada por&nbsp;&nbsp;<\/p>\n\n\n\n<p>el comandante de \u201cLa Primera Brigada Darien\u201d (SENAFRONT), general de brigada Alexis E. Bethancourt Yau, reconocido en el acto.<\/p>\n\n\n\n<p>Asimismo, el ministro de Seguridad P\u00fablica, Gobernaci\u00f3n y Polic\u00eda de Costa Rica, Jorge Luis Torres Carrillo (quien no pudo asistir a \u00faltima hora por compromisos atinentes a su investidura) pero un alto oficial de ese pa\u00eds recibi\u00f3 su reconocimiento.<\/p>\n\n\n\n<p>Tambi\u00e9n fueron reconocidos a nivel local, el teniente Juan D\u00edaz de One Police Plaza; el detective primer grado y enlace de NYPD con la RD, Fausto Garc\u00eda; el oficial Euris Paulino como miembro del a\u00f1o y elegido vicepresidente de GAHLEP.<\/p>\n\n\n\n<p>Tambi\u00e9n, a Wendy Garc\u00eda, comisionada de equidad e inclusi\u00f3n de NYPD; Steven Grosvenor, oficial de Polic\u00eda en Coop City; y a Jeannine Ram\u00edrez, como periodista del a\u00f1o.<\/p>\n\n\n\n<p>A nivel nacional fueron reconocidos Vionett Mart\u00ednez, detective para casos por resolver en la ciudad de Yonkers-Westchester; y Richard Acevedo, jefe adjunto de protecci\u00f3n fronteriza aduanera de EE. UU.<\/p>\n\n\n\n<p>Al evento asistieron unos 300 invitados y fue celebrado en los exclusivos salones de Beverly Hills Manor, ubicado en el 1700 de la avenida Jerome, entre las calles 174 y 175 en El Bronx, con m\u00fasica bailable, diferentes bebidas y un suculento bufete.<\/p>\n","protected":false},"excerpt":{"rendered":"<p>Video:&nbsp;https:\/\/www.youtube.com\/watch?v=bvZNKw299Yc Por Ram\u00f3n Mercedes NUEVA YORK.-&nbsp;&nbsp;La Polic\u00eda Nacional de la Rep\u00fablica Dominicana posee en sus filas varios miembros nacidos en los Estados Unidos en diferentes rangos, y por el dominio perfecto del idioma ingl\u00e9s se ha abierto entre la uniformada de NYC y la dominicana el compartir m\u00e1s informaciones, pudiendo contrarrestar cada incidente dominico-americano. As\u00ed [&hellip;]<\/p>\n","protected":false},"author":28,"featured_media":397970,"comment_status":"closed","ping_status":"","sticky":true,"template":"","format":"standard","meta":{"footnotes":""},"categories":[36,29,27],"tags":[],"class_list":["post-397969","post","type-post","status-publish","format-standard","has-post-thumbnail","hentry","category-hombresmujeresycosas","category-policiasucesos","category-portada"],"_links":{"self":[{"href":"https:\/\/diariodominicano.com\/index.php?rest_route=\/wp\/v2\/posts\/397969","targetHints":{"allow":["GET"]}}],"collection":[{"href":"https:\/\/diariodominicano.com\/index.php?rest_route=\/wp\/v2\/posts"}],"about":[{"href":"https:\/\/diariodominicano.com\/index.php?rest_route=\/wp\/v2\/types\/post"}],"author":[{"embeddable":true,"href":"https:\/\/diariodominicano.com\/index.php?rest_route=\/wp\/v2\/users\/28"}],"replies":[{"embeddable":true,"href":"https:\/\/diariodominicano.com\/index.php?rest_route=%2Fwp%2Fv2%2Fcomments&post=397969"}],"version-history":[{"count":1,"href":"https:\/\/diariodominicano.com\/index.php?rest_route=\/wp\/v2\/posts\/397969\/revisions"}],"predecessor-version":[{"id":397971,"href":"https:\/\/diariodominicano.com\/index.php?rest_route=\/wp\/v2\/posts\/397969\/revisions\/397971"}],"wp:featuredmedia":[{"embeddable":true,"href":"https:\/\/diariodominicano.com\/index.php?rest_route=\/wp\/v2\/media\/397970"}],"wp:attachment":[{"href":"https:\/\/diariodominicano.com\/index.php?rest_route=%2Fwp%2Fv2%2Fmedia&parent=397969"}],"wp:term":[{"taxonomy":"category","embeddable":true,"href":"https:\/\/diariodominicano.com\/index.php?rest_route=%2Fwp%2Fv2%2Fcategories&post=397969"},{"taxonomy":"post_tag","embeddable":true,"href":"https:\/\/diariodominicano.com\/index.php?rest_route=%2Fwp%2Fv2%2Ftags&post=397969"}],"curies":[{"name":"wp","href":"https:\/\/api.w.org\/{rel}","templated":true}]}}