{"id":39793,"date":"2020-02-17T01:22:13","date_gmt":"2020-02-17T01:22:13","guid":{"rendered":"http:\/\/diariodominicano.ddns.net\/?p=39793"},"modified":"2020-02-17T01:22:13","modified_gmt":"2020-02-17T01:22:13","slug":"leonel-tenia-razon","status":"publish","type":"post","link":"https:\/\/diariodominicano.com\/?p=39793","title":{"rendered":"!Leonel ten\u00eda raz\u00f3n!"},"content":{"rendered":"<p><body><\/p>\n<p><strong>!Leonel ten\u00eda raz\u00f3n!<\/strong><\/p>\n<p><strong>Franklin Almeyda Rancier  | 17 febrero, 2020<\/strong><\/p>\n<p>La JCE al verse obligada a abortar el proceso comicial municipal, coloc\u00f3 al dr. Leonel Fern\u00e1ndez, en el imaginario de los dominicanos, como un aut\u00e9ntico defensor de la transparencia, pulcritud pol\u00edtica y defensa de la expresi\u00f3n popular. La desconfiguraci\u00f3n del sistema de votaci\u00f3n electr\u00f3nica es un dislocamiento de las boletas electr\u00f3nicas y a\u00fan no se sabe si hubo tambi\u00e9n un dislocamiento de la data del padr\u00f3n electoral de esos 82% colegios electorales donde no pudo ni iniciarse el sufragio.<\/p>\n<\/p>\n<p>Si fue un error de la configuraci\u00f3n, y no una intervenci\u00f3n en el sistema, los funcionarios t\u00e9cnicos de la JCE fueron muy incapaces. Lo que llam\u00f3 la atenci\u00f3n a todos los partidos de oposici\u00f3n fue que la JCE envi\u00f3 a los t\u00e9cnicos a los recintos de votaci\u00f3n, a manipular los equipos para \u00abcorregir el error\u00bb, sin hacerse acompa\u00f1ar de los delegados t\u00e9cnicos de las organizaciones pol\u00edticas participantes.<\/p>\n<\/p>\n<p>Peor a\u00fan, nada les dijeron a los t\u00e9cnicos de IFES ni a los de la OEA. La informaci\u00f3n a esas dos instituciones que acompa\u00f1an a la JCE, fueron dadas por el bloque de partidos de la oposici\u00f3n, los cuales fueron tan sorprendidos, como ha sido la opini\u00f3n nacional.<\/p>\n<\/p>\n<p>Leonel ten\u00eda raz\u00f3n y la irracionalidad del Pleno de la JCE, incluyendo sus directores t\u00e9cnicos, los han llevado a un comportamiento que en nada se diferencia con las actitudes de los dirigentes principales del Palacio y del PLD, que creen que desde el Poder todo se puede.<\/p>\n<\/p>\n<p>La Comisi\u00f3n de Observaci\u00f3n de la OEA est\u00e1 encabezada por el expresidente observaci\u00f3n Eduardo Alfredo Frei Ru\u00edz-Tagle, quien fue el segundo Presidente de Chile, 1994 al 2000, que sustituy\u00f3 a Patricio Aylwin Az\u00f3car, quien a su vez fue el primer Presidente democr\u00e1tico propuesto por la \u00abConcertaci\u00f3n de Partidos por la Democracia\u00bb, que hizo posible sacar al dictador general Augusto Pinochet del gobierno.<\/p>\n<\/p>\n<p>El jueves 13 pasado acompa\u00f1\u00e9, junto a otros compa\u00f1eros, al dr. Leonel Fern\u00e1ndez a una entrevista con la Comisi\u00f3n de Observaci\u00f3n de la OEA. El d\u00eda anterior, toda la oposici\u00f3n hab\u00eda entregado un documento con los aspectos m\u00e1s relevantes del comportamiento preocupante de la JCE y del gobierno.<\/p>\n<\/p>\n<p>Fue oportunidad de oro, por la experiencia en su pa\u00eds, enfatizar que todos los partidos de oposici\u00f3n juntos suscribieron el documento que le fue entregado.<\/p>\n<\/p>\n<p>Haciendo una semejanza con lo que hizo la \u00abConcertaci\u00f3n de Partidos por la Democracia\u00bb en Chile, pero siendo cuidadoso de no expresarlo directamente, reiter\u00e9 que ten\u00eda mucho sentido que toda la oposici\u00f3n estuviera de acuerdo y compactada en medio de un proceso electoral.<\/p>\n<\/p>\n<p>Sin dudas, lo que hizo la oposici\u00f3n chilena al comprometerse en una \u00abConcertaci\u00f3n de Partidos por la Democracia\u00bb les dio resultado, puesto que pudieron sacar del gobierno al dictador Pinochet. \u00c9ste hab\u00eda tomado el poder derrocando al dr. Salvador Allende, quien fue asesinado en medio de la acci\u00f3n el 11 de septiembre del 1973.<\/p>\n<\/p>\n<p>En este proceso comicial abortado por las irregularidades provocadas por la incapacidad de la JCE, los partidos de la oposici\u00f3n han salido fortalecidos y el pa\u00eds se ha sentido protegido porque sus l\u00edderes han jugado su rol.<\/p>\n<\/p>\n<p>Entre esos l\u00edderes se destaca la figura de Leonel, que no s\u00f3lo ten\u00eda la raz\u00f3n, sino que adem\u00e1s ha logrado unificar la oposici\u00f3n, a\u00fan en la diversidad. Ahora corresponde concurrir a los eventos electorales con \u00e9xito.<\/p>\n<\/p>\n<p><strong>El autor fue miembro del CP del PLD, ex Ministro de Interior y ex Rector de la UASD.<\/strong><\/p>\n<\/p>\n<h6> 2020-02-17 01:22:13 <\/h6>\n<p><!--\n<link rel=\"stylesheet\" href=\"css\/bootstrap.min.css\">\n\n\n<ul class=\"pagination\">\n\t    \n\t\n\n<li >\n\t<a href='?page_no=306'>Previous<\/a>\n\t<\/li>\n\n\n       \n    \n\n<li><a href='?page_no=1'>1<\/a><\/li>\n\n\n\n<li><a href='?page_no=2'>2<\/a><\/li>\n\n\n\n<li><a>...<\/a><\/li>\n\n\n\n<li><a href='?page_no=305'>305<\/a><\/li>\n\n\n\n<li><a href='?page_no=306'>306<\/a><\/li>\n\n\n\n<li class='active'><a>307<\/a><\/li>\n\n\n\n<li><a href='?page_no=308'>308<\/a><\/li>\n\n\n\n<li><a href='?page_no=309'>309<\/a><\/li>\n\n\n\n<li><a>...<\/a><\/li>\n\n\n\n<li><a href='?page_no=13611'>13611<\/a><\/li>\n\n\n\n<li><a href='?page_no=13612'>13612<\/a><\/li>\n\n    \n\t\n\n<li >\n\t<a href='?page_no=308'>Next<\/a>\n\t<\/li>\n\n\n    \n\n<li><a href='?page_no=13612'>Last &rsaquo;&rsaquo;<\/a><\/li>\n\n<\/ul>\n\n\n--><br \/>\n<\/body><\/p>\n","protected":false},"excerpt":{"rendered":"<p>!Leonel ten\u00eda raz\u00f3n! Franklin Almeyda Rancier | 17 febrero, 2020 La JCE al verse obligada a abortar el proceso comicial municipal, coloc\u00f3 al dr. Leonel Fern\u00e1ndez, en el imaginario de los dominicanos, como un aut\u00e9ntico defensor de la transparencia, pulcritud pol\u00edtica y defensa de la expresi\u00f3n popular. La desconfiguraci\u00f3n del sistema de votaci\u00f3n electr\u00f3nica es [&hellip;]<\/p>\n","protected":false},"author":3,"featured_media":0,"comment_status":"open","ping_status":"open","sticky":false,"template":"","format":"standard","meta":{"footnotes":""},"categories":[16],"tags":[],"class_list":["post-39793","post","type-post","status-publish","format-standard","hentry","category-opiniones"],"_links":{"self":[{"href":"https:\/\/diariodominicano.com\/index.php?rest_route=\/wp\/v2\/posts\/39793","targetHints":{"allow":["GET"]}}],"collection":[{"href":"https:\/\/diariodominicano.com\/index.php?rest_route=\/wp\/v2\/posts"}],"about":[{"href":"https:\/\/diariodominicano.com\/index.php?rest_route=\/wp\/v2\/types\/post"}],"author":[{"embeddable":true,"href":"https:\/\/diariodominicano.com\/index.php?rest_route=\/wp\/v2\/users\/3"}],"replies":[{"embeddable":true,"href":"https:\/\/diariodominicano.com\/index.php?rest_route=%2Fwp%2Fv2%2Fcomments&post=39793"}],"version-history":[{"count":0,"href":"https:\/\/diariodominicano.com\/index.php?rest_route=\/wp\/v2\/posts\/39793\/revisions"}],"wp:attachment":[{"href":"https:\/\/diariodominicano.com\/index.php?rest_route=%2Fwp%2Fv2%2Fmedia&parent=39793"}],"wp:term":[{"taxonomy":"category","embeddable":true,"href":"https:\/\/diariodominicano.com\/index.php?rest_route=%2Fwp%2Fv2%2Fcategories&post=39793"},{"taxonomy":"post_tag","embeddable":true,"href":"https:\/\/diariodominicano.com\/index.php?rest_route=%2Fwp%2Fv2%2Ftags&post=39793"}],"curies":[{"name":"wp","href":"https:\/\/api.w.org\/{rel}","templated":true}]}}