{"id":397918,"date":"2022-11-16T22:46:38","date_gmt":"2022-11-17T02:46:38","guid":{"rendered":"http:\/\/diariodominicano.com\/?p=397918"},"modified":"2022-11-16T22:48:59","modified_gmt":"2022-11-17T02:48:59","slug":"fiscalia-y-policia-detras-de-homicidas-de-empleado-del-sistema-de-prisiones-en-santiago","status":"publish","type":"post","link":"https:\/\/diariodominicano.com\/?p=397918","title":{"rendered":"Fiscal\u00eda y Polic\u00eda detr\u00e1s de homicidas de empleado del sistema de prisiones en Santiago"},"content":{"rendered":"\n<p><\/p>\n\n\n\n<p>SANTIAGO (Rep\u00fablica Dominicana).- El Ministerio P\u00fablico y la Polic\u00eda Nacional persiguen a los asaltantes que le quitaron la vida a un empleado de la Direcci\u00f3n General de Servicios Penitenciarios y Correccionales (DGSPC) que laboraba en el Centro de Atenci\u00f3n y Privaci\u00f3n de Libertad Provisional (Caplip 3), del Palacio de Justicia en Santiago.<\/p>\n\n\n\n<p>Leonardo Antonio Fern\u00e1ndez Reyes, de 45 a\u00f1os de edad y padre de tres hijos, conduc\u00eda su autom\u00f3vil, un Kia, modelo K5, por la calle 9 del barrio El Semillero, en Cienfuegos, del distrito municipal Santiago Oeste, pr\u00f3ximo a su residencia, cuando fue interceptado por desconocidos que se lo llevaron en su veh\u00edculo.<\/p>\n\n\n\n<p>Las investigaciones preliminares dan cuenta de que la v\u00edctima retornaba a su casa despu\u00e9s de haber llevado a una vecina embarazada a un centro de salud.<\/p>\n\n\n\n<p>Fern\u00e1ndez Reyes fue encontrado gravemente herido en una zona apartada y falleci\u00f3 pocas horas despu\u00e9s en el Hospital Presidente Estrella Ure\u00f1a de Santiago.<\/p>\n\n\n\n<p>El fiscal Osvaldo Bonilla deplor\u00f3 el hecho, al asegurar a los familiares de Fern\u00e1ndez Reyes que las autoridades hacen todos los esfuerzos para dar con los responsables del crimen.<\/p>\n\n\n\n<p> <strong>Comunicaciones Prensa PGR<\/strong> <\/p>\n\n\n\n<p><strong>Direcci\u00f3n de Comunicaci\u00f3n y Prensa<\/strong><\/p>\n\n\n\n<p><strong>Procuradur\u00eda General-Ministerio P\u00fablico RD<\/strong><\/p>\n\n\n\n<p><strong>Mi\u00e9rcoles, 16 de noviembre del 2022<\/strong><\/p>\n","protected":false},"excerpt":{"rendered":"<p>SANTIAGO (Rep\u00fablica Dominicana).- El Ministerio P\u00fablico y la Polic\u00eda Nacional persiguen a los asaltantes que le quitaron la vida a un empleado de la Direcci\u00f3n General de Servicios Penitenciarios y Correccionales (DGSPC) que laboraba en el Centro de Atenci\u00f3n y Privaci\u00f3n de Libertad Provisional (Caplip 3), del Palacio de Justicia en Santiago. Leonardo Antonio Fern\u00e1ndez [&hellip;]<\/p>\n","protected":false},"author":28,"featured_media":340845,"comment_status":"closed","ping_status":"","sticky":true,"template":"","format":"standard","meta":{"footnotes":""},"categories":[24,29,27],"tags":[],"class_list":["post-397918","post","type-post","status-publish","format-standard","has-post-thumbnail","hentry","category-justicia-y-derecho","category-policiasucesos","category-portada"],"_links":{"self":[{"href":"https:\/\/diariodominicano.com\/index.php?rest_route=\/wp\/v2\/posts\/397918","targetHints":{"allow":["GET"]}}],"collection":[{"href":"https:\/\/diariodominicano.com\/index.php?rest_route=\/wp\/v2\/posts"}],"about":[{"href":"https:\/\/diariodominicano.com\/index.php?rest_route=\/wp\/v2\/types\/post"}],"author":[{"embeddable":true,"href":"https:\/\/diariodominicano.com\/index.php?rest_route=\/wp\/v2\/users\/28"}],"replies":[{"embeddable":true,"href":"https:\/\/diariodominicano.com\/index.php?rest_route=%2Fwp%2Fv2%2Fcomments&post=397918"}],"version-history":[{"count":2,"href":"https:\/\/diariodominicano.com\/index.php?rest_route=\/wp\/v2\/posts\/397918\/revisions"}],"predecessor-version":[{"id":397920,"href":"https:\/\/diariodominicano.com\/index.php?rest_route=\/wp\/v2\/posts\/397918\/revisions\/397920"}],"wp:featuredmedia":[{"embeddable":true,"href":"https:\/\/diariodominicano.com\/index.php?rest_route=\/wp\/v2\/media\/340845"}],"wp:attachment":[{"href":"https:\/\/diariodominicano.com\/index.php?rest_route=%2Fwp%2Fv2%2Fmedia&parent=397918"}],"wp:term":[{"taxonomy":"category","embeddable":true,"href":"https:\/\/diariodominicano.com\/index.php?rest_route=%2Fwp%2Fv2%2Fcategories&post=397918"},{"taxonomy":"post_tag","embeddable":true,"href":"https:\/\/diariodominicano.com\/index.php?rest_route=%2Fwp%2Fv2%2Ftags&post=397918"}],"curies":[{"name":"wp","href":"https:\/\/api.w.org\/{rel}","templated":true}]}}