{"id":397878,"date":"2022-11-16T21:52:49","date_gmt":"2022-11-17T01:52:49","guid":{"rendered":"http:\/\/diariodominicano.com\/?p=397878"},"modified":"2022-11-16T21:54:58","modified_gmt":"2022-11-17T01:54:58","slug":"juramentan-creacion-de-la-parroquia-san-judas-tadeo-en-la-direccion-regional-cibao-central-de-la-policia-nacional","status":"publish","type":"post","link":"https:\/\/diariodominicano.com\/?p=397878","title":{"rendered":"Juramentan creaci\u00f3n de la parroquia San Judas Tadeo en la Direcci\u00f3n Regional Cibao Central de la Polic\u00eda Nacional"},"content":{"rendered":"\n<p>Posesionan el padre Edwardo N\u00fa\u00f1ez&nbsp;&nbsp;Collado p\u00e1rroco en la  sede  de la Regional Cibao Central Polic\u00eda Nacional.<\/p>\n\n\n\n<p><strong>Santiago, RD, 16 de noviembre&nbsp;&nbsp;2022.-<\/strong>&nbsp;Por intrusiones del director general de la Polic\u00eda Nacional mayor general Eduardo Alberto Then, de la mano con el director Regional Cibao Central general Ram\u00f3n Samuel Azcona Reyes, qued\u00f3 juramentada la creaci\u00f3n de la&nbsp;&nbsp;parroquia San Judas Tadeo y posesionado el p\u00e1rroco en esta sede policial auspiciada por la Capellan\u00eda Mayor Polic\u00eda Nacional del Obispado castrense de la Rep\u00fablica Dominicana.<\/p>\n\n\n\n<p>El acto estuvo encabezado por e general Azcona Reyes, donde fue celebrada una misa a cargo del obispo ordinario de la arquidi\u00f3cesis de esta ciudad, general Geraldo Ram\u00edrez, quien agradeci\u00f3 al Arzobispo Metropolitano de Santiago, monse\u00f1or Francisco Ozoria&nbsp;&nbsp;por tan importante designaci\u00f3n en esta Ciudad.<\/p>\n\n\n\n<figure class=\"wp-block-image size-large\"><img loading=\"lazy\" decoding=\"async\" width=\"768\" height=\"1024\" src=\"https:\/\/diariodominicano.com\/wp-content\/uploads\/2022\/11\/image-2022-11-16T214346.271-768x1024.png\" alt=\"\" class=\"wp-image-397881\" srcset=\"https:\/\/diariodominicano.com\/wp-content\/uploads\/2022\/11\/image-2022-11-16T214346.271-768x1024.png 768w, https:\/\/diariodominicano.com\/wp-content\/uploads\/2022\/11\/image-2022-11-16T214346.271-225x300.png 225w, https:\/\/diariodominicano.com\/wp-content\/uploads\/2022\/11\/image-2022-11-16T214346.271-1152x1536.png 1152w, https:\/\/diariodominicano.com\/wp-content\/uploads\/2022\/11\/image-2022-11-16T214346.271-816x1088.png 816w, https:\/\/diariodominicano.com\/wp-content\/uploads\/2022\/11\/image-2022-11-16T214346.271.png 1200w\" sizes=\"auto, (max-width: 768px) 100vw, 768px\" \/><\/figure>\n\n\n\n<p>Durante la ceremonia el general Azcona Reyes dej\u00f3 posesionado como p\u00e1rroco, el reverendo padre coronel Eduardo N\u00fa\u00f1ez Collado, el mismo en su discurso agradeci\u00f3 su designaci\u00f3n, manifestando que se siente m\u00e1s que regocijado ya que&nbsp;&nbsp;tiene unos 14 a\u00f1os prestando servicios religiosos en la instituci\u00f3n del orden.<\/p>\n\n\n\n<p>Adem\u00e1s dijo sentirse agradecido del Director General de la Polic\u00eda Nacional,&nbsp;&nbsp;mayor general Eduardo Alberto Then por el esfuerzo realizado, para que hoy la capilla de esta direcci\u00f3n Regional fuera elevada a parroquia, y que tiene&nbsp;&nbsp;la esperanza de que en breve tiempo se inicien los trabajos de la construcci\u00f3n de un nuevo edificio para la&nbsp;&nbsp;sede policial en Santiago.<\/p>\n\n\n\n<p>En la actividad estuvieron  oficiales superiores, subalterno, clases y alistados, as\u00ed como tambi\u00e9n l\u00edderes comunitarios y miembros de la prensa.<\/p>\n","protected":false},"excerpt":{"rendered":"<p>Posesionan el padre Edwardo N\u00fa\u00f1ez&nbsp;&nbsp;Collado p\u00e1rroco en la sede de la Regional Cibao Central Polic\u00eda Nacional. Santiago, RD, 16 de noviembre&nbsp;&nbsp;2022.-&nbsp;Por intrusiones del director general de la Polic\u00eda Nacional mayor general Eduardo Alberto Then, de la mano con el director Regional Cibao Central general Ram\u00f3n Samuel Azcona Reyes, qued\u00f3 juramentada la creaci\u00f3n de la&nbsp;&nbsp;parroquia San [&hellip;]<\/p>\n","protected":false},"author":28,"featured_media":397879,"comment_status":"closed","ping_status":"","sticky":true,"template":"","format":"standard","meta":{"footnotes":""},"categories":[36,20,29,27],"tags":[],"class_list":["post-397878","post","type-post","status-publish","format-standard","has-post-thumbnail","hentry","category-hombresmujeresycosas","category-dominicana-hoy","category-policiasucesos","category-portada"],"_links":{"self":[{"href":"https:\/\/diariodominicano.com\/index.php?rest_route=\/wp\/v2\/posts\/397878","targetHints":{"allow":["GET"]}}],"collection":[{"href":"https:\/\/diariodominicano.com\/index.php?rest_route=\/wp\/v2\/posts"}],"about":[{"href":"https:\/\/diariodominicano.com\/index.php?rest_route=\/wp\/v2\/types\/post"}],"author":[{"embeddable":true,"href":"https:\/\/diariodominicano.com\/index.php?rest_route=\/wp\/v2\/users\/28"}],"replies":[{"embeddable":true,"href":"https:\/\/diariodominicano.com\/index.php?rest_route=%2Fwp%2Fv2%2Fcomments&post=397878"}],"version-history":[{"count":2,"href":"https:\/\/diariodominicano.com\/index.php?rest_route=\/wp\/v2\/posts\/397878\/revisions"}],"predecessor-version":[{"id":397882,"href":"https:\/\/diariodominicano.com\/index.php?rest_route=\/wp\/v2\/posts\/397878\/revisions\/397882"}],"wp:featuredmedia":[{"embeddable":true,"href":"https:\/\/diariodominicano.com\/index.php?rest_route=\/wp\/v2\/media\/397879"}],"wp:attachment":[{"href":"https:\/\/diariodominicano.com\/index.php?rest_route=%2Fwp%2Fv2%2Fmedia&parent=397878"}],"wp:term":[{"taxonomy":"category","embeddable":true,"href":"https:\/\/diariodominicano.com\/index.php?rest_route=%2Fwp%2Fv2%2Fcategories&post=397878"},{"taxonomy":"post_tag","embeddable":true,"href":"https:\/\/diariodominicano.com\/index.php?rest_route=%2Fwp%2Fv2%2Ftags&post=397878"}],"curies":[{"name":"wp","href":"https:\/\/api.w.org\/{rel}","templated":true}]}}