{"id":397835,"date":"2022-11-16T19:23:48","date_gmt":"2022-11-16T23:23:48","guid":{"rendered":"http:\/\/diariodominicano.com\/?p=397835"},"modified":"2022-11-16T19:23:48","modified_gmt":"2022-11-16T23:23:48","slug":"procuraduria-ambiental-logra-condena-y-apertura-a-juicio-contra-dos-hombres-procesados-por-corte-ilegal-de-arboles","status":"publish","type":"post","link":"https:\/\/diariodominicano.com\/?p=397835","title":{"rendered":"Procuradur\u00eda ambiental logra condena y apertura a juicio contra dos hombres procesados por corte ilegal de \u00e1rboles"},"content":{"rendered":"\n<p>diariodominicano.com<\/p>\n\n\n\n<p>Santo Domingo, R. D.,  R., 16 de noviembre, 2022.- La C\u00e1mara Penal del Juzgado de Primera Instancia de Monse\u00f1or Nouel conden\u00f3 a un hombre a un a\u00f1o de prisi\u00f3n por cometer un delito ambiental con 230 trozas de madera de pino obtenidas en forma ilegal.Te\u00f3filo de la Cruz Payano recibi\u00f3 el a\u00f1o de prisi\u00f3n, bajo la modalidad de pena suspendida. Adem\u00e1s, deber\u00e1 pagar una multa ascendente a 30,000 pesos por realizar cortes y destrucci\u00f3n de \u00e1rboles dentro del sistema nacional de \u00e1reas protegidas.<\/p>\n\n\n\n<p>El corte de los \u00e1rboles se produjo en el Parque Nacional Monta\u00f1a la Humeadora, ubicado en la Cordillera Central.<\/p>\n\n\n\n<p>Cruz Payano fue arrestado por miembros del Servicio Nacional de Protecci\u00f3n Ambiental (SENPA) y luego sometido a la justicia por la Procuradur\u00eda Especializada para la Defensa del Medio Ambiente y los Recursos Naturales (Proedemaren).<\/p>\n\n\n\n<p>La Proedemaren inform\u00f3 adem\u00e1s que el Juzgado de la Instrucci\u00f3n del Distrito Judicial de Pedernales dict\u00f3 auto de apertura a juicio contra un hombre arrestado en Pedernales por cortar \u00e1rboles de forma ilegal y provocar importantes da\u00f1os ambientales.<\/p>\n\n\n\n<p>Modesto P\u00e9rez Carvajal caus\u00f3 un impacto negativo en la foresta dentro de su propiedad agr\u00edcola, localizada en la secci\u00f3n Bella Vista, del distrito municipal Jos\u00e9 Francisco Pe\u00f1a G\u00f3mez, de Pedernales.<\/p>\n\n\n\n<p>El acusado viol\u00f3 varios art\u00edculos de la Ley 64-00 sobre Medio Ambiente y Recursos Naturales, al proceder sin permiso y da\u00f1ar los recursos forestales, delitos sancionados con prisi\u00f3n correccional de hasta tres a\u00f1os y multa de hasta diez mil salarios m\u00ednimos vigentes en el sector p\u00fablico.<\/p>\n\n\n\n<p>La fiscal Maritza D\u00edaz Corcino, de la Proedemaren, present\u00f3 el caso ante el juzgado que preside el juez Miguel Antonio Encarnaci\u00f3n De La Rosa.<\/p>\n\n\n\n<p><strong>Direcci\u00f3n de Comunicaci\u00f3n y Prensa<\/strong><\/p>\n\n\n\n<p><strong>Procuradur\u00eda General-Ministerio P\u00fablico RD<\/strong><\/p>\n\n\n\n<p><strong>Mi\u00e9rcoles, 16 de noviembre del 2022<\/strong><\/p>\n","protected":false},"excerpt":{"rendered":"<p>diariodominicano.com Santo Domingo, R. D., R., 16 de noviembre, 2022.- La C\u00e1mara Penal del Juzgado de Primera Instancia de Monse\u00f1or Nouel conden\u00f3 a un hombre a un a\u00f1o de prisi\u00f3n por cometer un delito ambiental con 230 trozas de madera de pino obtenidas en forma ilegal.Te\u00f3filo de la Cruz Payano recibi\u00f3 el a\u00f1o de prisi\u00f3n, [&hellip;]<\/p>\n","protected":false},"author":5,"featured_media":397836,"comment_status":"closed","ping_status":"","sticky":true,"template":"","format":"standard","meta":{"footnotes":""},"categories":[24,29,27],"tags":[],"class_list":["post-397835","post","type-post","status-publish","format-standard","has-post-thumbnail","hentry","category-justicia-y-derecho","category-policiasucesos","category-portada"],"_links":{"self":[{"href":"https:\/\/diariodominicano.com\/index.php?rest_route=\/wp\/v2\/posts\/397835","targetHints":{"allow":["GET"]}}],"collection":[{"href":"https:\/\/diariodominicano.com\/index.php?rest_route=\/wp\/v2\/posts"}],"about":[{"href":"https:\/\/diariodominicano.com\/index.php?rest_route=\/wp\/v2\/types\/post"}],"author":[{"embeddable":true,"href":"https:\/\/diariodominicano.com\/index.php?rest_route=\/wp\/v2\/users\/5"}],"replies":[{"embeddable":true,"href":"https:\/\/diariodominicano.com\/index.php?rest_route=%2Fwp%2Fv2%2Fcomments&post=397835"}],"version-history":[{"count":1,"href":"https:\/\/diariodominicano.com\/index.php?rest_route=\/wp\/v2\/posts\/397835\/revisions"}],"predecessor-version":[{"id":397837,"href":"https:\/\/diariodominicano.com\/index.php?rest_route=\/wp\/v2\/posts\/397835\/revisions\/397837"}],"wp:featuredmedia":[{"embeddable":true,"href":"https:\/\/diariodominicano.com\/index.php?rest_route=\/wp\/v2\/media\/397836"}],"wp:attachment":[{"href":"https:\/\/diariodominicano.com\/index.php?rest_route=%2Fwp%2Fv2%2Fmedia&parent=397835"}],"wp:term":[{"taxonomy":"category","embeddable":true,"href":"https:\/\/diariodominicano.com\/index.php?rest_route=%2Fwp%2Fv2%2Fcategories&post=397835"},{"taxonomy":"post_tag","embeddable":true,"href":"https:\/\/diariodominicano.com\/index.php?rest_route=%2Fwp%2Fv2%2Ftags&post=397835"}],"curies":[{"name":"wp","href":"https:\/\/api.w.org\/{rel}","templated":true}]}}