{"id":39782,"date":"2020-02-18T07:39:16","date_gmt":"2020-02-18T07:39:16","guid":{"rendered":"http:\/\/diariodominicano.ddns.net\/?p=39782"},"modified":"2020-02-18T07:39:16","modified_gmt":"2020-02-18T07:39:16","slug":"ni-quejas-ni-criticas-soluciones","status":"publish","type":"post","link":"https:\/\/diariodominicano.com\/?p=39782","title":{"rendered":"NI QUEJAS, NI CRITICAS&#8230;SOLUCIONES"},"content":{"rendered":"<p><body><\/p>\n<p><strong>EN PRIMERA FILA<\/strong><\/p>\n<p><strong>NI QUEJAS, NI CRITICAS&#8230;SOLUCIONES<\/strong><\/p>\n<p><strong>Mario Rivadulla<\/strong><\/p>\n<\/p>\n<p>Negar el impacto negativo que en el \u00e1nimo p\u00fablico, en los partidos pol\u00edticos, en la institucionalidad democr\u00e1tica y en el prestigio de la Junta Central Electoral  tuvo la inesperada suspensi\u00f3n de las elecciones municipales ser\u00eda tan absurdo como, apelando a la expresi\u00f3n cl\u00e1sica, \u00abtratar de tapar el sol con un dedo\u00bb.<\/p>\n<\/p>\n<p>Ahora bien: hacer juicio precipitados, inculpaciones sin fundamento, buscar culpables acomodaticios sin el menor elemento de prueba, es a su vez una acci\u00f3n a todas luces  negativa. <\/p>\n<\/p>\n<p>Y, por otra parte,  carece de todo sentido perder el tiempo en cr\u00edticas y quejas en vez de abocarse a buscar soluciones,  cuando ya tenemos nueva fecha  para llevar a cabo el interrumpido proceso que la Junta Central Electoral, con muy buen juicio y sentido pr\u00e1ctico, no ha perdido tiempo en fijar para el pr\u00f3ximo 15 de marzo, evitando as\u00ed crear un vac\u00edo  que pueda derivar en una innecesaria crisis pol\u00edtica.<\/p>\n<\/p>\n<p>Obviamente al ser una decisi\u00f3n del pleno sin intervenci\u00f3n de los partidos ser\u00e1 preciso e indispensable que reunidos con la Junta se afinen los detalles y l\u00edmites del reinicio de la campa\u00f1a durante la pr\u00f3ximas semanas de aqu\u00ed a la nueva convocatoria, se corrijan fallos y de com\u00fan acuerdo, se escuchen, eval\u00faen y coordinen sus propuestas para blindar el proceso de las mayores garant\u00edas posibles a fin de que sus resultados reflejen con la mayor transparencia la voluntad del electorado.   <\/p>\n<\/p>\n<p>Fue esa precisamente la postura sensata y coincidente de la opini\u00f3n editorial de varios de los principales y mas prestigiosos medios de comunicaci\u00f3n as\u00ed como de Participaci\u00f3n Ciudadana, el Alcalde del Distrito Nacional, el Consejo Nacional de Hombres de Empresa y otras instituciones representativas   y respetadas figuras p\u00fablicas.<\/p>\n<\/p>\n<p>Era adem\u00e1s la \u00fanica sensata, posible y pr\u00e1ctica en contraste con algunas contadas propuestas que  sin elementos de juicio, con exceso de pasi\u00f3n y falta de raz\u00f3n, se apresuraron en  reclamar la renuncia de los miembros de la Junta, como si esta fuera responsable del colapso sufrido por el sistema automatizado, y no en definitiva, la principal v\u00edctima y doliente del mismo en tanto invalid\u00f3 el esfuerzo desplegado en todo el previo proceso de preparaci\u00f3n del proceso m\u00e1s laborioso y complejo que registra la historia pol\u00edtica del pa\u00eds y puso en la picota y tela de juicio el prestigio de sus miembros.<\/p>\n<\/p>\n<p>Obvio que, en modo alguno significa, echar tierra sobre lo ocurrido.   Lo ocurrido es de  una gravedad extrema, y por tanto no puede quedar sin consecuencias.    Si la Junta Electoral cumpli\u00f3 con los previos requisitos de auditor\u00eda del sistema y los equipos de voto automatizado con la empresa contratada Alhambra Eidos,  y a continuaci\u00f3n con la muy experimentada IFES aportada a trav\u00e9s de la USAID,   es preciso establecer con toda claridad \u00bfqu\u00e9 ocurri\u00f3 entonces? \u00bfUn fallo t\u00e9cnico inesperado y no previsto? \u00bfFalta de previsi\u00f3n?  \u00bfUn acto deliberado de sabotaje con participaci\u00f3n c\u00f3mplice de un elemento infiltrado dentro de la propia Junta? \u00bfLa intromisi\u00f3n en el sistema de un h\u00e1bil hackeador?  Cual sea la raz\u00f3n, es indispensable despejar dudas,  depurar responsabilidades y aplicar las sanciones que procedan. <\/p>\n<\/p>\n<p>Lo que no podemos en modo alguno es echar le\u00f1a al fuego y convertirnos en c\u00f3mplices de quienes pretenden aprovechar lo ocurrido, para apostar y convocar al caos.  Preciso hacerle el vac\u00edo y prestar o\u00eddos sordos a las voces agoreras de quienes han asumido esa postura, ya sea por resentimiento, frustraci\u00f3n, insensatez, irresponsabilidad y cortedad de miras, como respondiendo al prop\u00f3sito de sacar ventaja de lo ocurrido, sobre todo por aquellos que no tienen oportunidad de lograr sus fines por la v\u00eda democr\u00e1tica de las urnas.<\/p>\n<\/p>\n<p>Sumamos nuestra voz a las de quienes, por el contrario, apuestan por la paz y la estabilidad democr\u00e1tica, y con clara visi\u00f3n de los mejores intereses del pa\u00eds abogan por anteponer estos a cualquier inter\u00e9s partidario o personal.  <\/p>\n<\/p>\n<p>La hora no es de quejas ni de cr\u00edticas, sino de soluciones.  Y estas ya tienen fecha convocada.   Toca ahora que los partidos pol\u00edticos y los aspirantes a cargos movilicen sus huestes para volver a las urnas el 15 de marzo, ahora ya con el tradicional sistema del voto manual, de asumir el compromiso de \u00abjuego limpio\u00bb, y hacerlo  en orden, sin violencia, compra venta de votos ni artima\u00f1as para que sus resultados sean reflejo fiel de la voluntad popular, y sirvan para apuntalar nuestra todav\u00eda fr\u00e1gil,  imperfecta y vulnerable democracia.<\/p>\n<\/p>\n<h6> 2020-02-18 07:39:16 <\/h6>\n<p><!--\n<link rel=\"stylesheet\" href=\"css\/bootstrap.min.css\">\n\n\n<ul class=\"pagination\">\n\t    \n\t\n\n<li >\n\t<a href='?page_no=305'>Previous<\/a>\n\t<\/li>\n\n\n       \n    \n\n<li><a href='?page_no=1'>1<\/a><\/li>\n\n\n\n<li><a href='?page_no=2'>2<\/a><\/li>\n\n\n\n<li><a>...<\/a><\/li>\n\n\n\n<li><a href='?page_no=304'>304<\/a><\/li>\n\n\n\n<li><a href='?page_no=305'>305<\/a><\/li>\n\n\n\n<li class='active'><a>306<\/a><\/li>\n\n\n\n<li><a href='?page_no=307'>307<\/a><\/li>\n\n\n\n<li><a href='?page_no=308'>308<\/a><\/li>\n\n\n\n<li><a>...<\/a><\/li>\n\n\n\n<li><a href='?page_no=13611'>13611<\/a><\/li>\n\n\n\n<li><a href='?page_no=13612'>13612<\/a><\/li>\n\n    \n\t\n\n<li >\n\t<a href='?page_no=307'>Next<\/a>\n\t<\/li>\n\n\n    \n\n<li><a href='?page_no=13612'>Last &rsaquo;&rsaquo;<\/a><\/li>\n\n<\/ul>\n\n\n--><br \/>\n<\/body><\/p>\n","protected":false},"excerpt":{"rendered":"<p>EN PRIMERA FILA NI QUEJAS, NI CRITICAS&#8230;SOLUCIONES Mario Rivadulla Negar el impacto negativo que en el \u00e1nimo p\u00fablico, en los partidos pol\u00edticos, en la institucionalidad democr\u00e1tica y en el prestigio de la Junta Central Electoral tuvo la inesperada suspensi\u00f3n de las elecciones municipales ser\u00eda tan absurdo como, apelando a la expresi\u00f3n cl\u00e1sica, \u00abtratar de tapar [&hellip;]<\/p>\n","protected":false},"author":3,"featured_media":0,"comment_status":"open","ping_status":"open","sticky":false,"template":"","format":"standard","meta":{"footnotes":""},"categories":[16],"tags":[],"class_list":["post-39782","post","type-post","status-publish","format-standard","hentry","category-opiniones"],"_links":{"self":[{"href":"https:\/\/diariodominicano.com\/index.php?rest_route=\/wp\/v2\/posts\/39782","targetHints":{"allow":["GET"]}}],"collection":[{"href":"https:\/\/diariodominicano.com\/index.php?rest_route=\/wp\/v2\/posts"}],"about":[{"href":"https:\/\/diariodominicano.com\/index.php?rest_route=\/wp\/v2\/types\/post"}],"author":[{"embeddable":true,"href":"https:\/\/diariodominicano.com\/index.php?rest_route=\/wp\/v2\/users\/3"}],"replies":[{"embeddable":true,"href":"https:\/\/diariodominicano.com\/index.php?rest_route=%2Fwp%2Fv2%2Fcomments&post=39782"}],"version-history":[{"count":0,"href":"https:\/\/diariodominicano.com\/index.php?rest_route=\/wp\/v2\/posts\/39782\/revisions"}],"wp:attachment":[{"href":"https:\/\/diariodominicano.com\/index.php?rest_route=%2Fwp%2Fv2%2Fmedia&parent=39782"}],"wp:term":[{"taxonomy":"category","embeddable":true,"href":"https:\/\/diariodominicano.com\/index.php?rest_route=%2Fwp%2Fv2%2Fcategories&post=39782"},{"taxonomy":"post_tag","embeddable":true,"href":"https:\/\/diariodominicano.com\/index.php?rest_route=%2Fwp%2Fv2%2Ftags&post=39782"}],"curies":[{"name":"wp","href":"https:\/\/api.w.org\/{rel}","templated":true}]}}