{"id":397777,"date":"2022-11-16T00:24:46","date_gmt":"2022-11-16T04:24:46","guid":{"rendered":"http:\/\/diariodominicano.com\/?p=397777"},"modified":"2022-11-16T00:24:46","modified_gmt":"2022-11-16T04:24:46","slug":"poeta-frank-adolfo-sera-velado-en-alto-manhattan-y-sepultado-el-sabado-en-nj","status":"publish","type":"post","link":"https:\/\/diariodominicano.com\/?p=397777","title":{"rendered":"Poeta Frank Adolfo ser\u00e1 velado en Alto Manhattan y sepultado el\u00a0s\u00e1bado\u00a0en NJ\u00a0"},"content":{"rendered":"\n<p>\u00a0<\/p>\n\n\n\n<p><strong>Por Ram\u00f3n Mercedes<\/strong><\/p>\n\n\n\n<p><strong>NUEVA YORK.-<\/strong>&nbsp;El poeta dominicano Justo Manuel Luper\u00f3n (Frank Adolfo), de 78 a\u00f1os, fallecido el pasado s\u00e1bado en el hospital Mount Sinai-Manhattan, a&nbsp;causa de un tumor cerebral canceroso, ser\u00e1 velado el pr\u00f3ximo viernes en la Iglesia a la cual pertenec\u00eda, \u201cPresbiteriana Fort George\u201d (212-568-7374), ubicada en el 1525 de la avenida Saint Nicholas con la calle 186, en el Alto Manhattan.<\/p>\n\n\n\n<p>Su cuerpo ser\u00e1 expuesto a partir de las 5:00 de la tarde hasta las 9:00 de la noche, y el s\u00e1bado ser\u00e1 sepultado en el cementerio \u201cMt. Rest Cementery, ubicado en el 15 Kakeout Road, Butler, Nueva Jersey. Se partir\u00e1 a las 9:00 de la ma\u00f1ana.<\/p>\n\n\n\n<p>Se hab\u00eda informado que Luper\u00f3n ser\u00eda cremado y las cenizas enviadas a su madre residente en la provincia Barahona, pero familiares en esta ciudad prefirieron darle cristiana sepultura en NJ porque en EE. UU. tiene algunos familiares y su progenitora est\u00e1 en muy avanzada edad para visitarlo y llevarle flores al camposanto.<\/p>\n\n\n\n<p>El tambi\u00e9n locutor profesional manej\u00f3 de manera perfecta el idioma espa\u00f1ol, fue presidente del Instituto Duartiano, trabaj\u00f3 en varias emisoras en la Rep\u00fablica Dominicana, un amante incansable por las bellas artes, del buen vestir, y residi\u00f3 por m\u00e1s de 50 a\u00f1os en NYC.<\/p>\n\n\n\n<p>Como declamador profesional, fue uno de los mejores del pa\u00eds a nivel nacional e internacional; un defensor y promotor de la cultura quisqueyana 24\/7, unos de los grandes en enarbolar la dominicanidad en playas extranjeras, como lo describe su inseparable amigo Bienvenido Lara Flores, ex vicec\u00f3nsul y ex presidente del Instituto Duartiano-NY.<\/p>\n\n\n\n<p>Las donaciones voluntarias deber\u00e1n hacerse a nombre de \u201cFt. George Presbyterian Church\u201d, en atenci\u00f3n \u201cFrank Adolfo Fondo Memorial\u201d, inform\u00f3 la amiga de la familia, Glendaly Santos Cuevas (646) 283-5756.<\/p>\n\n\n\n<p>Dominicanos NYC ser\u00edan afectados por desalojo vivienda; 17 mil neoyorkinos no tienen abogados<\/p>\n","protected":false},"excerpt":{"rendered":"<p>\u00a0 Por Ram\u00f3n Mercedes NUEVA YORK.-&nbsp;El poeta dominicano Justo Manuel Luper\u00f3n (Frank Adolfo), de 78 a\u00f1os, fallecido el pasado s\u00e1bado en el hospital Mount Sinai-Manhattan, a&nbsp;causa de un tumor cerebral canceroso, ser\u00e1 velado el pr\u00f3ximo viernes en la Iglesia a la cual pertenec\u00eda, \u201cPresbiteriana Fort George\u201d (212-568-7374), ubicada en el 1525 de la avenida Saint [&hellip;]<\/p>\n","protected":false},"author":28,"featured_media":397778,"comment_status":"closed","ping_status":"","sticky":true,"template":"","format":"standard","meta":{"footnotes":""},"categories":[20,26,27],"tags":[],"class_list":["post-397777","post","type-post","status-publish","format-standard","has-post-thumbnail","hentry","category-dominicana-hoy","category-efemerides","category-portada"],"_links":{"self":[{"href":"https:\/\/diariodominicano.com\/index.php?rest_route=\/wp\/v2\/posts\/397777","targetHints":{"allow":["GET"]}}],"collection":[{"href":"https:\/\/diariodominicano.com\/index.php?rest_route=\/wp\/v2\/posts"}],"about":[{"href":"https:\/\/diariodominicano.com\/index.php?rest_route=\/wp\/v2\/types\/post"}],"author":[{"embeddable":true,"href":"https:\/\/diariodominicano.com\/index.php?rest_route=\/wp\/v2\/users\/28"}],"replies":[{"embeddable":true,"href":"https:\/\/diariodominicano.com\/index.php?rest_route=%2Fwp%2Fv2%2Fcomments&post=397777"}],"version-history":[{"count":1,"href":"https:\/\/diariodominicano.com\/index.php?rest_route=\/wp\/v2\/posts\/397777\/revisions"}],"predecessor-version":[{"id":397779,"href":"https:\/\/diariodominicano.com\/index.php?rest_route=\/wp\/v2\/posts\/397777\/revisions\/397779"}],"wp:featuredmedia":[{"embeddable":true,"href":"https:\/\/diariodominicano.com\/index.php?rest_route=\/wp\/v2\/media\/397778"}],"wp:attachment":[{"href":"https:\/\/diariodominicano.com\/index.php?rest_route=%2Fwp%2Fv2%2Fmedia&parent=397777"}],"wp:term":[{"taxonomy":"category","embeddable":true,"href":"https:\/\/diariodominicano.com\/index.php?rest_route=%2Fwp%2Fv2%2Fcategories&post=397777"},{"taxonomy":"post_tag","embeddable":true,"href":"https:\/\/diariodominicano.com\/index.php?rest_route=%2Fwp%2Fv2%2Ftags&post=397777"}],"curies":[{"name":"wp","href":"https:\/\/api.w.org\/{rel}","templated":true}]}}