{"id":39771,"date":"2020-02-18T07:40:37","date_gmt":"2020-02-18T07:40:37","guid":{"rendered":"http:\/\/diariodominicano.ddns.net\/?p=39771"},"modified":"2020-02-18T07:40:37","modified_gmt":"2020-02-18T07:40:37","slug":"la-pipa-de-la-paz","status":"publish","type":"post","link":"https:\/\/diariodominicano.com\/?p=39771","title":{"rendered":"&#13;La pipa de la paz"},"content":{"rendered":"<p><body><\/p>\n<p>A Pleno Sol<\/p>\n<\/p>\n<p>La pipa de la paz<\/p>\n<\/p>\n<p>Por Manuel Hern\u00e1ndez Villeta<\/p>\n<\/p>\n<\/p>\n<p>Con dos elecciones pendientes, y en medio de los fracasos, solo la mesura, la concertaci\u00f3n y el dejar a un lado el vanguardista irracional, permitir\u00e1 llevar por aguas mansas la nave de la democracia dominicana.<\/p>\n<\/p>\n<p>Desde hace a\u00f1os la democracia dominicana ha estado entrando a tierra movediza, vapuleada por gobernantes de turno. Pero el deseo de los dominicanos de vivir en paz y libertad se ha impuesto a los infortunios.<\/p>\n<\/p>\n<p>Nadie tiene derecho a poner en juego las libertades p\u00fablicas que tiene hoy la Rep\u00fablica Dominicana. Costaron mucho esfuerzo, r\u00edos de sangre, y cementerios sin cruces.<\/p>\n<\/p>\n<p>Ha surgido un primer gesto de di\u00e1logo y entendimiento en torno a las pasadas elecciones. No es momento de levantar la tea incendiaria, sino de utilizar los mecanismos que acuerdan la constituci\u00f3n y las leyes.<\/p>\n<\/p>\n<p>Los responsables de que fracasaran las elecciones del domingo tienen que pagar por ello, pero no hay raz\u00f3n para enterrar  todo el proceso. Los jueces de la Junta Central Electoral tienen que demostrar mayor fortaleza, mayor credibilidad, tener pu\u00f1o de hierro y  no aceptar las presiones.<\/p>\n<\/p>\n<p>Se fij\u00f3 una nueva fecha para las fracasadas elecciones municipales. La salida ten\u00eda que ser pol\u00edtica, y no apegada a las normas jur\u00eddicas. La aplaudimos. Hay que ir a las votaciones, y que las autoridades municipales que salgan electas sean juramentadas el 24 de abril.<\/p>\n<\/p>\n<p>Luego de la fiebre  del rompimiento electoral, el liderazgo pol\u00edtico ha estado sopesando la situaci\u00f3n, y m\u00e1s que un lenguaje de barricada, se ha inclinado por el di\u00e1logo y el entendimiento. Se  pueden mantener ideas enfrentadas, pero ello no es justificaci\u00f3n para lanzar el pa\u00eds a la incertidumbre.<\/p>\n<\/p>\n<p>La Junta tiene que trabajar con la mayor integraci\u00f3n de los delegados de los partidos pol\u00edticos. Se le debe pedir al expresidente chileno Eduardo Frey que siga incidiendo con su equipo en el pa\u00eds hasta que pasen las elecciones nacionales. Los observadores internacionales son bienvenidos y ellos pueden garantizar un proceso di\u00e1fano.<\/p>\n<\/p>\n<p>Ahora las llamadas comisiones de notables no caben en este proceso. Los  notales no han hecho nada por este pa\u00eds. Han participado en decenas de comisiones y nunca se han visto sus resultados. En esta crisis no cabe una comisi\u00f3n de notables, y no debe ser aceptada.<\/p>\n<\/p>\n<p>Las cortes fueron creadas para dirimir todos los problemas electorales. Sepultaron la era de los mediadores. No hay porque volver a vivir esa etapa. Adem\u00e1s, los notables tambi\u00e9n tienen sus intereses particulares y sus \u00e1reas de influencia.<\/p>\n<\/p>\n<p>Hay que retomar el paso de la celebraci\u00f3n de las elecciones municipales. Investigar a  fondo las responsabilidades en el boicot a los comicios, llevar  a los responsables a los tribunales. La verdad y la justicia siempre ser\u00e1n vencedoras. \u00a1Ay!, se me acab\u00f3 la tinta.<\/p>\n<\/p>\n<\/p>\n<h6> 2020-02-18 07:40:37 <\/h6>\n<p><!--\n<link rel=\"stylesheet\" href=\"css\/bootstrap.min.css\">\n\n\n<ul class=\"pagination\">\n\t    \n\t\n\n<li >\n\t<a href='?page_no=304'>Previous<\/a>\n\t<\/li>\n\n\n       \n    \n\n<li><a href='?page_no=1'>1<\/a><\/li>\n\n\n\n<li><a href='?page_no=2'>2<\/a><\/li>\n\n\n\n<li><a>...<\/a><\/li>\n\n\n\n<li><a href='?page_no=303'>303<\/a><\/li>\n\n\n\n<li><a href='?page_no=304'>304<\/a><\/li>\n\n\n\n<li class='active'><a>305<\/a><\/li>\n\n\n\n<li><a href='?page_no=306'>306<\/a><\/li>\n\n\n\n<li><a href='?page_no=307'>307<\/a><\/li>\n\n\n\n<li><a>...<\/a><\/li>\n\n\n\n<li><a href='?page_no=13611'>13611<\/a><\/li>\n\n\n\n<li><a href='?page_no=13612'>13612<\/a><\/li>\n\n    \n\t\n\n<li >\n\t<a href='?page_no=306'>Next<\/a>\n\t<\/li>\n\n\n    \n\n<li><a href='?page_no=13612'>Last &rsaquo;&rsaquo;<\/a><\/li>\n\n<\/ul>\n\n\n--><br \/>\n<\/body><\/p>\n","protected":false},"excerpt":{"rendered":"<p>A Pleno Sol La pipa de la paz Por Manuel Hern\u00e1ndez Villeta Con dos elecciones pendientes, y en medio de los fracasos, solo la mesura, la concertaci\u00f3n y el dejar a un lado el vanguardista irracional, permitir\u00e1 llevar por aguas mansas la nave de la democracia dominicana. Desde hace a\u00f1os la democracia dominicana ha estado [&hellip;]<\/p>\n","protected":false},"author":3,"featured_media":0,"comment_status":"open","ping_status":"open","sticky":false,"template":"","format":"standard","meta":{"footnotes":""},"categories":[16],"tags":[],"class_list":["post-39771","post","type-post","status-publish","format-standard","hentry","category-opiniones"],"_links":{"self":[{"href":"https:\/\/diariodominicano.com\/index.php?rest_route=\/wp\/v2\/posts\/39771","targetHints":{"allow":["GET"]}}],"collection":[{"href":"https:\/\/diariodominicano.com\/index.php?rest_route=\/wp\/v2\/posts"}],"about":[{"href":"https:\/\/diariodominicano.com\/index.php?rest_route=\/wp\/v2\/types\/post"}],"author":[{"embeddable":true,"href":"https:\/\/diariodominicano.com\/index.php?rest_route=\/wp\/v2\/users\/3"}],"replies":[{"embeddable":true,"href":"https:\/\/diariodominicano.com\/index.php?rest_route=%2Fwp%2Fv2%2Fcomments&post=39771"}],"version-history":[{"count":0,"href":"https:\/\/diariodominicano.com\/index.php?rest_route=\/wp\/v2\/posts\/39771\/revisions"}],"wp:attachment":[{"href":"https:\/\/diariodominicano.com\/index.php?rest_route=%2Fwp%2Fv2%2Fmedia&parent=39771"}],"wp:term":[{"taxonomy":"category","embeddable":true,"href":"https:\/\/diariodominicano.com\/index.php?rest_route=%2Fwp%2Fv2%2Fcategories&post=39771"},{"taxonomy":"post_tag","embeddable":true,"href":"https:\/\/diariodominicano.com\/index.php?rest_route=%2Fwp%2Fv2%2Ftags&post=39771"}],"curies":[{"name":"wp","href":"https:\/\/api.w.org\/{rel}","templated":true}]}}