{"id":397699,"date":"2022-11-15T22:13:39","date_gmt":"2022-11-16T02:13:39","guid":{"rendered":"http:\/\/diariodominicano.com\/?p=397699"},"modified":"2022-11-15T22:14:24","modified_gmt":"2022-11-16T02:14:24","slug":"seguridad-y-privados-de-libertad-sofocan-incendio-en-fortaleza-juana-nunez-de-cotui","status":"publish","type":"post","link":"https:\/\/diariodominicano.com\/?p=397699","title":{"rendered":"Seguridad y privados de libertad sofocan incendio en fortaleza Juana N\u00fa\u00f1ez de Cotu\u00ed"},"content":{"rendered":"\n<p>diariodominicano.com<\/p>\n\n\n\n<p>Santo Domingo, R. D.,  15 de noviembre, 2022.-  La seguridad del recinto carcelario que opera en la fortaleza Juana N\u00fa\u00f1ez de Cotu\u00ed, sofoc\u00f3, con el apoyo de los privados de libertad, un incendio provocado la noche de este martes por un cortocircuito en uno de los alojamientos del penal.<\/p>\n\n\n\n<p>La Direcci\u00f3n General de Servicios Penitenciarios y Correccionales (DGSPC) explic\u00f3 que en el alojamiento afectado viven 25 privados de libertad que resultaron todos ilesos, gracias a la r\u00e1pida respuesta del personal, que utiliz\u00f3 extintores para sofocar las llamas.<\/p>\n\n\n\n<p>La DGSPC inform\u00f3 adem\u00e1s que como medida preventiva los privados de libertad fueron evacuados hacia el patio y se reforz\u00f3 la seguridad perimetral mientras se realiza la evaluaci\u00f3n de los da\u00f1os, se limpia y se retoma la normalidad.<\/p>\n\n\n\n<p>Fuente:  <strong>Comunicaciones Prensa PGR<\/strong><\/p>\n\n\n\n<p><strong>Direcci\u00f3n de Comunicaci\u00f3n y Prensa<\/strong><\/p>\n\n\n\n<p><strong>Procuradur\u00eda General-Ministerio P\u00fablico RD<\/strong><\/p>\n\n\n\n<p><strong>Martes, 15 de noviembre del 2022<\/strong><\/p>\n\n\n\n<p><\/p>\n\n\n\n<p><\/p>\n","protected":false},"excerpt":{"rendered":"<p>diariodominicano.com Santo Domingo, R. D., 15 de noviembre, 2022.- La seguridad del recinto carcelario que opera en la fortaleza Juana N\u00fa\u00f1ez de Cotu\u00ed, sofoc\u00f3, con el apoyo de los privados de libertad, un incendio provocado la noche de este martes por un cortocircuito en uno de los alojamientos del penal. La Direcci\u00f3n General de Servicios [&hellip;]<\/p>\n","protected":false},"author":5,"featured_media":397701,"comment_status":"closed","ping_status":"","sticky":true,"template":"","format":"standard","meta":{"footnotes":""},"categories":[29,27],"tags":[],"class_list":["post-397699","post","type-post","status-publish","format-standard","has-post-thumbnail","hentry","category-policiasucesos","category-portada"],"_links":{"self":[{"href":"https:\/\/diariodominicano.com\/index.php?rest_route=\/wp\/v2\/posts\/397699","targetHints":{"allow":["GET"]}}],"collection":[{"href":"https:\/\/diariodominicano.com\/index.php?rest_route=\/wp\/v2\/posts"}],"about":[{"href":"https:\/\/diariodominicano.com\/index.php?rest_route=\/wp\/v2\/types\/post"}],"author":[{"embeddable":true,"href":"https:\/\/diariodominicano.com\/index.php?rest_route=\/wp\/v2\/users\/5"}],"replies":[{"embeddable":true,"href":"https:\/\/diariodominicano.com\/index.php?rest_route=%2Fwp%2Fv2%2Fcomments&post=397699"}],"version-history":[{"count":2,"href":"https:\/\/diariodominicano.com\/index.php?rest_route=\/wp\/v2\/posts\/397699\/revisions"}],"predecessor-version":[{"id":397702,"href":"https:\/\/diariodominicano.com\/index.php?rest_route=\/wp\/v2\/posts\/397699\/revisions\/397702"}],"wp:featuredmedia":[{"embeddable":true,"href":"https:\/\/diariodominicano.com\/index.php?rest_route=\/wp\/v2\/media\/397701"}],"wp:attachment":[{"href":"https:\/\/diariodominicano.com\/index.php?rest_route=%2Fwp%2Fv2%2Fmedia&parent=397699"}],"wp:term":[{"taxonomy":"category","embeddable":true,"href":"https:\/\/diariodominicano.com\/index.php?rest_route=%2Fwp%2Fv2%2Fcategories&post=397699"},{"taxonomy":"post_tag","embeddable":true,"href":"https:\/\/diariodominicano.com\/index.php?rest_route=%2Fwp%2Fv2%2Ftags&post=397699"}],"curies":[{"name":"wp","href":"https:\/\/api.w.org\/{rel}","templated":true}]}}