{"id":397688,"date":"2022-11-15T22:22:01","date_gmt":"2022-11-16T02:22:01","guid":{"rendered":"http:\/\/diariodominicano.com\/?p=397688"},"modified":"2022-11-15T22:29:00","modified_gmt":"2022-11-16T02:29:00","slug":"primera-promocion-de-cadetes-visito-la-academia-militar-batalla-de-las-carreras-en-su-66-aniversario","status":"publish","type":"post","link":"https:\/\/diariodominicano.com\/?p=397688","title":{"rendered":"Primera Promoci\u00f3n de Cadetes Visit\u00f3 la Academia Militar Batalla de las Carreras en su 66 Aniversario"},"content":{"rendered":"\n<p> El acto estuvo encabezado por el Comandante General del Ej\u00e9rcito, Mayor General Carlos Antonio Fern\u00e1ndez Onofre, quien aprovech\u00f3 la ocasi\u00f3n para distinguir a los integrantes de esa promoci\u00f3n, entreg\u00e1ndoles certificados de reconocimiento por la trayectoria ejemplar que exhibieron durante toda su carrera militar <\/p>\n\n\n\n<figure class=\"wp-block-table\"><table><tbody><tr><td><\/td><td><\/td><td><\/td><td><img decoding=\"async\" src=\"https:\/\/mail.google.com\/mail\/u\/1\/images\/cleardot.gif\" alt=\"\"><img decoding=\"async\" src=\"https:\/\/mail.google.com\/mail\/u\/1\/images\/cleardot.gif\" alt=\"\"><\/td><\/tr><tr><td><\/td><\/tr><\/tbody><\/table><\/figure>\n\n\n\n<figure class=\"wp-block-image size-large\"><img loading=\"lazy\" decoding=\"async\" width=\"1024\" height=\"683\" src=\"https:\/\/diariodominicano.com\/wp-content\/uploads\/2022\/11\/315578149-9008377175842717-8033653713536645570-n-1024x683.jpg\" alt=\"\" class=\"wp-image-397706\" srcset=\"https:\/\/diariodominicano.com\/wp-content\/uploads\/2022\/11\/315578149-9008377175842717-8033653713536645570-n-1024x683.jpg 1024w, https:\/\/diariodominicano.com\/wp-content\/uploads\/2022\/11\/315578149-9008377175842717-8033653713536645570-n-300x200.jpg 300w, https:\/\/diariodominicano.com\/wp-content\/uploads\/2022\/11\/315578149-9008377175842717-8033653713536645570-n-768x512.jpg 768w, https:\/\/diariodominicano.com\/wp-content\/uploads\/2022\/11\/315578149-9008377175842717-8033653713536645570-n-816x544.jpg 816w, https:\/\/diariodominicano.com\/wp-content\/uploads\/2022\/11\/315578149-9008377175842717-8033653713536645570-n.jpg 1080w\" sizes=\"auto, (max-width: 1024px) 100vw, 1024px\" \/><\/figure>\n\n\n\n<figure class=\"wp-block-image size-large\"><img loading=\"lazy\" decoding=\"async\" width=\"1024\" height=\"683\" src=\"https:\/\/diariodominicano.com\/wp-content\/uploads\/2022\/11\/315578948-9008377649176003-3998872247615070723-n-1024x683.jpg\" alt=\"\" class=\"wp-image-397708\" srcset=\"https:\/\/diariodominicano.com\/wp-content\/uploads\/2022\/11\/315578948-9008377649176003-3998872247615070723-n-1024x683.jpg 1024w, https:\/\/diariodominicano.com\/wp-content\/uploads\/2022\/11\/315578948-9008377649176003-3998872247615070723-n-300x200.jpg 300w, https:\/\/diariodominicano.com\/wp-content\/uploads\/2022\/11\/315578948-9008377649176003-3998872247615070723-n-768x512.jpg 768w, https:\/\/diariodominicano.com\/wp-content\/uploads\/2022\/11\/315578948-9008377649176003-3998872247615070723-n-816x544.jpg 816w, https:\/\/diariodominicano.com\/wp-content\/uploads\/2022\/11\/315578948-9008377649176003-3998872247615070723-n.jpg 1080w\" sizes=\"auto, (max-width: 1024px) 100vw, 1024px\" \/><\/figure>\n\n\n\n<p><\/p>\n\n\n\n<p>La Primera Promoci\u00f3n de Cadetes de la Academia Militar \u00abBatalla de las Carreras\u00bb, ERD., visit\u00f3 esa alta casa de estudios militares a prop\u00f3sito de celebrar el 66 aniversario de su ingreso, acto que inicio con el izamiento de las banderas, la entonaci\u00f3n de los Himnos Nacional y del Ej\u00e9rcito seguido de un pase en revista del batall\u00f3n de cadetes.<\/p>\n\n\n\n<figure class=\"wp-block-image size-large\"><img loading=\"lazy\" decoding=\"async\" width=\"1024\" height=\"683\" src=\"https:\/\/diariodominicano.com\/wp-content\/uploads\/2022\/11\/314738891-9008376779176090-6247030493263432237-n-1024x683.jpg\" alt=\"\" class=\"wp-image-397709\" srcset=\"https:\/\/diariodominicano.com\/wp-content\/uploads\/2022\/11\/314738891-9008376779176090-6247030493263432237-n-1024x683.jpg 1024w, https:\/\/diariodominicano.com\/wp-content\/uploads\/2022\/11\/314738891-9008376779176090-6247030493263432237-n-300x200.jpg 300w, https:\/\/diariodominicano.com\/wp-content\/uploads\/2022\/11\/314738891-9008376779176090-6247030493263432237-n-768x512.jpg 768w, https:\/\/diariodominicano.com\/wp-content\/uploads\/2022\/11\/314738891-9008376779176090-6247030493263432237-n-816x544.jpg 816w, https:\/\/diariodominicano.com\/wp-content\/uploads\/2022\/11\/314738891-9008376779176090-6247030493263432237-n.jpg 1080w\" sizes=\"auto, (max-width: 1024px) 100vw, 1024px\" \/><\/figure>\n\n\n\n<figure class=\"wp-block-image size-large\"><img loading=\"lazy\" decoding=\"async\" width=\"1024\" height=\"683\" src=\"https:\/\/diariodominicano.com\/wp-content\/uploads\/2022\/11\/314896938-9008376759176092-7868905273638816951-n-1024x683.jpg\" alt=\"\" class=\"wp-image-397710\" srcset=\"https:\/\/diariodominicano.com\/wp-content\/uploads\/2022\/11\/314896938-9008376759176092-7868905273638816951-n-1024x683.jpg 1024w, https:\/\/diariodominicano.com\/wp-content\/uploads\/2022\/11\/314896938-9008376759176092-7868905273638816951-n-300x200.jpg 300w, https:\/\/diariodominicano.com\/wp-content\/uploads\/2022\/11\/314896938-9008376759176092-7868905273638816951-n-768x512.jpg 768w, https:\/\/diariodominicano.com\/wp-content\/uploads\/2022\/11\/314896938-9008376759176092-7868905273638816951-n-816x544.jpg 816w, https:\/\/diariodominicano.com\/wp-content\/uploads\/2022\/11\/314896938-9008376759176092-7868905273638816951-n.jpg 1080w\" sizes=\"auto, (max-width: 1024px) 100vw, 1024px\" \/><\/figure>\n\n\n\n<p>Como parte de las actividades, fue ofrecido un desayuno en el comedor de la Academia Militar y posterior a ello, el General de Brigada (r) Abelardo Freites B\u00e1ez, FARD., expuso una semblanza hist\u00f3rica del origen de la academia, adem\u00e1s de contar las an\u00e9cdotas vividas por ese primer grupo de valerosos hombres que ingresaron en aquella \u00e9poca.<\/p>\n\n\n\n<figure class=\"wp-block-image size-large\"><img loading=\"lazy\" decoding=\"async\" width=\"1024\" height=\"683\" src=\"https:\/\/diariodominicano.com\/wp-content\/uploads\/2022\/11\/314692718-9008377349176033-2834771922046819750-n-1024x683.jpg\" alt=\"\" class=\"wp-image-397711\" srcset=\"https:\/\/diariodominicano.com\/wp-content\/uploads\/2022\/11\/314692718-9008377349176033-2834771922046819750-n-1024x683.jpg 1024w, https:\/\/diariodominicano.com\/wp-content\/uploads\/2022\/11\/314692718-9008377349176033-2834771922046819750-n-300x200.jpg 300w, https:\/\/diariodominicano.com\/wp-content\/uploads\/2022\/11\/314692718-9008377349176033-2834771922046819750-n-768x512.jpg 768w, https:\/\/diariodominicano.com\/wp-content\/uploads\/2022\/11\/314692718-9008377349176033-2834771922046819750-n-816x544.jpg 816w, https:\/\/diariodominicano.com\/wp-content\/uploads\/2022\/11\/314692718-9008377349176033-2834771922046819750-n.jpg 1080w\" sizes=\"auto, (max-width: 1024px) 100vw, 1024px\" \/><\/figure>\n\n\n\n<figure class=\"wp-block-image size-large\"><img loading=\"lazy\" decoding=\"async\" width=\"1024\" height=\"683\" src=\"https:\/\/diariodominicano.com\/wp-content\/uploads\/2022\/11\/314892885-9008377305842704-3872856207487413071-n-1024x683.jpg\" alt=\"\" class=\"wp-image-397712\" srcset=\"https:\/\/diariodominicano.com\/wp-content\/uploads\/2022\/11\/314892885-9008377305842704-3872856207487413071-n-1024x683.jpg 1024w, https:\/\/diariodominicano.com\/wp-content\/uploads\/2022\/11\/314892885-9008377305842704-3872856207487413071-n-300x200.jpg 300w, https:\/\/diariodominicano.com\/wp-content\/uploads\/2022\/11\/314892885-9008377305842704-3872856207487413071-n-768x512.jpg 768w, https:\/\/diariodominicano.com\/wp-content\/uploads\/2022\/11\/314892885-9008377305842704-3872856207487413071-n-816x544.jpg 816w, https:\/\/diariodominicano.com\/wp-content\/uploads\/2022\/11\/314892885-9008377305842704-3872856207487413071-n.jpg 1080w\" sizes=\"auto, (max-width: 1024px) 100vw, 1024px\" \/><\/figure>\n\n\n\n<p>El acto estuvo encabezado por el Comandante General del Ej\u00e9rcito, Mayor General Carlos Antonio Fern\u00e1ndez Onofre, quien aprovech\u00f3 la ocasi\u00f3n para distinguir a los integrantes de esa promoci\u00f3n, entreg\u00e1ndoles certificados de reconocimiento por la trayectoria ejemplar que exhibieron durante toda su carrera militar, destac\u00e1ndose por el concepto del deber, liderazgo, honestidad, lealtad, disciplina y vocaci\u00f3n, que aplicaron para defender los mejores intereses de la naci\u00f3n, honrando con su rectitud a la patria y las instituciones castrenses.<\/p>\n\n\n\n<p>Tambi\u00e9n fue oficializada una misa en honor a esta Promoci\u00f3n de Cadetes en la capilla de la Academia Militar; al evento asistieron el General de Brigada \u00c1ngel Alfredo Camacho Ubiera, Subcomandante General del Ej\u00e9rcito, as\u00ed como el Coronel JhojanySurielOta\u00f1ez, Director Academia Militar \u201cBatalla de las Carreras\u201d, y miembros del Estado Mayor Coordinador de la instituci\u00f3n.<\/p>\n\n\n\n<p> <strong><em>Departamento de Prensa<\/em><\/strong> <\/p>\n\n\n\n<p><em><strong>Direcci\u00f3n de Asuntos Civiles del Estado Mayor Conjunto, J5<\/strong><\/em><\/p>\n\n\n\n<p><em><strong>Ministerio de Defensa de Rep\u00fablica Dominicana<\/strong><\/em><\/p>\n","protected":false},"excerpt":{"rendered":"<p>El acto estuvo encabezado por el Comandante General del Ej\u00e9rcito, Mayor General Carlos Antonio Fern\u00e1ndez Onofre, quien aprovech\u00f3 la ocasi\u00f3n para distinguir a los integrantes de esa promoci\u00f3n, entreg\u00e1ndoles certificados de reconocimiento por la trayectoria ejemplar que exhibieron durante toda su carrera militar La Primera Promoci\u00f3n de Cadetes de la Academia Militar \u00abBatalla de las [&hellip;]<\/p>\n","protected":false},"author":28,"featured_media":397704,"comment_status":"closed","ping_status":"","sticky":true,"template":"","format":"standard","meta":{"footnotes":""},"categories":[20,26,27],"tags":[],"class_list":["post-397688","post","type-post","status-publish","format-standard","has-post-thumbnail","hentry","category-dominicana-hoy","category-efemerides","category-portada"],"_links":{"self":[{"href":"https:\/\/diariodominicano.com\/index.php?rest_route=\/wp\/v2\/posts\/397688","targetHints":{"allow":["GET"]}}],"collection":[{"href":"https:\/\/diariodominicano.com\/index.php?rest_route=\/wp\/v2\/posts"}],"about":[{"href":"https:\/\/diariodominicano.com\/index.php?rest_route=\/wp\/v2\/types\/post"}],"author":[{"embeddable":true,"href":"https:\/\/diariodominicano.com\/index.php?rest_route=\/wp\/v2\/users\/28"}],"replies":[{"embeddable":true,"href":"https:\/\/diariodominicano.com\/index.php?rest_route=%2Fwp%2Fv2%2Fcomments&post=397688"}],"version-history":[{"count":3,"href":"https:\/\/diariodominicano.com\/index.php?rest_route=\/wp\/v2\/posts\/397688\/revisions"}],"predecessor-version":[{"id":397713,"href":"https:\/\/diariodominicano.com\/index.php?rest_route=\/wp\/v2\/posts\/397688\/revisions\/397713"}],"wp:featuredmedia":[{"embeddable":true,"href":"https:\/\/diariodominicano.com\/index.php?rest_route=\/wp\/v2\/media\/397704"}],"wp:attachment":[{"href":"https:\/\/diariodominicano.com\/index.php?rest_route=%2Fwp%2Fv2%2Fmedia&parent=397688"}],"wp:term":[{"taxonomy":"category","embeddable":true,"href":"https:\/\/diariodominicano.com\/index.php?rest_route=%2Fwp%2Fv2%2Fcategories&post=397688"},{"taxonomy":"post_tag","embeddable":true,"href":"https:\/\/diariodominicano.com\/index.php?rest_route=%2Fwp%2Fv2%2Ftags&post=397688"}],"curies":[{"name":"wp","href":"https:\/\/api.w.org\/{rel}","templated":true}]}}