{"id":397655,"date":"2022-11-15T20:12:56","date_gmt":"2022-11-16T00:12:56","guid":{"rendered":"http:\/\/diariodominicano.com\/?p=397655"},"modified":"2022-11-15T20:12:56","modified_gmt":"2022-11-16T00:12:56","slug":"pn-reporta-apresa-en-intervenciones-preventivas-a-6-personas-ocupa-tres-armas-de-fuego-sin-ningun-tipo-de-documentos","status":"publish","type":"post","link":"https:\/\/diariodominicano.com\/?p=397655","title":{"rendered":"PN reporta apresa en intervenciones preventivas a 6 personas; ocupa tres armas de fuego sin ning\u00fan tipo de documentos"},"content":{"rendered":"\n<p>Una pistola de las armas  retenidas por los agentes de la PN.<\/p>\n\n\n\n<figure class=\"wp-block-image size-full\"><img loading=\"lazy\" decoding=\"async\" width=\"64\" height=\"72\" src=\"https:\/\/diariodominicano.com\/wp-content\/uploads\/2022\/11\/pistola-en-Santiago-3.png\" alt=\"\" class=\"wp-image-397657\"\/><figcaption> Otra pistola ocupada en la intervenci\u00f3n policial. <\/figcaption><\/figure>\n\n\n\n<figure class=\"wp-block-image size-full\"><img loading=\"lazy\" decoding=\"async\" width=\"59\" height=\"74\" src=\"https:\/\/diariodominicano.com\/wp-content\/uploads\/2022\/11\/Pistolas-en-Santiago2.png\" alt=\"\" class=\"wp-image-397658\"\/><\/figure>\n\n\n\n<figure class=\"wp-block-table\"><table><tbody><tr><td><\/td><td><\/td><td><\/td><td><img decoding=\"async\" src=\"https:\/\/mail.google.com\/mail\/u\/1\/images\/cleardot.gif\" alt=\"\"><img decoding=\"async\" src=\"https:\/\/mail.google.com\/mail\/u\/1\/images\/cleardot.gif\" alt=\"\"><\/td><\/tr><tr><td><img decoding=\"async\" src=\"https:\/\/mail.google.com\/mail\/u\/1\/images\/cleardot.gif\" alt=\"\"><\/td><\/tr><\/tbody><\/table><\/figure>\n\n\n\n<p><strong>Santiago, RD, 15 de noviembre 2022.<\/strong>\u00a0Agentes de la Divisi\u00f3n de Investigaciones Criminales y de la Polic\u00eda Preventiva,\u00a0 apresaron a seis\u00a0\u00a0personas, tras ocuparles tres\u00a0\u00a0armas de fuego que portaban sin ning\u00fan tipo de documentos, en intervenciones preventivas focalizada en diversos sectores de  ciudad Santiago.<\/p>\n\n\n\n<p>Entre los prevenidos figuran Bryan Albert De La Cruz Luz\u00f3n, 30 a\u00f1os de edad\u00a0\u00a0y\u00a0\u00a0Jerry Antonio Tav\u00e1rez Luz\u00f3n<strong>,\u00a0<\/strong>\u00a026 a\u00f1os de edad, momentos en que estos transitaban a bordo de la Jeepeta\u00a0\u00a0Toyota, modelo 4 Runner, placa G116761, por la avenida Arroyo Hondo Arriba, quienes al ser requisados se les ocupo al primero en menci\u00f3n la pistola marca Glock, calibre 9mm\u00a0\u00a0serie NXZY841, con su cargador y 5 capsulas para la misma, la cual portaba sin\u00a0\u00a0ning\u00fan tipos de documentos.<\/p>\n\n\n\n<p>En otro hecho fue detenido Dagoberto De Jes\u00fas Ulloa Dom\u00ednguez, 65 a\u00f1os de edad, mientras transitaba a bordo de la&nbsp;&nbsp;Jeepeta Nissan Rogue SV, 4&#215;2, color rojo, placa G553908,por la autopista Joaqu\u00edn Balaguer, ocup\u00e1ndole la pistola marca ilegible cal. 9mm, con su cargador, la cual al ser depurada en nuestros archivos policiales figura a nombre de otra persona.<\/p>\n\n\n\n<p>Tambi\u00e9n resultaron detenidos Xaviel Augusto Alvarado Marte, de 28 a\u00f1os de edad,\u00a0\u00a0\u00a0Edwil Antonio Ferreira Duarte,\u00a0\u00a0de 37 a\u00f1os,\u00a0\u00a0y V\u00edctor Manuel Rodr\u00edguez, de 26 a\u00f1os, momentos que se encontraban por el \u00e1rea monumental ocup\u00e1ndole al primero, la pistola marca Glock, calibre 9 mil\u00edmetros, Serie AGBX618, con su cargador y 8 capsulas\u00a0\u00a0para la misma.<\/p>\n\n\n\n<p>policia nacional<a rel=\"noreferrer noopener\" target=\"_blank\" href=\"mailto:npolicia14@gmail.com\">npolicia14@gmail.com<\/a><\/p>\n","protected":false},"excerpt":{"rendered":"<p>Una pistola de las armas retenidas por los agentes de la PN. Santiago, RD, 15 de noviembre 2022.\u00a0Agentes de la Divisi\u00f3n de Investigaciones Criminales y de la Polic\u00eda Preventiva,\u00a0 apresaron a seis\u00a0\u00a0personas, tras ocuparles tres\u00a0\u00a0armas de fuego que portaban sin ning\u00fan tipo de documentos, en intervenciones preventivas focalizada en diversos sectores de ciudad Santiago. Entre [&hellip;]<\/p>\n","protected":false},"author":28,"featured_media":397656,"comment_status":"closed","ping_status":"","sticky":true,"template":"","format":"standard","meta":{"footnotes":""},"categories":[29,27],"tags":[],"class_list":["post-397655","post","type-post","status-publish","format-standard","has-post-thumbnail","hentry","category-policiasucesos","category-portada"],"_links":{"self":[{"href":"https:\/\/diariodominicano.com\/index.php?rest_route=\/wp\/v2\/posts\/397655","targetHints":{"allow":["GET"]}}],"collection":[{"href":"https:\/\/diariodominicano.com\/index.php?rest_route=\/wp\/v2\/posts"}],"about":[{"href":"https:\/\/diariodominicano.com\/index.php?rest_route=\/wp\/v2\/types\/post"}],"author":[{"embeddable":true,"href":"https:\/\/diariodominicano.com\/index.php?rest_route=\/wp\/v2\/users\/28"}],"replies":[{"embeddable":true,"href":"https:\/\/diariodominicano.com\/index.php?rest_route=%2Fwp%2Fv2%2Fcomments&post=397655"}],"version-history":[{"count":1,"href":"https:\/\/diariodominicano.com\/index.php?rest_route=\/wp\/v2\/posts\/397655\/revisions"}],"predecessor-version":[{"id":397659,"href":"https:\/\/diariodominicano.com\/index.php?rest_route=\/wp\/v2\/posts\/397655\/revisions\/397659"}],"wp:featuredmedia":[{"embeddable":true,"href":"https:\/\/diariodominicano.com\/index.php?rest_route=\/wp\/v2\/media\/397656"}],"wp:attachment":[{"href":"https:\/\/diariodominicano.com\/index.php?rest_route=%2Fwp%2Fv2%2Fmedia&parent=397655"}],"wp:term":[{"taxonomy":"category","embeddable":true,"href":"https:\/\/diariodominicano.com\/index.php?rest_route=%2Fwp%2Fv2%2Fcategories&post=397655"},{"taxonomy":"post_tag","embeddable":true,"href":"https:\/\/diariodominicano.com\/index.php?rest_route=%2Fwp%2Fv2%2Ftags&post=397655"}],"curies":[{"name":"wp","href":"https:\/\/api.w.org\/{rel}","templated":true}]}}