{"id":39760,"date":"2020-02-18T12:34:05","date_gmt":"2020-02-18T12:34:05","guid":{"rendered":"http:\/\/diariodominicano.ddns.net\/?p=39760"},"modified":"2020-02-18T12:34:05","modified_gmt":"2020-02-18T12:34:05","slug":"rd-ante-otra-crisis-politica-e-institucional","status":"publish","type":"post","link":"https:\/\/diariodominicano.com\/?p=39760","title":{"rendered":"RD, \u00bfante otra crisis pol\u00edtica e institucional?"},"content":{"rendered":"<p><body><\/p>\n<p><strong>RD, \u00bfante otra crisis pol\u00edtica e institucional?<\/strong><\/p>\n<p><strong>Manuel D\u00edaz Aponte <\/strong><\/p>\n<\/p>\n<p>Nadie quisiera pensar que Rep\u00fablica Dominicana se encamina a nueva crisis pol\u00edtica e institucional tras la suspensi\u00f3n de las elecciones nacionales municipales, que debieron realizarse este domingo 16 de febrero.<\/p>\n<\/p>\n<p>Es un hecho hist\u00f3rico in\u00e9dito que deja muy mal parada la imagen del pa\u00eds y de la actual Junta Central Electoral (JCE), cuyo presidente Julio C\u00e9sar Casta\u00f1os Guzm\u00e1n, ha admitido que se trat\u00f3 de fallas en el sistema del voto automatizado.<\/p>\n<\/p>\n<p>Aunque dio seguridad de que se investigar\u00e1 profundamente las causas de los problemas t\u00e9cnicos presentados dijo textualmente a la prensa que: \u00abAfrontamos las consecuencias con responsabilidad\u00bb.<\/p>\n<\/p>\n<p>Se trata de un hecho grav\u00edsimo para la estabilidad democr\u00e1tica del pa\u00eds que merece una investigaci\u00f3n exhaustiva y aplicaci\u00f3n de sanciones. <\/p>\n<\/p>\n<p>El gobierno y todos los actores pol\u00edticos nacionales est\u00e1n obligados a encontrar una salida armoniosa a este lamentable episodio que imposibilit\u00f3 que millares de ciudadanos ejercieran su legitimo derecho a elegir libremente sus nuevas autoridades municipales.<\/p>\n<\/p>\n<p>De pronto, a nivel internacional este hecho impacta negativamente sobre el pa\u00eds y es por ello que debemos buscarle una r\u00e1pida soluci\u00f3n evit\u00e1ndose que afecte nuestra econom\u00eda.<\/p>\n<\/p>\n<p>El Consejo Nacional de la Empresa Privada (CONEP) pidi\u00f3 investigar con urgencia las causas que originaron la suspensi\u00f3n del proceso eleccionario.<\/p>\n<\/p>\n<p>Diversos sectores de la sociedad dominicana demandan la renuncia del pleno de la JCE, y el oficialista Partido de la Liberaci\u00f3n Dominicana y aliados acusan a la oposici\u00f3n de \u00absabotear\u00bb  los comicios con el supuesto apoyo de sectores internos del m\u00e1ximo tribunal electoral.<\/p>\n<\/p>\n<p>Crisis Institucional<\/p>\n<\/p>\n<p>El candidato presidencial del Partido Revolucionario Moderno (PRM), Luis Abinader, dijo que las autoridades han conducido al pa\u00eds a una profunda crisis institucional.<\/p>\n<\/p>\n<p>Sobre la Junta Central Electoral asegur\u00f3 que \u00abfracas\u00f3\u00bb en el montaje del certamen, citando que m\u00e1s del 80% de los equipos que emplear\u00edan el voto automatizado fall\u00f3.<\/p>\n<\/p>\n<p>\u00abConstituye un hecho sin precedente y un grave atropello a los derechos democr\u00e1ticos el que los ciudadanos dominicanos no hayamos podido ejercer libremente el derecho a elegir y ser elegidos, como lo consagran la Constituci\u00f3n y las leyes de la Rep\u00fablica Dominicana\u00bb, observ\u00f3 el l\u00edder opositor.<\/p>\n<\/p>\n<p>De su lado, El Movimiento C\u00edvico Participaci\u00f3n Ciudadana entiende que con el fracaso en el uso del voto automatizado se confirmaron los temores y aprensiones que previamente expuso esa entidad y otros sectores pol\u00edticos sobre su implementaci\u00f3n.<\/p>\n<\/p>\n<p>Lo cierto es que estamos ante un cuadro preocupante que amerita que todo el liderazgo pol\u00edtico act\u00fae con tacto y mucha prudencia.<\/p>\n<\/p>\n<p>No podemos conducir al pa\u00eds a una nueva crisis pos electoral en medio de tantas dificultades econ\u00f3micas y sociales que castigan con mayor fuerza a los grupos empobrecidos.<\/p>\n<\/p>\n<p>Nuevamente la sociedad dominicana dio muestras de civismo acudiendo con entusiasmo y ordenadamente a las urnas. Ahora les toca a los actores que m\u00e1s se benefician del sistema democr\u00e1tico dar el ejemplo.<\/p>\n<\/p>\n<p>Evitemos la Violencia<\/p>\n<\/p>\n<p>Hay que condenar la violencia desatada en Los Guaricanos, Santo Domingo, donde una persona muri\u00f3 y varios resultaron  heridos en trifulcas tras la suspensi\u00f3n de las elecciones municipales.<\/p>\n<\/p>\n<p>Tambi\u00e9n los enfrentamientos en la provincia de Barahona y en particular en el municipio de Enriquillo, donde hubo heridos de balas.<\/p>\n<\/p>\n<p>La se\u00f1al del liderazgo pol\u00edtico en estos momentos de tensiones debe estar orientada a preservar la paz, que prevalezca la sensatez para evitar otros hechos de sangre.<\/p>\n<\/p>\n<p>No incentivemos la violencia entre los dominicanos porque las consecuencias podr\u00edan llevarnos al abismo.<\/p>\n<\/p>\n<p>La econom\u00eda de servicios que genera las mayores fuentes de ingresos en los hogares del territorio nacional se ver\u00edan seriamente afectadas si se produce una agudizaci\u00f3n de esta crisis institucional.<\/p>\n<\/p>\n<p>El costo del montaje de las suspendidas elecciones municipales asciende a m\u00e1s de tres mil millones de pesos, recursos que servir\u00edan para edificar varios centros escolares y hospitales.<\/p>\n<\/p>\n<p>\u00bfQu\u00e9 dejar\u00eda una crisis pol\u00edtica de gran magnitud en el pa\u00eds?  \u00bfCu\u00e1les consecuencias inmediatas impactar\u00edan a la Rep\u00fablica Dominicana en el plano local e internacional?<\/p>\n<\/p>\n<p>Ser\u00edan factores adversos en todos los \u00f3rdenes que debemos evitar por encima del inter\u00e9s partidario.<\/p>\n<\/p>\n<p>Art\u00edculo de Manuel D\u00edaz Aponte                            <\/p>\n<\/p>\n<h6> 2020-02-18 12:34:05 <\/h6>\n<p><!--\n<link rel=\"stylesheet\" href=\"css\/bootstrap.min.css\">\n\n\n<ul class=\"pagination\">\n\t    \n\t\n\n<li >\n\t<a href='?page_no=303'>Previous<\/a>\n\t<\/li>\n\n\n       \n    \n\n<li><a href='?page_no=1'>1<\/a><\/li>\n\n\n\n<li><a href='?page_no=2'>2<\/a><\/li>\n\n\n\n<li><a>...<\/a><\/li>\n\n\n\n<li><a href='?page_no=302'>302<\/a><\/li>\n\n\n\n<li><a href='?page_no=303'>303<\/a><\/li>\n\n\n\n<li class='active'><a>304<\/a><\/li>\n\n\n\n<li><a href='?page_no=305'>305<\/a><\/li>\n\n\n\n<li><a href='?page_no=306'>306<\/a><\/li>\n\n\n\n<li><a>...<\/a><\/li>\n\n\n\n<li><a href='?page_no=13611'>13611<\/a><\/li>\n\n\n\n<li><a href='?page_no=13612'>13612<\/a><\/li>\n\n    \n\t\n\n<li >\n\t<a href='?page_no=305'>Next<\/a>\n\t<\/li>\n\n\n    \n\n<li><a href='?page_no=13612'>Last &rsaquo;&rsaquo;<\/a><\/li>\n\n<\/ul>\n\n\n--><br \/>\n<\/body><\/p>\n","protected":false},"excerpt":{"rendered":"<p>RD, \u00bfante otra crisis pol\u00edtica e institucional? Manuel D\u00edaz Aponte Nadie quisiera pensar que Rep\u00fablica Dominicana se encamina a nueva crisis pol\u00edtica e institucional tras la suspensi\u00f3n de las elecciones nacionales municipales, que debieron realizarse este domingo 16 de febrero. Es un hecho hist\u00f3rico in\u00e9dito que deja muy mal parada la imagen del pa\u00eds y [&hellip;]<\/p>\n","protected":false},"author":3,"featured_media":0,"comment_status":"open","ping_status":"open","sticky":false,"template":"","format":"standard","meta":{"footnotes":""},"categories":[16],"tags":[],"class_list":["post-39760","post","type-post","status-publish","format-standard","hentry","category-opiniones"],"_links":{"self":[{"href":"https:\/\/diariodominicano.com\/index.php?rest_route=\/wp\/v2\/posts\/39760","targetHints":{"allow":["GET"]}}],"collection":[{"href":"https:\/\/diariodominicano.com\/index.php?rest_route=\/wp\/v2\/posts"}],"about":[{"href":"https:\/\/diariodominicano.com\/index.php?rest_route=\/wp\/v2\/types\/post"}],"author":[{"embeddable":true,"href":"https:\/\/diariodominicano.com\/index.php?rest_route=\/wp\/v2\/users\/3"}],"replies":[{"embeddable":true,"href":"https:\/\/diariodominicano.com\/index.php?rest_route=%2Fwp%2Fv2%2Fcomments&post=39760"}],"version-history":[{"count":0,"href":"https:\/\/diariodominicano.com\/index.php?rest_route=\/wp\/v2\/posts\/39760\/revisions"}],"wp:attachment":[{"href":"https:\/\/diariodominicano.com\/index.php?rest_route=%2Fwp%2Fv2%2Fmedia&parent=39760"}],"wp:term":[{"taxonomy":"category","embeddable":true,"href":"https:\/\/diariodominicano.com\/index.php?rest_route=%2Fwp%2Fv2%2Fcategories&post=39760"},{"taxonomy":"post_tag","embeddable":true,"href":"https:\/\/diariodominicano.com\/index.php?rest_route=%2Fwp%2Fv2%2Ftags&post=39760"}],"curies":[{"name":"wp","href":"https:\/\/api.w.org\/{rel}","templated":true}]}}