{"id":397530,"date":"2022-11-15T00:39:31","date_gmt":"2022-11-15T04:39:31","guid":{"rendered":"http:\/\/diariodominicano.com\/?p=397530"},"modified":"2022-11-15T00:39:31","modified_gmt":"2022-11-15T04:39:31","slug":"el-dia-que-nacio-jose-reyes-2","status":"publish","type":"post","link":"https:\/\/diariodominicano.com\/?p=397530","title":{"rendered":"El d\u00eda que naci\u00f3 Jos\u00e9 Reyes"},"content":{"rendered":"\n<p>Por  HTN<\/p>\n\n\n\n<p>Diariodominicano.com<\/p>\n\n\n\n<p>SANTO DOMINGO, el 15 de noviembre de 1835, naci\u00f3 en\u00a0 ciudad Santo Domingo, Jos\u00e9 Reyes, quien se destac\u00f3 como m\u00fasico.<\/p>\n\n\n\n<p>&nbsp;&nbsp;&nbsp; Jos\u00e9 Reyes es el autor de la m\u00fasica del Himno Nacional de la Rep\u00fablica Dominicana, tocado por primera vez el d\u00eda 17 de agosto de 1883, en un acto celebrado en la Logia Esperanza, de Santo Domingo.<\/p>\n\n\n\n<p>&nbsp;&nbsp;&nbsp; El Himno Nacional fue escrito por el abogado y educador Emilio Prud&#8217; Homme.<\/p>\n\n\n\n<p>&nbsp;&nbsp;&nbsp;&nbsp; Jos\u00e9 Reyes falleci\u00f3 en la ciudad de Santo Domingo, el 31 de enero de 1905.<\/p>\n\n\n\n<p>&nbsp;&nbsp;&nbsp;&nbsp;&nbsp; El historiador Rufino Mart\u00ednez se\u00f1ala que el autor de la m\u00fasica del Himno Nacional vivi\u00f3 una vida sencilla, modesta y nunca reclam\u00f3 honores.<\/p>\n","protected":false},"excerpt":{"rendered":"<p>Por HTN Diariodominicano.com SANTO DOMINGO, el 15 de noviembre de 1835, naci\u00f3 en\u00a0 ciudad Santo Domingo, Jos\u00e9 Reyes, quien se destac\u00f3 como m\u00fasico. &nbsp;&nbsp;&nbsp; Jos\u00e9 Reyes es el autor de la m\u00fasica del Himno Nacional de la Rep\u00fablica Dominicana, tocado por primera vez el d\u00eda 17 de agosto de 1883, en un acto celebrado en [&hellip;]<\/p>\n","protected":false},"author":28,"featured_media":262416,"comment_status":"closed","ping_status":"","sticky":true,"template":"","format":"standard","meta":{"footnotes":""},"categories":[36,26],"tags":[],"class_list":["post-397530","post","type-post","status-publish","format-standard","has-post-thumbnail","hentry","category-hombresmujeresycosas","category-efemerides"],"_links":{"self":[{"href":"https:\/\/diariodominicano.com\/index.php?rest_route=\/wp\/v2\/posts\/397530","targetHints":{"allow":["GET"]}}],"collection":[{"href":"https:\/\/diariodominicano.com\/index.php?rest_route=\/wp\/v2\/posts"}],"about":[{"href":"https:\/\/diariodominicano.com\/index.php?rest_route=\/wp\/v2\/types\/post"}],"author":[{"embeddable":true,"href":"https:\/\/diariodominicano.com\/index.php?rest_route=\/wp\/v2\/users\/28"}],"replies":[{"embeddable":true,"href":"https:\/\/diariodominicano.com\/index.php?rest_route=%2Fwp%2Fv2%2Fcomments&post=397530"}],"version-history":[{"count":1,"href":"https:\/\/diariodominicano.com\/index.php?rest_route=\/wp\/v2\/posts\/397530\/revisions"}],"predecessor-version":[{"id":397531,"href":"https:\/\/diariodominicano.com\/index.php?rest_route=\/wp\/v2\/posts\/397530\/revisions\/397531"}],"wp:featuredmedia":[{"embeddable":true,"href":"https:\/\/diariodominicano.com\/index.php?rest_route=\/wp\/v2\/media\/262416"}],"wp:attachment":[{"href":"https:\/\/diariodominicano.com\/index.php?rest_route=%2Fwp%2Fv2%2Fmedia&parent=397530"}],"wp:term":[{"taxonomy":"category","embeddable":true,"href":"https:\/\/diariodominicano.com\/index.php?rest_route=%2Fwp%2Fv2%2Fcategories&post=397530"},{"taxonomy":"post_tag","embeddable":true,"href":"https:\/\/diariodominicano.com\/index.php?rest_route=%2Fwp%2Fv2%2Ftags&post=397530"}],"curies":[{"name":"wp","href":"https:\/\/api.w.org\/{rel}","templated":true}]}}