{"id":39738,"date":"2020-02-19T12:00:19","date_gmt":"2020-02-19T12:00:19","guid":{"rendered":"http:\/\/diariodominicano.ddns.net\/?p=39738"},"modified":"2020-02-19T12:00:19","modified_gmt":"2020-02-19T12:00:19","slug":"a-recobrar-la-calma-y-retomar-el-proceso","status":"publish","type":"post","link":"https:\/\/diariodominicano.com\/?p=39738","title":{"rendered":"&#13;A RECOBRAR LA CALMA Y RETOMAR EL PROCESO"},"content":{"rendered":"<p><body><\/p>\n<p>EN PRIMERA FILA<\/p>\n<\/p>\n<p>A RECOBRAR LA CALMA Y RETOMAR EL PROCESO<\/p>\n<p>Mario Rivadulla<\/p>\n<\/p>\n<p>Necesario como resultado del desconcierto y desasosiego originados por la inesperada suspensi\u00f3n de las elecciones municipales, que ofrec\u00edan la impresi\u00f3n de que ser\u00edan muy concurridas y que hasta ese momento se estaban efectuando con normalidad en los municipios y distritos donde se efectuaban bajo la tradicional modalidad del voto manual,  fue oportuno, y al margen de toda consideraci\u00f3n partidaria, vale reconocer que fue aquietador de pasiones el discurso del presidente Danilo Medina.<\/p>\n<\/p>\n<p>El mandatario ofreci\u00f3 garant\u00edas que el gobierno actuar\u00e1 con responsabilidad y brindar\u00e1 todo su apoyo a las instituciones para preservar el Estado de Derecho, al tiempo de exhortar a la Junta Central Electoral para llevar adelante los procesos electivos a fin de que los ciudadanos puedan expresar libremente su voluntad en el marco de un ejercicio democr\u00e1tico justo y transparente.  <\/p>\n<\/p>\n<p>A\u00fan cuando los partidos pol\u00edticos se han quejado de que la Junta Central Electoral fij\u00f3 la nueva fecha de las suspendidas elecciones de manera intempestiva y sin previa consulta con los mismos, creemos que no debe ser obst\u00e1culo ni convertirse en un nuevo motivo de mayor controversia.<\/p>\n<\/p>\n<p>Visto desde un \u00e1ngulo m\u00e1s realista, consideramos que con su pronta escogencia salv\u00f3 un vac\u00edo de incertidumbre que solo hubiese contribuido a generar mayor desasosiego.   Desde el punto de vista pr\u00e1ctico juega con el  menor tiempo preciso de que se dispone ahora para llevar adelante la consulta dentro del apretado calendario establecido por la Constituci\u00f3n para la posterior celebraci\u00f3n de las elecciones presidenciales y congresuales.<\/p>\n<\/p>\n<p>Procedente y prudente ahora que a la mayor brevedad, los partidos pol\u00edticos y el pleno de la Junta coordinen las acciones necesarias para garantizar que las elecciones del 15 de marzo puedan celebrarse con toda normalidad, dentro de un marco de equidad, que permita que los votantes puedan expresar libremente su voluntad sin la menor interferencia.  Dado que el tiempo apremia, es un encuentro plenario que   la Junta ya convoc\u00f3 para este mi\u00e9rcoles.<\/p>\n<\/p>\n<p>Y en otro orden, ya en el plano indispensable de establecer las causas y depurar posibles responsabilidades, llevar a cabo un investigaci\u00f3n exhaustiva, profunda y cre\u00edble de cual o cuales fueron las causas que provocaron el sorpresivo colapso del sistema automatizado.  <\/p>\n<\/p>\n<p>Dado que el da\u00f1o provocado ha sido de tal amplitud y magnitud, de existir causa probable de sabotaje, el o los responsables directos y el o los probables instigadores, sean quienes sean, tienen que pagar en justicia por los graves perjuicios derivados de su acci\u00f3n que pudieron haber llegado al punto de poner en riesgo la estabilidad institucional de no haberse comportado la ciudadan\u00eda con ejemplar sensatez.<\/p>\n<\/p>\n<p>Para llevar a cabo la investigaci\u00f3n, desde el punto de vista t\u00e9cnico, se ha propuesto que esta se lleve a cabo con la intervenci\u00f3n directa de la IFES, la prestigiosa agencia auditora gestionada a trav\u00e9s de la embajada estadounidense y financiada por la USAID.  Su intervenci\u00f3n, sin dudas, otorgar\u00eda mayor garant\u00eda y sello de credibilidad a la indagatoria.<\/p>\n<\/p>\n<p>De igual modo que la presencia y participaci\u00f3n de la comisi\u00f3n de notables enviada por la OEA que encabeza el ex presidente chileno Eduardo Frei hasta completar el calendario electoral, servir\u00eda de aval al desenvolvimiento y resultado transparente de los procesos que abarca el mismo, tal como ocurri\u00f3 en Bolivia.  Por suerte, ya el propio Frei, el mismo domingo, al justificar y apoyar la decisi\u00f3n de suspender las elecciones, inform\u00f3 que despu\u00e9s de comunicarse con Luis Almagro, Secretario General del organismo regional, este le hab\u00eda impartido instrucciones en ese mismo sentido. <\/p>\n<\/p>\n<p>Solo queda ahora enfocarse en la convocatoria del  15 de marzo, aprovechando los errores de esta amarga experiencia para no incurrir de nuevo en los mismos y ser coprotagonistas la Junta y los partidos pol\u00edticos que participar\u00e1n en la justa, de un evento exitoso que nos sirva de modelo para las posteriores elecciones presidenciales y congresuales que, a trav\u00e9s de un ejercicio transparente, coloque la responsabilidad de regir los destinos del pa\u00eds en manos del gobierno que surja de las urnas.<\/p>\n<\/p>\n<p>Lo que se impone ahora es recobrar la calma y retomar el proceso.<\/p>\n<\/p>\n<h6> 2020-02-19 12:00:19 <\/h6>\n<p><!--\n<link rel=\"stylesheet\" href=\"css\/bootstrap.min.css\">\n\n\n<ul class=\"pagination\">\n\t    \n\t\n\n<li >\n\t<a href='?page_no=301'>Previous<\/a>\n\t<\/li>\n\n\n       \n    \n\n<li><a href='?page_no=1'>1<\/a><\/li>\n\n\n\n<li><a href='?page_no=2'>2<\/a><\/li>\n\n\n\n<li><a>...<\/a><\/li>\n\n\n\n<li><a href='?page_no=300'>300<\/a><\/li>\n\n\n\n<li><a href='?page_no=301'>301<\/a><\/li>\n\n\n\n<li class='active'><a>302<\/a><\/li>\n\n\n\n<li><a href='?page_no=303'>303<\/a><\/li>\n\n\n\n<li><a href='?page_no=304'>304<\/a><\/li>\n\n\n\n<li><a>...<\/a><\/li>\n\n\n\n<li><a href='?page_no=13611'>13611<\/a><\/li>\n\n\n\n<li><a href='?page_no=13612'>13612<\/a><\/li>\n\n    \n\t\n\n<li >\n\t<a href='?page_no=303'>Next<\/a>\n\t<\/li>\n\n\n    \n\n<li><a href='?page_no=13612'>Last &rsaquo;&rsaquo;<\/a><\/li>\n\n<\/ul>\n\n\n--><br \/>\n<\/body><\/p>\n","protected":false},"excerpt":{"rendered":"<p>EN PRIMERA FILA A RECOBRAR LA CALMA Y RETOMAR EL PROCESO Mario Rivadulla Necesario como resultado del desconcierto y desasosiego originados por la inesperada suspensi\u00f3n de las elecciones municipales, que ofrec\u00edan la impresi\u00f3n de que ser\u00edan muy concurridas y que hasta ese momento se estaban efectuando con normalidad en los municipios y distritos donde se [&hellip;]<\/p>\n","protected":false},"author":3,"featured_media":0,"comment_status":"open","ping_status":"open","sticky":false,"template":"","format":"standard","meta":{"footnotes":""},"categories":[16],"tags":[],"class_list":["post-39738","post","type-post","status-publish","format-standard","hentry","category-opiniones"],"_links":{"self":[{"href":"https:\/\/diariodominicano.com\/index.php?rest_route=\/wp\/v2\/posts\/39738","targetHints":{"allow":["GET"]}}],"collection":[{"href":"https:\/\/diariodominicano.com\/index.php?rest_route=\/wp\/v2\/posts"}],"about":[{"href":"https:\/\/diariodominicano.com\/index.php?rest_route=\/wp\/v2\/types\/post"}],"author":[{"embeddable":true,"href":"https:\/\/diariodominicano.com\/index.php?rest_route=\/wp\/v2\/users\/3"}],"replies":[{"embeddable":true,"href":"https:\/\/diariodominicano.com\/index.php?rest_route=%2Fwp%2Fv2%2Fcomments&post=39738"}],"version-history":[{"count":0,"href":"https:\/\/diariodominicano.com\/index.php?rest_route=\/wp\/v2\/posts\/39738\/revisions"}],"wp:attachment":[{"href":"https:\/\/diariodominicano.com\/index.php?rest_route=%2Fwp%2Fv2%2Fmedia&parent=39738"}],"wp:term":[{"taxonomy":"category","embeddable":true,"href":"https:\/\/diariodominicano.com\/index.php?rest_route=%2Fwp%2Fv2%2Fcategories&post=39738"},{"taxonomy":"post_tag","embeddable":true,"href":"https:\/\/diariodominicano.com\/index.php?rest_route=%2Fwp%2Fv2%2Ftags&post=39738"}],"curies":[{"name":"wp","href":"https:\/\/api.w.org\/{rel}","templated":true}]}}