{"id":39727,"date":"2020-02-20T00:03:23","date_gmt":"2020-02-20T00:03:23","guid":{"rendered":"http:\/\/diariodominicano.ddns.net\/?p=39727"},"modified":"2020-02-20T00:03:23","modified_gmt":"2020-02-20T00:03:23","slug":"a-pleno-solsalida-elecciones","status":"publish","type":"post","link":"https:\/\/diariodominicano.com\/?p=39727","title":{"rendered":"A Pleno Sol&#13;&#13;\u00bfSalida?: \u00a1Elecciones!&#13;"},"content":{"rendered":"<p><body><\/p>\n<p>A Pleno Sol<\/p>\n<\/p>\n<p>\u00bfSalida?: \u00a1Elecciones!<\/p>\n<\/p>\n<p><strong>Por Manuel Hern\u00e1ndez Villeta<\/strong><\/p>\n<\/p>\n<\/p>\n<p>El pa\u00eds tiene que seguir adelante, mientras se debate el tema electoral. La econom\u00eda no se puede detener, la agenda diaria debe evolucionar de acuerdo a las necesidades colectivas.<\/p>\n<\/p>\n<p>Si todo el conglomerado nacional cae en crisis, al igual que las elecciones, el golpe ser\u00e1 peor. Desde luego, el tema electoral afecta a todos, y no a partidos en particular, pero se debe comprender que la maquinaria productiva no puede estancarse.<\/p>\n<\/p>\n<p>De ah\u00ed la importancia de que se encuentre una soluci\u00f3n a esta crisis electoral. Estamos hablando de un problema donde se van a tener que transitar  tres elecciones m\u00e1s. Cada tramo ser\u00e1 problem\u00e1tico, y la prueba central ser\u00e1 con las presidenciales.<\/p>\n<\/p>\n<p>Para salvar el primer tramo debe darse unificaci\u00f3n  de esfuerzos entre los partidos pol\u00edticos y la Junta Central Electoral. Deben tratar de establecer la l\u00ednea de trabajo que lleve a la celebraci\u00f3n de las elecciones municipales.<\/p>\n<\/p>\n<p>De por medio est\u00e1 la investigaci\u00f3n para demostrar culpables de las irregularidades que se cometieron en el fracasado torneo. Esas investigaciones deben comenzar en el acto, y en l\u00ednea paralela ir transitando junto a la preparaci\u00f3n de las elecciones.<\/p>\n<\/p>\n<p>Sin una investigaci\u00f3n y sanciones a los responsables,  los mismos sinsabores se conocer\u00e1n en las venideras municipales. Ya es dif\u00edcil poder rescatar credibilidades personales e institucionales en torno a la Junta Central Electoral, pero no hay tiempo para renuncias y cambios.<\/p>\n<\/p>\n<p>Diferentes sectores piden la renuncia de los jueces electorales, y ello en la pr\u00e1ctica no es posible. En menos de un mes no se podr\u00eda nombrar a una nueva JCE, con titulares y suplentes.  Y sin jueces electorales no hay elecciones.<\/p>\n<\/p>\n<p>El presidente de la JCE dijo que \u00e9l y sus compa\u00f1eros solo van a salir de all\u00ed mediante un juicio pol\u00edtico en el Congreso Nacional. Solo pensarlo es traer el caos. En el dividido Congreso hacer juicio pol\u00edtico electoral, ser\u00eda  una locura.<\/p>\n<\/p>\n<p>Los dominicanos tienen que seguir con sus actividades normales. No pararlo todo a la espera de las soluciones electorales. La mayor parte de la poblaci\u00f3n no milita en partidos pol\u00edticos, y merece respeto.<\/p>\n<\/p>\n<p>Adem\u00e1s, hay una agenda diaria inconclusa que va desde los aumentos de la prima del d\u00f3lar, hasta  los apagones y la falta de energ\u00eda el\u00e9ctrica. Mientras se debate el tema electoral, hay comerciantes que aumenta a su libre albedrio los precios de los art\u00edculos de primera necesidad.<\/p>\n<\/p>\n<p>El rejuego democr\u00e1tico tiene alegr\u00edas, dolores y tristezas. Hay que hacer sacrificios y consensuar. Llegar a acuerdo que permitan la celebraci\u00f3n de las elecciones. El camino est\u00e1 empedrado y hay nubarrones, pero las elecciones es la \u00fanica salida. Ninguna otra soluci\u00f3n fuera de las elecciones, es aceptable. \u00a1Ay!, se me acab\u00f3 la tinta.<\/p>\n<\/p>\n<\/p>\n<h6> 2020-02-20 00:03:23 <\/h6>\n<p><!--\n<link rel=\"stylesheet\" href=\"css\/bootstrap.min.css\">\n\n\n<ul class=\"pagination\">\n\t    \n\t\n\n<li >\n\t<a href='?page_no=300'>Previous<\/a>\n\t<\/li>\n\n\n       \n    \n\n<li><a href='?page_no=1'>1<\/a><\/li>\n\n\n\n<li><a href='?page_no=2'>2<\/a><\/li>\n\n\n\n<li><a>...<\/a><\/li>\n\n\n\n<li><a href='?page_no=299'>299<\/a><\/li>\n\n\n\n<li><a href='?page_no=300'>300<\/a><\/li>\n\n\n\n<li class='active'><a>301<\/a><\/li>\n\n\n\n<li><a href='?page_no=302'>302<\/a><\/li>\n\n\n\n<li><a href='?page_no=303'>303<\/a><\/li>\n\n\n\n<li><a>...<\/a><\/li>\n\n\n\n<li><a href='?page_no=13611'>13611<\/a><\/li>\n\n\n\n<li><a href='?page_no=13612'>13612<\/a><\/li>\n\n    \n\t\n\n<li >\n\t<a href='?page_no=302'>Next<\/a>\n\t<\/li>\n\n\n    \n\n<li><a href='?page_no=13612'>Last &rsaquo;&rsaquo;<\/a><\/li>\n\n<\/ul>\n\n\n--><br \/>\n<\/body><\/p>\n","protected":false},"excerpt":{"rendered":"<p>A Pleno Sol \u00bfSalida?: \u00a1Elecciones! Por Manuel Hern\u00e1ndez Villeta El pa\u00eds tiene que seguir adelante, mientras se debate el tema electoral. La econom\u00eda no se puede detener, la agenda diaria debe evolucionar de acuerdo a las necesidades colectivas. Si todo el conglomerado nacional cae en crisis, al igual que las elecciones, el golpe ser\u00e1 peor. [&hellip;]<\/p>\n","protected":false},"author":3,"featured_media":0,"comment_status":"open","ping_status":"open","sticky":false,"template":"","format":"standard","meta":{"footnotes":""},"categories":[16],"tags":[],"class_list":["post-39727","post","type-post","status-publish","format-standard","hentry","category-opiniones"],"_links":{"self":[{"href":"https:\/\/diariodominicano.com\/index.php?rest_route=\/wp\/v2\/posts\/39727","targetHints":{"allow":["GET"]}}],"collection":[{"href":"https:\/\/diariodominicano.com\/index.php?rest_route=\/wp\/v2\/posts"}],"about":[{"href":"https:\/\/diariodominicano.com\/index.php?rest_route=\/wp\/v2\/types\/post"}],"author":[{"embeddable":true,"href":"https:\/\/diariodominicano.com\/index.php?rest_route=\/wp\/v2\/users\/3"}],"replies":[{"embeddable":true,"href":"https:\/\/diariodominicano.com\/index.php?rest_route=%2Fwp%2Fv2%2Fcomments&post=39727"}],"version-history":[{"count":0,"href":"https:\/\/diariodominicano.com\/index.php?rest_route=\/wp\/v2\/posts\/39727\/revisions"}],"wp:attachment":[{"href":"https:\/\/diariodominicano.com\/index.php?rest_route=%2Fwp%2Fv2%2Fmedia&parent=39727"}],"wp:term":[{"taxonomy":"category","embeddable":true,"href":"https:\/\/diariodominicano.com\/index.php?rest_route=%2Fwp%2Fv2%2Fcategories&post=39727"},{"taxonomy":"post_tag","embeddable":true,"href":"https:\/\/diariodominicano.com\/index.php?rest_route=%2Fwp%2Fv2%2Ftags&post=39727"}],"curies":[{"name":"wp","href":"https:\/\/api.w.org\/{rel}","templated":true}]}}