{"id":397239,"date":"2022-11-14T00:01:51","date_gmt":"2022-11-14T04:01:51","guid":{"rendered":"http:\/\/diariodominicano.com\/?p=397239"},"modified":"2022-11-14T00:05:42","modified_gmt":"2022-11-14T04:05:42","slug":"fallece-mario-fermin-cabral-2","status":"publish","type":"post","link":"https:\/\/diariodominicano.com\/?p=397239","title":{"rendered":"Fallece Mario Ferm\u00edn Cabral"},"content":{"rendered":"\n<p>Por H\u00e9ctor Tineo Nolasco<\/p>\n\n\n\n<p>Diariodominicano.com<\/p>\n\n\n\n<p><strong>SANTO DOMINGO, el 14 de noviembre de 1961<\/strong>, muri\u00f3 en la ciudad de Santo Domingo, Mario Ferm\u00edn Cabral, quien se destac\u00f3 como pol\u00edtico y periodista.<\/p>\n\n\n\n<p>&nbsp;&nbsp;&nbsp;&nbsp;&nbsp; Mario Ferm\u00edn Cabral fue uno de los principales colaboradores del dictador Rafael Le\u00f3nidas Trujillo Molina.<\/p>\n\n\n\n<p>&nbsp;&nbsp;&nbsp;&nbsp;&nbsp; El 23 de febrero de 1930 cuando estall\u00f3 el Movimiento&nbsp; conspirativo que lideraban Trujillo y el licenciado Rafael Estrella Ure\u00f1a, Mario Ferm\u00edn Cabral se encontraba en el grupo de colaboradores del Jefe del Ej\u00e9rcito Nacional.<\/p>\n\n\n\n<p>&nbsp;&nbsp;&nbsp;&nbsp;&nbsp; Trujillo renunci\u00f3 a su carrera militar para presentarse como candidato presidencial en las primeras elecciones tras el golpe de Estado contra el Presidente V\u00e1squez. En unas elecciones sin contendor fue declarado ganador&nbsp; y tom\u00f3 posesi\u00f3n de la Presidencia el 16 de agosto de 1930.<\/p>\n\n\n\n<p>&nbsp;&nbsp;&nbsp;&nbsp; Mario Ferm\u00edn Cabral fue electo senador por la provincia Santiago y trabaj\u00f3 como un legislador al servicio de Trujillo.<\/p>\n\n\n\n<p>&nbsp;&nbsp;&nbsp; En esa posici\u00f3n fue el autor del proyecto de ley en virtud del cual se cambi\u00f3 el nombre a la ciudad de Santo Domingo por el de Ciudad Trujillo.<\/p>\n\n\n\n<p>&nbsp;&nbsp;&nbsp;&nbsp; <strong>El legislador ten\u00eda el criterio de que \u201cel pueblo de Santo Domingo, primero, y la naci\u00f3n entera, despu\u00e9s, deseaban que a la vieja ciudad se le diera el nombre de su reconstructor insigne\u201d.<\/strong><strong><\/strong><\/p>\n\n\n\n<p>&nbsp;Cabral, en un mitin celebrado en la ciudad de Santiago de los Caballeros, en el local de la sociedad Amantes de la Luz, el 12 de julio de 1935, pidi\u00f3 que se rindiera a Trujillo un homenaje nacional, consistente en el cambio de nombre de Santo Domingo por el de ciudad Trujillo.<\/p>\n\n\n\n<p>&nbsp;&nbsp;&nbsp;&nbsp; Al rese\u00f1ar el acontecimiento el periodista y escritor Ram\u00f3n Marrero Aristy escribi\u00f3:<\/p>\n\n\n\n<p>&nbsp;&nbsp;&nbsp; \u201cLa naci\u00f3n se adhiri\u00f3 en forma un\u00e1nime a esta proposici\u00f3n del senador Cabral, y en todo el pa\u00eds se realizaron diversas manifestaciones en apoyo al trascendental&nbsp; proyecto\u201d.<\/p>\n\n\n\n<p>&nbsp;&nbsp;&nbsp; Al reaccionar en torno a la iniciativa, aunque agradeci\u00f3 el gesto, el Presidente Trujillo&nbsp; la rechaz\u00f3 y dijo que una de sus m\u00e1s caras aspiraciones de patriota y gobernante es la de mantener la Naci\u00f3n dominicana \u00edntimamente vinculada a sus gloriosas tradiciones, que constituyen las p\u00e1ginas m\u00e1s interesantes de la civilizaci\u00f3n del Nuevo Mundo\u201d, pero la idea de&nbsp; Cabral termin\u00f3 convertida en realidad.<\/p>\n\n\n\n<p>&nbsp;&nbsp;&nbsp; La ciudad de Santo Domingo llegar\u00eda a ser Ciudad Trujillo.<\/p>\n\n\n\n<p>&nbsp;&nbsp;&nbsp;&nbsp; Mario Ferm\u00edn Cabral ten\u00eda su origen en una familia vinculada a la pol\u00edtica. Su abuelo Buenaventura B\u00e1ez, fue cinco veces presidente de la Rep\u00fablica.<\/p>\n\n\n\n<p>&nbsp;&nbsp; Mario Ferm\u00edn Cabral hab\u00eda nacido en Ban\u00ed en el a\u00f1o 1878.<\/p>\n","protected":false},"excerpt":{"rendered":"<p>Por H\u00e9ctor Tineo Nolasco Diariodominicano.com SANTO DOMINGO, el 14 de noviembre de 1961, muri\u00f3 en la ciudad de Santo Domingo, Mario Ferm\u00edn Cabral, quien se destac\u00f3 como pol\u00edtico y periodista. &nbsp;&nbsp;&nbsp;&nbsp;&nbsp; Mario Ferm\u00edn Cabral fue uno de los principales colaboradores del dictador Rafael Le\u00f3nidas Trujillo Molina. &nbsp;&nbsp;&nbsp;&nbsp;&nbsp; El 23 de febrero de 1930 cuando estall\u00f3 [&hellip;]<\/p>\n","protected":false},"author":28,"featured_media":397240,"comment_status":"closed","ping_status":"","sticky":true,"template":"","format":"standard","meta":{"footnotes":""},"categories":[36,26,27],"tags":[],"class_list":["post-397239","post","type-post","status-publish","format-standard","has-post-thumbnail","hentry","category-hombresmujeresycosas","category-efemerides","category-portada"],"_links":{"self":[{"href":"https:\/\/diariodominicano.com\/index.php?rest_route=\/wp\/v2\/posts\/397239","targetHints":{"allow":["GET"]}}],"collection":[{"href":"https:\/\/diariodominicano.com\/index.php?rest_route=\/wp\/v2\/posts"}],"about":[{"href":"https:\/\/diariodominicano.com\/index.php?rest_route=\/wp\/v2\/types\/post"}],"author":[{"embeddable":true,"href":"https:\/\/diariodominicano.com\/index.php?rest_route=\/wp\/v2\/users\/28"}],"replies":[{"embeddable":true,"href":"https:\/\/diariodominicano.com\/index.php?rest_route=%2Fwp%2Fv2%2Fcomments&post=397239"}],"version-history":[{"count":2,"href":"https:\/\/diariodominicano.com\/index.php?rest_route=\/wp\/v2\/posts\/397239\/revisions"}],"predecessor-version":[{"id":397242,"href":"https:\/\/diariodominicano.com\/index.php?rest_route=\/wp\/v2\/posts\/397239\/revisions\/397242"}],"wp:featuredmedia":[{"embeddable":true,"href":"https:\/\/diariodominicano.com\/index.php?rest_route=\/wp\/v2\/media\/397240"}],"wp:attachment":[{"href":"https:\/\/diariodominicano.com\/index.php?rest_route=%2Fwp%2Fv2%2Fmedia&parent=397239"}],"wp:term":[{"taxonomy":"category","embeddable":true,"href":"https:\/\/diariodominicano.com\/index.php?rest_route=%2Fwp%2Fv2%2Fcategories&post=397239"},{"taxonomy":"post_tag","embeddable":true,"href":"https:\/\/diariodominicano.com\/index.php?rest_route=%2Fwp%2Fv2%2Ftags&post=397239"}],"curies":[{"name":"wp","href":"https:\/\/api.w.org\/{rel}","templated":true}]}}