{"id":397193,"date":"2022-11-13T21:20:55","date_gmt":"2022-11-14T01:20:55","guid":{"rendered":"http:\/\/diariodominicano.com\/?p=397193"},"modified":"2022-11-13T21:26:39","modified_gmt":"2022-11-14T01:26:39","slug":"asociacion-de-ferreteros-celebra-50-aniversario-y-reconoce-a-jose-luis-corripio-y-a-candida-mejia","status":"publish","type":"post","link":"https:\/\/diariodominicano.com\/?p=397193","title":{"rendered":"Asociaci\u00f3n de Ferreteros celebra 50 aniversario y reconoce a Jos\u00e9 Luis Corripio y a C\u00e1ndida Mej\u00eda"},"content":{"rendered":"\n<p> <strong>Jos\u00e9 Alfredo Corripio Alonso recibe en nombre de su padre, Jos\u00e9 Luis Corripio (Pep\u00edn), el premio otorgado por la Asociaci\u00f3n Dominicana de Ferreteros (ASODEFE) por su apoyo permanente a la instituci\u00f3n en los \u00faltimos 50 a\u00f1os. El premio fue entregado por el presidente de la instituci\u00f3n, Arturo Espinal. \u00a0<\/strong> <\/p>\n\n\n\n<figure class=\"wp-block-image size-large\"><img loading=\"lazy\" decoding=\"async\" width=\"1024\" height=\"678\" src=\"https:\/\/diariodominicano.com\/wp-content\/uploads\/2022\/11\/F-2-1024x678.jpg\" alt=\"\" class=\"wp-image-397197\" srcset=\"https:\/\/diariodominicano.com\/wp-content\/uploads\/2022\/11\/F-2-1024x678.jpg 1024w, https:\/\/diariodominicano.com\/wp-content\/uploads\/2022\/11\/F-2-300x199.jpg 300w, https:\/\/diariodominicano.com\/wp-content\/uploads\/2022\/11\/F-2-768x509.jpg 768w, https:\/\/diariodominicano.com\/wp-content\/uploads\/2022\/11\/F-2-1536x1017.jpg 1536w, https:\/\/diariodominicano.com\/wp-content\/uploads\/2022\/11\/F-2-2048x1356.jpg 2048w, https:\/\/diariodominicano.com\/wp-content\/uploads\/2022\/11\/F-2-816x540.jpg 816w\" sizes=\"auto, (max-width: 1024px) 100vw, 1024px\" \/><figcaption> <strong>La ingeniera C\u00e1ndida Mej\u00eda, presidenta de Lanco recibi\u00f3 el Premio de Asodefe en compa\u00f1\u00eda de todo el equipo que la acompa\u00f1a en la empresa del Grupo Corripio, a quienes les agradeci\u00f3 por su colaboraci\u00f3n constante. \u00a0<\/strong>  <\/figcaption><\/figure>\n\n\n\n<p> <\/p>\n\n\n\n<p>&nbsp;&nbsp;&nbsp;&nbsp;&nbsp;&nbsp;&nbsp;&nbsp;&nbsp;&nbsp;&nbsp;&nbsp;La Asociaci\u00f3n Dominicana de Ferreteros (ASODEFE) celebr\u00f3 sus cincuenta aniversarios en un acto en el que reconoci\u00f3 a los empresarios Jos\u00e9 Luis Corripio, presidente del Grupo Corripio y a C\u00e1ndida Mej\u00eda, presidenta de Lanco, quien recibi\u00f3 el Broche de Oro de la Asociaci\u00f3n y entreg\u00f3 galardones a sus socios fundadores y pasados presidentes. &nbsp;<\/p>\n\n\n\n<figure class=\"wp-block-image size-large\"><img loading=\"lazy\" decoding=\"async\" width=\"1024\" height=\"604\" src=\"https:\/\/diariodominicano.com\/wp-content\/uploads\/2022\/11\/F-4-1024x604.jpg\" alt=\"\" class=\"wp-image-397201\" srcset=\"https:\/\/diariodominicano.com\/wp-content\/uploads\/2022\/11\/F-4-1024x604.jpg 1024w, https:\/\/diariodominicano.com\/wp-content\/uploads\/2022\/11\/F-4-300x177.jpg 300w, https:\/\/diariodominicano.com\/wp-content\/uploads\/2022\/11\/F-4-768x453.jpg 768w, https:\/\/diariodominicano.com\/wp-content\/uploads\/2022\/11\/F-4-1536x906.jpg 1536w, https:\/\/diariodominicano.com\/wp-content\/uploads\/2022\/11\/F-4-2048x1209.jpg 2048w, https:\/\/diariodominicano.com\/wp-content\/uploads\/2022\/11\/F-4-816x482.jpg 816w\" sizes=\"auto, (max-width: 1024px) 100vw, 1024px\" \/><figcaption><strong>La mesa principal estuvo integrada por Arturo Espinal, presidente de ASODEFE, C\u00e1ndida Mej\u00eda, Jos\u00e9 Alfredo Corripio, Cristhian Salvador, Juan Guerrero Avila, Jos\u00e9 Nene Ure\u00f1a y Salom\u00e9 de Espinal. \u00a0<\/strong><\/figcaption><\/figure>\n\n\n\n<p>L actividad fue encabezada por el presidente de la entidad, Arturo Espinal, y los miembros de la directiva actual integrada por Jos\u00e9 Pigueiras (fallecido) Constantino Ram\u00edrez, Milton De Le\u00f3n, Bol\u00edvar Mej\u00eda y Jos\u00e9 Feliz.&nbsp;<\/p>\n\n\n\n<p>La invocaci\u00f3n a Dios estuvo a cargo de la se\u00f1ora Ivelisse Matos de Espinal y la actividad fue amenizada por la Orquesta de Miriam Cruz y el DJ JF Music. La actividad fue patrocinada por Lanco Dominicana y Pinturas Tropical. &nbsp;<\/p>\n\n\n\n<p>En su discurso, Arturo Espinal reconoci\u00f3 a los socios fundadores encabezados por Dionisio Santana (El Vale), quienes tuvieron el arrojo de crear una asociaci\u00f3n que agrupara a los ferreteros. &nbsp;<\/p>\n\n\n\n<p>La Asociaci\u00f3n Dominicana de Ferreteros fue creada a la ca\u00edda del tirano Rafael Le\u00f3nidas Trujillo, quien era propietario de las industrias nacionales que produc\u00edan muchos renglones ferreteros tales como cemento, pinturas, soga, clavos, zinc, alambres, m\u00e1rmol, botas, alambres y grapas de p\u00faas. &nbsp;<\/p>\n\n\n\n<p>A la muerte del tirano, estas industrias quedaron en manos del Estado y exist\u00eda la necesidad que en democracia se le diera participaci\u00f3n igualitaria a los incipientes comerciantes a que pudieran adquirir, en mejores condiciones estos productos. &nbsp;<\/p>\n\n\n\n<p>\u201cEsta es la raz\u00f3n por la que hoy estamos aqu\u00ed, ese sentimiento que sembraron nuestros fundadores de servir a nuestros iguales para que sus empresas y consecuentemente sus propias familias pudiesen tener una mejor calidad de vida, al tiempo que cumpl\u00edamos con el patri\u00f3tico deber de engrandecer nuestra naci\u00f3n a fuerza de nuestro trabajo digno, contribuyendo por el progreso y el crecimiento del producto interno bruto, tan importante para el desarrollo del pa\u00eds.&nbsp;<\/p>\n\n\n\n<figure class=\"wp-block-image size-large\"><img loading=\"lazy\" decoding=\"async\" width=\"1024\" height=\"731\" src=\"https:\/\/diariodominicano.com\/wp-content\/uploads\/2022\/11\/F-3-1024x731.jpg\" alt=\"\" class=\"wp-image-397199\" srcset=\"https:\/\/diariodominicano.com\/wp-content\/uploads\/2022\/11\/F-3-1024x731.jpg 1024w, https:\/\/diariodominicano.com\/wp-content\/uploads\/2022\/11\/F-3-300x214.jpg 300w, https:\/\/diariodominicano.com\/wp-content\/uploads\/2022\/11\/F-3-768x549.jpg 768w, https:\/\/diariodominicano.com\/wp-content\/uploads\/2022\/11\/F-3-1536x1097.jpg 1536w, https:\/\/diariodominicano.com\/wp-content\/uploads\/2022\/11\/F-3-2048x1463.jpg 2048w, https:\/\/diariodominicano.com\/wp-content\/uploads\/2022\/11\/F-3-816x583.jpg 816w\" sizes=\"auto, (max-width: 1024px) 100vw, 1024px\" \/><figcaption><strong>El acto de celebraci\u00f3n de los 50 a\u00f1os de ASODEFE fue encabezada por el presidente de la entidad, Arturo Espinal, en compa\u00f1\u00eda de los directivos Jos\u00e9 Fern\u00e1ndez, Bol\u00edvar Mej\u00eda, Constantino Ram\u00edrez y Milton de Le\u00f3n. \u00a0<\/strong><\/figcaption><\/figure>\n\n\n\n<p>El acto incluy\u00f3 reconocimientos al protagonista de \u00e9stos cincuenta a\u00f1os de labor de la Asociaci\u00f3n Dominicana de Ferreteros, y se otorgaron a las distintas directivas de la entidad, a los pasados presidentes, sus directivos acompa\u00f1antes y a los s empleados en las distintas \u00e9pocas y per\u00edodos.&nbsp;<\/p>\n\n\n\n<p>&nbsp;&nbsp;&nbsp;&nbsp;&nbsp;&nbsp;&nbsp;&nbsp;&nbsp;&nbsp;&nbsp;&nbsp;Tambi\u00e9n fueron reconocidos Salustiano Acebal, de Pinturas Popular, Jos\u00e9 Ure\u00f1a, la Empresa Metaldon, Juan Luis Espinal, F\u00e9lix Lorenzo, Cesar B. Heyaime P, Luis Manuel Brea, Eruben Pe\u00f1a Castillo, F\u00e9lix Stalin S\u00e1nchez, Sim\u00f3n Bol\u00edvar Calca\u00f1o.&nbsp;&nbsp;&nbsp;<\/p>\n\n\n\n<p>Tambi\u00e9n fueron reconocidos Am\u00e9rica Jim\u00e9nez, Rosa Am\u00e9rica Mart\u00ednez, Domingo Espinal Collado, George Santos Ure\u00f1a, Alexis G. Ozuna M\u00e9ndez, Juana Francisca, Castillo, Guillermo Guti\u00e9rrez, Felim\u00f3n Valdez, Pablo Victoria, Juan A. Mej\u00eda Pimentel y Nelson O. Mej\u00eda Mej\u00eda. &nbsp;<\/p>\n\n\n\n<p>La Asociaci\u00f3n Dominicana de Ferreteros tambi\u00e9n reconoci\u00f3 a sus miembros Luis O. Mej\u00eda Bautista, Domingo A. Ferm\u00edn P\u00e9rez, Iv\u00e1n Garc\u00eda, presidente F.D.C, Valentina Rosario, Amadeo Castillo Liria, Ram\u00f3n Idelfonso V\u00e1squez y Basilio Ruiz Cabral&nbsp;<\/p>\n\n\n\n<p>Tambi\u00e9n fueron reconocidos los socios que de una u otra manera han contribuido a que Asodefe mantenga su vigencia e importancia, a los empresarios y colaboradores de la asociaci\u00f3n.&nbsp;<\/p>\n\n\n\n<p>Arturo Espinal llam\u00f3 a las directivas que nos sucedan en la administraci\u00f3n de la entidad en las pr\u00f3ximas d\u00e9cadas, quiero decirles que debemos apostar a la preparaci\u00f3n y educaci\u00f3n de nuestros socios dirigentes, con el objetivo de que tengan bien claro cu\u00e1l es nuestra funci\u00f3n.&nbsp;<\/p>\n\n\n\n<p>Dijo que ser ferretero es llevar a cabo una carrera de servicio a los dem\u00e1s, con el prop\u00f3sito de lograr que nuestra asociaci\u00f3n se convierta en un lugar en donde sus integrantes puedan resolver los principales problemas que les aquejan, en cuanto al manejo de sus negocios, pues en esa misma medida Asodefe perdurar\u00e1 en el tiempo, y as\u00ed podamos celebrar sus cien a\u00f1os de fundada.\u00a0<\/p>\n\n\n\n<p>Promovideo RG, SRL<a target=\"_blank\" href=\"mailto:promovideorg@hotmail.com\" rel=\"noreferrer noopener\">promovideorg@hotmail.com<\/a><\/p>\n","protected":false},"excerpt":{"rendered":"<p>Jos\u00e9 Alfredo Corripio Alonso recibe en nombre de su padre, Jos\u00e9 Luis Corripio (Pep\u00edn), el premio otorgado por la Asociaci\u00f3n Dominicana de Ferreteros (ASODEFE) por su apoyo permanente a la instituci\u00f3n en los \u00faltimos 50 a\u00f1os. El premio fue entregado por el presidente de la instituci\u00f3n, Arturo Espinal. \u00a0 &nbsp;&nbsp;&nbsp;&nbsp;&nbsp;&nbsp;&nbsp;&nbsp;&nbsp;&nbsp;&nbsp;&nbsp;La Asociaci\u00f3n Dominicana de Ferreteros (ASODEFE) [&hellip;]<\/p>\n","protected":false},"author":28,"featured_media":397194,"comment_status":"closed","ping_status":"","sticky":true,"template":"","format":"standard","meta":{"footnotes":""},"categories":[36,20,26,27],"tags":[],"class_list":["post-397193","post","type-post","status-publish","format-standard","has-post-thumbnail","hentry","category-hombresmujeresycosas","category-dominicana-hoy","category-efemerides","category-portada"],"_links":{"self":[{"href":"https:\/\/diariodominicano.com\/index.php?rest_route=\/wp\/v2\/posts\/397193","targetHints":{"allow":["GET"]}}],"collection":[{"href":"https:\/\/diariodominicano.com\/index.php?rest_route=\/wp\/v2\/posts"}],"about":[{"href":"https:\/\/diariodominicano.com\/index.php?rest_route=\/wp\/v2\/types\/post"}],"author":[{"embeddable":true,"href":"https:\/\/diariodominicano.com\/index.php?rest_route=\/wp\/v2\/users\/28"}],"replies":[{"embeddable":true,"href":"https:\/\/diariodominicano.com\/index.php?rest_route=%2Fwp%2Fv2%2Fcomments&post=397193"}],"version-history":[{"count":5,"href":"https:\/\/diariodominicano.com\/index.php?rest_route=\/wp\/v2\/posts\/397193\/revisions"}],"predecessor-version":[{"id":397203,"href":"https:\/\/diariodominicano.com\/index.php?rest_route=\/wp\/v2\/posts\/397193\/revisions\/397203"}],"wp:featuredmedia":[{"embeddable":true,"href":"https:\/\/diariodominicano.com\/index.php?rest_route=\/wp\/v2\/media\/397194"}],"wp:attachment":[{"href":"https:\/\/diariodominicano.com\/index.php?rest_route=%2Fwp%2Fv2%2Fmedia&parent=397193"}],"wp:term":[{"taxonomy":"category","embeddable":true,"href":"https:\/\/diariodominicano.com\/index.php?rest_route=%2Fwp%2Fv2%2Fcategories&post=397193"},{"taxonomy":"post_tag","embeddable":true,"href":"https:\/\/diariodominicano.com\/index.php?rest_route=%2Fwp%2Fv2%2Ftags&post=397193"}],"curies":[{"name":"wp","href":"https:\/\/api.w.org\/{rel}","templated":true}]}}