{"id":39716,"date":"2020-02-20T22:30:26","date_gmt":"2020-02-20T22:30:26","guid":{"rendered":"http:\/\/diariodominicano.ddns.net\/?p=39716"},"modified":"2020-02-20T22:30:26","modified_gmt":"2020-02-20T22:30:26","slug":"penumbras-historicas","status":"publish","type":"post","link":"https:\/\/diariodominicano.com\/?p=39716","title":{"rendered":"Penumbras hist\u00f3ricas"},"content":{"rendered":"<p><body><\/p>\n<p><strong>A Pleno Sol<\/strong><\/p>\n<p><strong> <\/strong><\/p>\n<p><strong>Penumbras hist\u00f3ricas<\/strong><\/p>\n<p><strong> <\/strong><\/p>\n<p><strong>Por Manuel Hern\u00e1ndez Villeta<\/strong><\/p>\n<p><strong> <\/strong><\/p>\n<\/p>\n<p>Estamos en el mes  de Patria. No podemos nunca olvidar todo el sacrificio que costo crear a la Rep\u00fablica Dominicana. El primero en sufrir la represi\u00f3n  fue Juan Pablo Duarte, voz y coraz\u00f3n  de la Independencia. Luego llegar\u00edan r\u00edos de sangre, propiciados por los que se hicieron del poder luego de la declaraci\u00f3n del rompimiento de la dominaci\u00f3n haitiana.<\/p>\n<\/p>\n<p>Pero desde el 1844 los dominicanos siempre han luchado por su libertad y su independencia. Lo que es m\u00e1s importante, han levantado la bandera de que estamos en una rep\u00fablica libre y soberana. Nos hemos enfrentado a las grandes potencias, y a pesar de derrotas moment\u00e1neas, se ha ratificado la libertad en esta tierra.<\/p>\n<\/p>\n<p>Pero tambi\u00e9n hemos vivido momentos en penumbras. Pedro Santana ahog\u00f3 en sangre el esp\u00edritu libertario del 1844, y con los anexionistas afrancesados, llev\u00f3 al pa\u00eds a una gran inestabilidad pol\u00edtica, econ\u00f3mica y social.<\/p>\n<\/p>\n<p>Cierto que de esos primeros a\u00f1os, y bajo las chancletas del hatero Pedro Santana, se dio paso a la primera Constituci\u00f3n, pero asimismo el entreguismo llev\u00f3 a que a\u00f1os despu\u00e9s la naciente rep\u00fablica fuera mancillada con la anexi\u00f3n a Espa\u00f1a.<\/p>\n<\/p>\n<p>Bajo sangre y fuego se lleg\u00f3 al Grito de Capotillo, cuando se proclam\u00f3 con la Restauraci\u00f3n la que se  considera segunda independencia nacional. En esta mes de la Patria y pr\u00f3ximo al 27, es momento de reflexi\u00f3n sobre c\u00f3mo poner fin a las grandes desigualdades que excluyen a millones de personas.<\/p>\n<\/p>\n<p>La Restauraci\u00f3n dio paso a guerras intestinas sangrientas y desbastadoras. De la espada libertadora de Gregorio Luper\u00f3n, se pas\u00f3 a la barbarie de Lilis y su dictadura, y luego a gobiernos regionales  y guerrillas de caudillos militares.<\/p>\n<\/p>\n<p>En etapa moderna, el siglo 20 fue de luces y sombras. Una manifestaci\u00f3n  entre libertad y dictadura. Hoy se tiene que pensar a fondo antes de dar un paso en falso. Siempre en el devenir hist\u00f3rico de los dominicanos se han manifestado las sombras de la conculcaci\u00f3n de sus derechos y la luz de la lucha por la vigencia de la democracia.<\/p>\n<\/p>\n<p>Dos intervenciones militares de los Estados Unidos dejo el siglo 20. Rafael Trujillo fue un efecto colateral de la primera intervenci\u00f3n militar norteamericana, y Joaqu\u00edn Balaguer de la segunda.<\/p>\n<\/p>\n<p>El Golpe de Estado del 1963, termin\u00f3 con las masas en las calles pidiendo el retorno a la constitucionalidad sin elecciones. Las reelecciones  del doctor Balaguer mantuvieron al pa\u00eds al borde de la navaja, y en ocasiones ese filo cerceno libertades p\u00fablicas.<\/p>\n<\/p>\n<p>El mes de la Patria y  el grito de independencia del 27 de febrero de 1844 deben mover a reflexi\u00f3n a todos los dominicanos. La paz y el progreso no pueden ser ahogados por caprichos coyunturales. Nuestra historia es de luces y sombras, sangre y libertad. Hora de reflexi\u00f3n, para que no lleguen  los dolores de cabeza. \u00a1Ay!, se me acab\u00f3la tinta.<\/p>\n<\/p>\n<h6> 2020-02-20 22:30:26 <\/h6>\n<p><!--\n<link rel=\"stylesheet\" href=\"css\/bootstrap.min.css\">\n\n\n<ul class=\"pagination\">\n\t    \n\t\n\n<li >\n\t<a href='?page_no=299'>Previous<\/a>\n\t<\/li>\n\n\n       \n    \n\n<li><a href='?page_no=1'>1<\/a><\/li>\n\n\n\n<li><a href='?page_no=2'>2<\/a><\/li>\n\n\n\n<li><a>...<\/a><\/li>\n\n\n\n<li><a href='?page_no=298'>298<\/a><\/li>\n\n\n\n<li><a href='?page_no=299'>299<\/a><\/li>\n\n\n\n<li class='active'><a>300<\/a><\/li>\n\n\n\n<li><a href='?page_no=301'>301<\/a><\/li>\n\n\n\n<li><a href='?page_no=302'>302<\/a><\/li>\n\n\n\n<li><a>...<\/a><\/li>\n\n\n\n<li><a href='?page_no=13611'>13611<\/a><\/li>\n\n\n\n<li><a href='?page_no=13612'>13612<\/a><\/li>\n\n    \n\t\n\n<li >\n\t<a href='?page_no=301'>Next<\/a>\n\t<\/li>\n\n\n    \n\n<li><a href='?page_no=13612'>Last &rsaquo;&rsaquo;<\/a><\/li>\n\n<\/ul>\n\n\n--><br \/>\n<\/body><\/p>\n","protected":false},"excerpt":{"rendered":"<p>A Pleno Sol Penumbras hist\u00f3ricas Por Manuel Hern\u00e1ndez Villeta Estamos en el mes de Patria. No podemos nunca olvidar todo el sacrificio que costo crear a la Rep\u00fablica Dominicana. El primero en sufrir la represi\u00f3n fue Juan Pablo Duarte, voz y coraz\u00f3n de la Independencia. Luego llegar\u00edan r\u00edos de sangre, propiciados por los que se [&hellip;]<\/p>\n","protected":false},"author":3,"featured_media":0,"comment_status":"open","ping_status":"open","sticky":false,"template":"","format":"standard","meta":{"footnotes":""},"categories":[16],"tags":[],"class_list":["post-39716","post","type-post","status-publish","format-standard","hentry","category-opiniones"],"_links":{"self":[{"href":"https:\/\/diariodominicano.com\/index.php?rest_route=\/wp\/v2\/posts\/39716","targetHints":{"allow":["GET"]}}],"collection":[{"href":"https:\/\/diariodominicano.com\/index.php?rest_route=\/wp\/v2\/posts"}],"about":[{"href":"https:\/\/diariodominicano.com\/index.php?rest_route=\/wp\/v2\/types\/post"}],"author":[{"embeddable":true,"href":"https:\/\/diariodominicano.com\/index.php?rest_route=\/wp\/v2\/users\/3"}],"replies":[{"embeddable":true,"href":"https:\/\/diariodominicano.com\/index.php?rest_route=%2Fwp%2Fv2%2Fcomments&post=39716"}],"version-history":[{"count":0,"href":"https:\/\/diariodominicano.com\/index.php?rest_route=\/wp\/v2\/posts\/39716\/revisions"}],"wp:attachment":[{"href":"https:\/\/diariodominicano.com\/index.php?rest_route=%2Fwp%2Fv2%2Fmedia&parent=39716"}],"wp:term":[{"taxonomy":"category","embeddable":true,"href":"https:\/\/diariodominicano.com\/index.php?rest_route=%2Fwp%2Fv2%2Fcategories&post=39716"},{"taxonomy":"post_tag","embeddable":true,"href":"https:\/\/diariodominicano.com\/index.php?rest_route=%2Fwp%2Fv2%2Ftags&post=39716"}],"curies":[{"name":"wp","href":"https:\/\/api.w.org\/{rel}","templated":true}]}}