{"id":39703,"date":"2020-02-21T08:03:45","date_gmt":"2020-02-21T08:03:45","guid":{"rendered":"http:\/\/diariodominicano.ddns.net\/?p=39703"},"modified":"2020-02-21T08:03:45","modified_gmt":"2020-02-21T08:03:45","slug":"despertar-de-la-juventud","status":"publish","type":"post","link":"https:\/\/diariodominicano.com\/?p=39703","title":{"rendered":"DESPERTAR DE LA JUVENTUD"},"content":{"rendered":"<p><body><\/p>\n<p><strong>EN PRIMERA FILA.<\/strong><\/p>\n<p><strong>DESPERTAR DE LA JUVENTUD<\/strong><\/p>\n<p><strong>Mario Rivadulla<\/strong><\/p>\n<\/p>\n<p>Bien  que la juventud,  que ya conforma un segmento de muy notable importancia electoral, haya despertado, se empodere de la marcha del pa\u00eds y los asuntos p\u00fablicos, y abandonando el sosegado ambiente de sus hogares salga a las calles a ejercer el leg\u00edtimo derecho de dejar constancia de sus quejas y aspiraciones, en esta ocasi\u00f3n  mediante la modalidad del plant\u00f3n que bien pudiera y debiera servir de modelo futuro  como medio de protesta pac\u00edfica pero efectiva.   Llevada a cabo frente a la Junta Central Electoral, ha encontrado amplio eco y r\u00e9plica en otros lugares del pa\u00eds.<\/p>\n<\/p>\n<p>Ahora bien.  Un aspecto de suma importancia es dejar bien definido  que motiva la protesta en primer t\u00e9rmino y en segundo qu\u00e9 se demanda.  En  el caso presente lo primero est\u00e1 motivado por la suspensi\u00f3n de las elecciones municipales del pasado domingo.  Y en cuanto a lo segundo, el reclamo de la renuncia de  los magistrados que integran el pleno de la Junta Central Electoral.<\/p>\n<\/p>\n<p>Es evidente que la suspensi\u00f3n de las elecciones, ya iniciado el proceso, ha impactado fuertemente y de la manera m\u00e1s negativa al pleno de la ciudadan\u00eda, al margen de preferencias partidarias, y ha representado un duro golpe para la institucionalidad democr\u00e1tica.  <\/p>\n<\/p>\n<p>Ahora bien&#8230;\u00bfqu\u00e9 otra opci\u00f3n exist\u00eda frente al disloque registrado de manera tan inesperada en el sistema automatizado?  M\u00e1s que obvio que bajo tal circunstancia, era imposible obstinarse en celebrar unas elecciones que a todas luces quedar\u00edan viciadas de parcialidad y pudieran provocar una situaci\u00f3n ca\u00f3tica de impredecibles pero sin dudas negativas consecuencias. Hay que reconocer que para la Junta, al tomar esa obligada decisi\u00f3n, debi\u00f3 resultar un trago muy amargo.<\/p>\n<\/p>\n<p>\u00bfFracaso del sistema? \u00bfError humano? \u00bfSabotaje llevado a cabo con c\u00f3mplices internos? \u00bfPenetraci\u00f3n y distorsi\u00f3n del sistema por un h\u00e1bil jaqueador?  Obvio que hay que establecer las causas. Pero adelantar  culpables sin disponer de elementos de juicio, ser\u00eda un acto imprudente e irresponsable.  <\/p>\n<\/p>\n<p>Pedir la renuncia de los miembros de la Junta, por otra parte,  como se centra el reclamo de los j\u00f3venes que protagonizan la protesta, en vez de contribuir a resolver la situaci\u00f3n, por el contrario lo que har\u00eda en realidad ser\u00eda complicarla, y eventualmente conducir a una crisis pol\u00edtica.  <\/p>\n<\/p>\n<p>La sesuda columna de Mari\u00e9n Capit\u00e1n en el peri\u00f3dico Hoy, cuyos planteamientos recogimos antes en La Opini\u00f3n de los Dem\u00e1s, es una invitaci\u00f3n a  esa juventud inquieta y militante a analizar racionalmente los posibles efectos de su reclamo en tal de que este llegara a concretarse, y que en vez de evitar una posible crisis pol\u00edtica por el contrario, pudiera dar pie a que ocurra cuando a\u00fan tenemos la oportunidad y posibilidad de evitarla. <\/p>\n<\/p>\n<p>Si se produjese la renuncia de los magistrados que integran el organismo incluyendo sus  suplentes, identificados como militantes de la parcela morada, tal como certeramente advierte la columnista,  la nueva junta tendr\u00eda, por ley, que ser nombrada por el Senado, donde la mayor\u00eda gubernamental es abrumadora. No parece que esta \u00fanica salida legal pudiera ser del agrado de los partidos de oposici\u00f3n, ni en modo alguno contribuir\u00eda a darle debida credibilidad a la nueva Junta y equidad al torneo.<\/p>\n<\/p>\n<p>Por otra parte, existe un calendario preciso para la celebraci\u00f3n de las elecciones municipales y luego presidenciales y congresuales sin contar con la probabilidad bastante real  de una segunda vuelta, cuyos precisos espacios de tiempo se van acortando obligando a proceder con la m\u00e1xima diligencia. Retrasarlos producir\u00eda un efecto negativo en cadena que afectar\u00eda de manera directa,  y ya advertida, al Tribunal Superior Electoral, al que demos por descontado, le espera una aut\u00e9ntica avalancha de impugnaciones y reclamos post-elecciones municipales, sin tiempo para resolverlas antes de la toma de posesi\u00f3n de las autoridades electas, creando una aut\u00e9ntica crisis de poder en ayuntamientos y distritos municipales.<\/p>\n<\/p>\n<p>Son aspectos que obligan a ser tomados en cuenta. Y si bien hay que saludar con benepl\u00e1cito este despertar de la juventud y \u00e9sta es sin\u00f3nimo de impetuosidad, la misma  no puede estar divorciada del an\u00e1lisis y la reflexi\u00f3n basados en realidades insoslayables como concurren en el presente caso las antes se\u00f1aladas, de tal modo que como reza el dicho \u00abel remedio no termine resultando peor que la enfermedad\u00bb.  <\/p>\n<\/p>\n<h6> 2020-02-21 08:03:45 <\/h6>\n<p><!--\n<link rel=\"stylesheet\" href=\"css\/bootstrap.min.css\">\n\n\n<ul class=\"pagination\">\n\t    \n\t\n\n<li >\n\t<a href='?page_no=298'>Previous<\/a>\n\t<\/li>\n\n\n       \n    \n\n<li><a href='?page_no=1'>1<\/a><\/li>\n\n\n\n<li><a href='?page_no=2'>2<\/a><\/li>\n\n\n\n<li><a>...<\/a><\/li>\n\n\n\n<li><a href='?page_no=297'>297<\/a><\/li>\n\n\n\n<li><a href='?page_no=298'>298<\/a><\/li>\n\n\n\n<li class='active'><a>299<\/a><\/li>\n\n\n\n<li><a href='?page_no=300'>300<\/a><\/li>\n\n\n\n<li><a href='?page_no=301'>301<\/a><\/li>\n\n\n\n<li><a>...<\/a><\/li>\n\n\n\n<li><a href='?page_no=13611'>13611<\/a><\/li>\n\n\n\n<li><a href='?page_no=13612'>13612<\/a><\/li>\n\n    \n\t\n\n<li >\n\t<a href='?page_no=300'>Next<\/a>\n\t<\/li>\n\n\n    \n\n<li><a href='?page_no=13612'>Last &rsaquo;&rsaquo;<\/a><\/li>\n\n<\/ul>\n\n\n--><br \/>\n<\/body><\/p>\n","protected":false},"excerpt":{"rendered":"<p>EN PRIMERA FILA. DESPERTAR DE LA JUVENTUD Mario Rivadulla Bien que la juventud, que ya conforma un segmento de muy notable importancia electoral, haya despertado, se empodere de la marcha del pa\u00eds y los asuntos p\u00fablicos, y abandonando el sosegado ambiente de sus hogares salga a las calles a ejercer el leg\u00edtimo derecho de dejar [&hellip;]<\/p>\n","protected":false},"author":3,"featured_media":0,"comment_status":"open","ping_status":"open","sticky":false,"template":"","format":"standard","meta":{"footnotes":""},"categories":[16],"tags":[],"class_list":["post-39703","post","type-post","status-publish","format-standard","hentry","category-opiniones"],"_links":{"self":[{"href":"https:\/\/diariodominicano.com\/index.php?rest_route=\/wp\/v2\/posts\/39703","targetHints":{"allow":["GET"]}}],"collection":[{"href":"https:\/\/diariodominicano.com\/index.php?rest_route=\/wp\/v2\/posts"}],"about":[{"href":"https:\/\/diariodominicano.com\/index.php?rest_route=\/wp\/v2\/types\/post"}],"author":[{"embeddable":true,"href":"https:\/\/diariodominicano.com\/index.php?rest_route=\/wp\/v2\/users\/3"}],"replies":[{"embeddable":true,"href":"https:\/\/diariodominicano.com\/index.php?rest_route=%2Fwp%2Fv2%2Fcomments&post=39703"}],"version-history":[{"count":0,"href":"https:\/\/diariodominicano.com\/index.php?rest_route=\/wp\/v2\/posts\/39703\/revisions"}],"wp:attachment":[{"href":"https:\/\/diariodominicano.com\/index.php?rest_route=%2Fwp%2Fv2%2Fmedia&parent=39703"}],"wp:term":[{"taxonomy":"category","embeddable":true,"href":"https:\/\/diariodominicano.com\/index.php?rest_route=%2Fwp%2Fv2%2Fcategories&post=39703"},{"taxonomy":"post_tag","embeddable":true,"href":"https:\/\/diariodominicano.com\/index.php?rest_route=%2Fwp%2Fv2%2Ftags&post=39703"}],"curies":[{"name":"wp","href":"https:\/\/api.w.org\/{rel}","templated":true}]}}