{"id":396815,"date":"2022-11-11T23:25:12","date_gmt":"2022-11-12T03:25:12","guid":{"rendered":"http:\/\/diariodominicano.com\/?p=396815"},"modified":"2022-11-11T23:39:26","modified_gmt":"2022-11-12T03:39:26","slug":"pacto-de-versalles-segunda-guerra-mundial","status":"publish","type":"post","link":"https:\/\/diariodominicano.com\/?p=396815","title":{"rendered":"PACTO DE VERSALLES: SEGUNDA GUERRA MUNDIAL"},"content":{"rendered":"\n<p>Benito Mussolini y Adolfo Hitler.<\/p>\n\n\n\n<p><strong>POR TE\u00d3FILO LAPPOT ROBLES<\/strong><\/p>\n\n\n\n<p>Las sanciones establecidas en el Tratado de Versalles del 28 de junio del 1919 fueron tan lesivas para Alemania que, a modo del c\u00e9lebre bumer\u00e1n de los abor\u00edgenes australianos, sirvieron como germen para que 20 a\u00f1os despu\u00e9s se produjera la Segunda Guerra Mundial.<\/p>\n\n\n\n<p>Ese acuerdo multilateral fue la catapulta para que surgieran bellacos inficionados de odio como Hitler y Mussolini. Juntos a esos, en ambos bandos en contienda, hubo otros iguales de crueles.<\/p>\n\n\n\n<p>La sorpresa fatal de la aparici\u00f3n en el escenario europeo del siniestro Hitler, vinculado con lo que se decidi\u00f3 en Versalles, fue un caso semejante al cisne negro de la met\u00e1fora que muchos a\u00f1os despu\u00e9s explic\u00f3 el ensayista y acad\u00e9mico Nassim Nicholas Taleb, en su obra titulada El cisne negro (2007).<\/p>\n\n\n\n<figure class=\"wp-block-image size-large\"><img loading=\"lazy\" decoding=\"async\" width=\"1024\" height=\"576\" src=\"https:\/\/diariodominicano.com\/wp-content\/uploads\/2022\/11\/antony-beevor-el-historiador-superventas-europa-se-cae-a-pedazos-1366x768-1-1024x576.jpg\" alt=\"\" class=\"wp-image-396820\" srcset=\"https:\/\/diariodominicano.com\/wp-content\/uploads\/2022\/11\/antony-beevor-el-historiador-superventas-europa-se-cae-a-pedazos-1366x768-1-1024x576.jpg 1024w, https:\/\/diariodominicano.com\/wp-content\/uploads\/2022\/11\/antony-beevor-el-historiador-superventas-europa-se-cae-a-pedazos-1366x768-1-300x169.jpg 300w, https:\/\/diariodominicano.com\/wp-content\/uploads\/2022\/11\/antony-beevor-el-historiador-superventas-europa-se-cae-a-pedazos-1366x768-1-768x432.jpg 768w, https:\/\/diariodominicano.com\/wp-content\/uploads\/2022\/11\/antony-beevor-el-historiador-superventas-europa-se-cae-a-pedazos-1366x768-1-816x459.jpg 816w, https:\/\/diariodominicano.com\/wp-content\/uploads\/2022\/11\/antony-beevor-el-historiador-superventas-europa-se-cae-a-pedazos-1366x768-1.jpg 1366w\" sizes=\"auto, (max-width: 1024px) 100vw, 1024px\" \/><figcaption>Antony Beevor<\/figcaption><\/figure>\n\n\n\n<p>Una definici\u00f3n bien clara de la realidad alemana derivada de lo que se decidi\u00f3 en un lugar hist\u00f3rico de los suburbios del poniente parisino la hizo el escritor e historiador ingl\u00e9s Antony Beevor, en el prefacio de su obra titulada Berl\u00edn. La Ca\u00edda: 1945: \u201c\u2026el pueblo alem\u00e1n se dio cuenta demasiado tarde de que se hallaba atrapado en una horrible confusi\u00f3n de causas y efectos.\u201d<\/p>\n\n\n\n<p>Una ex\u00e9gesis pol\u00edtica, jur\u00eddica e hist\u00f3rica del acto firmado en Versalles permite decir que los l\u00edderes triunfadores de la Primera Guerra Mundial no calcularon el efecto que tienen las circunstancias en cada caso. Antepusieron sus intereses a la realidad y dejaron de lado la raz\u00f3n.<\/p>\n\n\n\n<p>Olvidaron la lecci\u00f3n hist\u00f3rica (aunque con sabor a mitolog\u00eda griega) de los pasos bien medidos que se daban desde la infernal laguna de Estigia hasta donde descansaban las tres Moiras, estas con sus poderes sobre la existencia de los mortales. Eso, en parte, llev\u00f3 a la Segunda Guerra Mundial. &nbsp;<\/p>\n\n\n\n<p>Causaron lo m\u00e1s parecido a lo que 3,200 a\u00f1os antes hizo Mois\u00e9s, el l\u00edder religioso hebreo, quien&nbsp; orden\u00f3 a su pueblo que \u201caplastara por completo\u201d a los cananeos. Ya se sabe el r\u00edo de sangre que provoc\u00f3 entre estos \u00faltimos su lugarteniente y sucesor Josu\u00e9. Los de Versalles no tuvieron la prudencia de pensar que eran hechos y circunstancias diferentes. &nbsp;<\/p>\n\n\n\n<p>Todo indica que tambi\u00e9n estaban imbuidos por la c\u00e9lebre frase del prusiano Carl von Clausewitz, gran te\u00f3rico de la guerra: \u201c&#8230;la aniquilaci\u00f3n directa de las fuerzas enemigas deber\u00e1 ser siempre el objetivo predominante.\u201d<\/p>\n\n\n\n<p>En el caso analizado no era l\u00f3gico aplicar ese apotegma a una naci\u00f3n acorralada y v\u00edctima de sus dirigentes.<\/p>\n\n\n\n<figure class=\"wp-block-image size-full\"><img loading=\"lazy\" decoding=\"async\" width=\"180\" height=\"261\" src=\"https:\/\/diariodominicano.com\/wp-content\/uploads\/2022\/11\/Guillermo_II.jpg\" alt=\"\" class=\"wp-image-396822\"\/><figcaption>Guillermo II<\/figcaption><\/figure>\n\n\n\n<p>Cegados por recoger el bot\u00edn de guerra olvidaron que el pueblo alem\u00e1n fue arruinado en la segunda d\u00e9cada del siglo pasado por el emperador Guillermo II, y por los m\u00e1s altos jerarcas militares que lo rodeaban, quienes en el fondo eran los que decid\u00edan en su imperio sobre cuestiones b\u00e9licas. Aquella Alemania cautiva no pod\u00eda compararse con las belicosas tribus cananeas y sus reyezuelos.<\/p>\n\n\n\n<p>El susodicho tratado convirti\u00f3 a Alemania en un terreno f\u00e9rtil para el florecimiento de demagogos que se aprovecharon del apabullamiento moral y de la miseria que abat\u00eda a millones de personas que viv\u00edan en ciudades enclavadas en las cercan\u00edas de los r\u00edos Elba, Danubio, Habel, Fulda, Meno, Mosa, Odra, Ems, Mosela, Esprea, Ruhr y otros.<\/p>\n\n\n\n<figure class=\"wp-block-image size-full\"><img loading=\"lazy\" decoding=\"async\" width=\"125\" height=\"118\" src=\"https:\/\/diariodominicano.com\/wp-content\/uploads\/2022\/11\/Woodrow-Wilson.jpg\" alt=\"\" class=\"wp-image-396824\"\/><figcaption> Woodrow Wilson <\/figcaption><\/figure>\n\n\n\n<p>Los gobernantes de las naciones triunfantes de la Primera Guerra Mundial, entre ellos el estadounidense Woodrow Wilson, el franc\u00e9s Raymond Poincar\u00e9 y el brit\u00e1nico David Lloyd George, no actuaron con el discernimiento que siempre se espera de l\u00edderes de pa\u00edses poderosos.<\/p>\n\n\n\n<p>Los vencedores de la Primera Guerra Mundial (EE.UU., Francia, Reino Unido y sus asociados) fueron angurriosos desmembrando la geograf\u00eda de Alemania, a la cual le mutilaron 70 mil kil\u00f3metros cuadrados. Decidieron, adem\u00e1s, que m\u00e1s de siete millones de alemanes pasaran a tener otras nacionalidades.<\/p>\n\n\n\n<p>Redujeron su ej\u00e9rcito a una especie de milicias liliputienses, sin posibilidad de reclutar nuevos miembros ni reparar o ampliar su parque militar.<\/p>\n\n\n\n<p>El pueblo alem\u00e1n tambi\u00e9n fue obligado a pagar 269 mil millones de marcos de oro por concepto de indemnizaci\u00f3n, cifra que termin\u00f3 saldando decenas de a\u00f1os despu\u00e9s; con los cotejos producidos con el paso del tiempo.<\/p>\n\n\n\n<p>Las disposiciones tomadas por unos cuantos personajes del mundo de la pol\u00edtica (bajo la euforia de su victoria del 1919) en salones entorchados, rodeados de jardines parecidos a los paisajes del pintor florentino Sandro Botticelli, fueron irreflexivas y onerosas, y como tales provocaron asimismo un ambiente socialmente convulso, principalmente en Alemania, cuya econom\u00eda fue paralizada al extremo de que colaps\u00f3 en el 1923.<\/p>\n\n\n\n<p>Por eso all\u00ed prosper\u00f3 la propaganda de agitaci\u00f3n, resumida en el lenguaje de la publicidad pol\u00edtica con la c\u00e9lebre palabra agitprop. Un ejemplo elocuente fue el libro de Hitler titulado Mi Lucha, publicado el 18 de julio de 1925.<\/p>\n\n\n\n<p>As\u00ed naci\u00f3 la diab\u00f3lica doctrina hitleriana conocida como nacionalsocialismo, con un componente pol\u00edtico, militar, econ\u00f3mico, racial (contra los jud\u00edos) y geogr\u00e1fico, cuyo centro era la teor\u00eda del \u201cespacio vital.\u201d<\/p>\n\n\n\n<p>La verdad irrebatible es que el Tratado de Versalles en vez de asegurar la paz lo que produjo fue el nefasto resultado de la Segunda Guerra Mundial: M\u00e1s de 50 millones de personas muertas, decenas de millones mutiladas y una gran parte del mundo en ruina; as\u00ed como el grueso de la humanidad traumatizada durante generaciones por los horrores de los campos nazis de exterminio y por otros hechos propios de la vesania de monstruos con ropaje de humano.<\/p>\n\n\n\n<p>Te\u00f3filo Lappot<\/p>\n\n\n\n<p><a rel=\"noreferrer noopener\" target=\"_blank\" href=\"mailto:teofilolappot@hotmail.com\">teofilolappot@hotmail.com<\/a><\/p>\n","protected":false},"excerpt":{"rendered":"<p>Benito Mussolini y Adolfo Hitler. POR TE\u00d3FILO LAPPOT ROBLES Las sanciones establecidas en el Tratado de Versalles del 28 de junio del 1919 fueron tan lesivas para Alemania que, a modo del c\u00e9lebre bumer\u00e1n de los abor\u00edgenes australianos, sirvieron como germen para que 20 a\u00f1os despu\u00e9s se produjera la Segunda Guerra Mundial. Ese acuerdo multilateral [&hellip;]<\/p>\n","protected":false},"author":28,"featured_media":396816,"comment_status":"closed","ping_status":"","sticky":true,"template":"","format":"standard","meta":{"footnotes":""},"categories":[21,36,26,27],"tags":[],"class_list":["post-396815","post","type-post","status-publish","format-standard","has-post-thumbnail","hentry","category-cultura","category-hombresmujeresycosas","category-efemerides","category-portada"],"_links":{"self":[{"href":"https:\/\/diariodominicano.com\/index.php?rest_route=\/wp\/v2\/posts\/396815","targetHints":{"allow":["GET"]}}],"collection":[{"href":"https:\/\/diariodominicano.com\/index.php?rest_route=\/wp\/v2\/posts"}],"about":[{"href":"https:\/\/diariodominicano.com\/index.php?rest_route=\/wp\/v2\/types\/post"}],"author":[{"embeddable":true,"href":"https:\/\/diariodominicano.com\/index.php?rest_route=\/wp\/v2\/users\/28"}],"replies":[{"embeddable":true,"href":"https:\/\/diariodominicano.com\/index.php?rest_route=%2Fwp%2Fv2%2Fcomments&post=396815"}],"version-history":[{"count":8,"href":"https:\/\/diariodominicano.com\/index.php?rest_route=\/wp\/v2\/posts\/396815\/revisions"}],"predecessor-version":[{"id":396827,"href":"https:\/\/diariodominicano.com\/index.php?rest_route=\/wp\/v2\/posts\/396815\/revisions\/396827"}],"wp:featuredmedia":[{"embeddable":true,"href":"https:\/\/diariodominicano.com\/index.php?rest_route=\/wp\/v2\/media\/396816"}],"wp:attachment":[{"href":"https:\/\/diariodominicano.com\/index.php?rest_route=%2Fwp%2Fv2%2Fmedia&parent=396815"}],"wp:term":[{"taxonomy":"category","embeddable":true,"href":"https:\/\/diariodominicano.com\/index.php?rest_route=%2Fwp%2Fv2%2Fcategories&post=396815"},{"taxonomy":"post_tag","embeddable":true,"href":"https:\/\/diariodominicano.com\/index.php?rest_route=%2Fwp%2Fv2%2Ftags&post=396815"}],"curies":[{"name":"wp","href":"https:\/\/api.w.org\/{rel}","templated":true}]}}