{"id":396788,"date":"2022-11-11T22:23:48","date_gmt":"2022-11-12T02:23:48","guid":{"rendered":"http:\/\/diariodominicano.com\/?p=396788"},"modified":"2022-11-11T22:39:04","modified_gmt":"2022-11-12T02:39:04","slug":"ateneo-dominicano-reconoce-aportes-de-jose-francisco-pena-gomez","status":"publish","type":"post","link":"https:\/\/diariodominicano.com\/?p=396788","title":{"rendered":"Ateneo Dominicano reconoce aportes de Jos\u00e9 Francisco Pe\u00f1a G\u00f3mez"},"content":{"rendered":"\n<p>Miguel Vargas develiza foto de Pe\u00f1a G\u00f3mez en homenaje Ateneo<\/p>\n\n\n\n<figure class=\"wp-block-image size-full\"><img loading=\"lazy\" decoding=\"async\" width=\"731\" height=\"1024\" src=\"https:\/\/diariodominicano.com\/wp-content\/uploads\/2022\/11\/Miguel-Vargas-develiza-foto-de-Pena-Gomez.jpg\" alt=\"\" class=\"wp-image-396792\" srcset=\"https:\/\/diariodominicano.com\/wp-content\/uploads\/2022\/11\/Miguel-Vargas-develiza-foto-de-Pena-Gomez.jpg 731w, https:\/\/diariodominicano.com\/wp-content\/uploads\/2022\/11\/Miguel-Vargas-develiza-foto-de-Pena-Gomez-214x300.jpg 214w\" sizes=\"auto, (max-width: 731px) 100vw, 731px\" \/><figcaption>La foto del doctor Jos\u00e9 Francisco Pe\u00f1a G\u00f3mez<\/figcaption><\/figure>\n\n\n\n<figure class=\"wp-block-image size-full\"><img loading=\"lazy\" decoding=\"async\" width=\"731\" height=\"1024\" src=\"https:\/\/diariodominicano.com\/wp-content\/uploads\/2022\/11\/Peggy-Cabral-00.jpg\" alt=\"\" class=\"wp-image-396794\" srcset=\"https:\/\/diariodominicano.com\/wp-content\/uploads\/2022\/11\/Peggy-Cabral-00.jpg 731w, https:\/\/diariodominicano.com\/wp-content\/uploads\/2022\/11\/Peggy-Cabral-00-214x300.jpg 214w\" sizes=\"auto, (max-width: 731px) 100vw, 731px\" \/><figcaption>Peggy Cabral<\/figcaption><\/figure>\n\n\n\n<p><em><u>Peggy Cabral destaca el compromiso que tuvo su esposo con la paz y el bienestar del pueblo dominicano.<\/u><\/em><em><u><\/u><\/em><\/p>\n\n\n\n<p>Santo Domingo.- La organizaci\u00f3n cultural sin fines de lucro Ateneo Dominicano inaugur\u00f3 el sal\u00f3n Dr. Jos\u00e9 Francisco Pe\u00f1a G\u00f3mez, en su local del capitalino sector de Gascue.<\/p>\n\n\n\n<p>Se trata de un reconocimiento al trabajo y esfuerzo como pol\u00edtico y ser humano, entre otras cualidades, que tuvo en vida el l\u00edder hist\u00f3rico del Partido Revolucionario Dominicano (PRD).<\/p>\n\n\n\n<figure class=\"wp-block-image size-full\"><img loading=\"lazy\" decoding=\"async\" width=\"1024\" height=\"865\" src=\"https:\/\/diariodominicano.com\/wp-content\/uploads\/2022\/11\/Miguel-Vargas-y-Peggi-Cabral-en-Ateneo.jpg\" alt=\"\" class=\"wp-image-396796\" srcset=\"https:\/\/diariodominicano.com\/wp-content\/uploads\/2022\/11\/Miguel-Vargas-y-Peggi-Cabral-en-Ateneo.jpg 1024w, https:\/\/diariodominicano.com\/wp-content\/uploads\/2022\/11\/Miguel-Vargas-y-Peggi-Cabral-en-Ateneo-300x253.jpg 300w, https:\/\/diariodominicano.com\/wp-content\/uploads\/2022\/11\/Miguel-Vargas-y-Peggi-Cabral-en-Ateneo-768x649.jpg 768w, https:\/\/diariodominicano.com\/wp-content\/uploads\/2022\/11\/Miguel-Vargas-y-Peggi-Cabral-en-Ateneo-816x689.jpg 816w\" sizes=\"auto, (max-width: 1024px) 100vw, 1024px\" \/><figcaption>El presidente del PRD Miguel Vargas Maldonado y  Do\u00f1a Peggy Cabral <\/figcaption><\/figure>\n\n\n\n<p>El homenaje a la trayectoria de Pe\u00f1a G\u00f3mez se realiz\u00f3 en un acto al que asisti\u00f3 una delegaci\u00f3n perrede\u00edsta encabezada por el ingeniero Miguel Vargas Maldonado, as\u00ed como do\u00f1a Peggy Cabral viuda Pe\u00f1a, acompa\u00f1ada de una pl\u00e9yade de dirigentes de la organizaci\u00f3n pol\u00edtica.<\/p>\n\n\n\n<p>Do\u00f1a&nbsp;Peggy Cabral viuda Pe\u00f1a agradeci\u00f3 la distinci\u00f3n del&nbsp;Ateneo Dominicano a la vida de su esposo.<\/p>\n\n\n\n<p>En su discurso, destac\u00f3 las dotes humanistas de Pe\u00f1a G\u00f3mez y su compromiso con la paz social, \u201cen ocasiones, sacrificando su inter\u00e9s personal y pol\u00edtico\u201d.<\/p>\n\n\n\n<p>Explic\u00f3 que su esposo \u201cpon\u00eda por encima de cualquier inter\u00e9s la no afectaci\u00f3n al bienestar del pueblo, bajo su concepto, valor o principio de que primero estaba \u2018la gente\u2019, el pueblo\u201d.<\/p>\n\n\n\n<p>\u201cSu compromiso con el pueblo no le permit\u00eda ser presidente con la sangre de un solo dominicano\u201d, resalt\u00f3.<\/p>\n\n\n\n<p>\u201cEs incre\u00edble lo que fue su vida y c\u00f3mo enfrent\u00f3 cada situaci\u00f3n con entereza y pasi\u00f3n. Su lema primero la gente fue su forma de vida\u201d, reiter\u00f3 Peggy Cabral viuda Pe\u00f1a.<\/p>\n\n\n\n<p><strong>M\u00e1s detalles sobre el evento<\/strong><\/p>\n\n\n\n<p>Las palabras de bienvenida en la actividad correspondieron al presidente del Ateneo Dominicano, Henry Mej\u00eda, acompa\u00f1ado de Luis\u00edn Mej\u00eda Oviedo.<\/p>\n\n\n\n<p>El presidente del PRD, ingeniero Miguel Vargas, tuvo a su cargo, junto a Jorge Zorrilla Ozuna, la develaci\u00f3n del cuadro interior del sal\u00f3n dedicado al doctor Pe\u00f1a G\u00f3mez.<\/p>\n\n\n\n<p>Tambi\u00e9n participaron en el acto el se\u00f1or Rafael Gamundi Cordero, Abril Pe\u00f1a, Francisco Antonio Pe\u00f1a Guaba (Tony), Janet Camilo, entre otras personalidades.<\/p>\n\n\n\n<p>Comunicaci\u00f3n Integral Rep Dom<\/p>\n\n\n\n<p><a rel=\"noreferrer noopener\" target=\"_blank\" href=\"mailto:comunicacionintegralrepdom@gmail.com\">comunicacionintegralrepdom@gmail.com<\/a><\/p>\n\n\n\n<p><strong>SN<\/strong><strong>COMUNICACIONES<\/strong><strong>PRD<\/strong><\/p>\n\n\n\n<p>11 de noviembre de 2022&nbsp;&nbsp;<\/p>\n","protected":false},"excerpt":{"rendered":"<p>Miguel Vargas develiza foto de Pe\u00f1a G\u00f3mez en homenaje Ateneo Peggy Cabral destaca el compromiso que tuvo su esposo con la paz y el bienestar del pueblo dominicano. Santo Domingo.- La organizaci\u00f3n cultural sin fines de lucro Ateneo Dominicano inaugur\u00f3 el sal\u00f3n Dr. Jos\u00e9 Francisco Pe\u00f1a G\u00f3mez, en su local del capitalino sector de Gascue. [&hellip;]<\/p>\n","protected":false},"author":28,"featured_media":396791,"comment_status":"closed","ping_status":"","sticky":true,"template":"","format":"standard","meta":{"footnotes":""},"categories":[36,26,27],"tags":[],"class_list":["post-396788","post","type-post","status-publish","format-standard","has-post-thumbnail","hentry","category-hombresmujeresycosas","category-efemerides","category-portada"],"_links":{"self":[{"href":"https:\/\/diariodominicano.com\/index.php?rest_route=\/wp\/v2\/posts\/396788","targetHints":{"allow":["GET"]}}],"collection":[{"href":"https:\/\/diariodominicano.com\/index.php?rest_route=\/wp\/v2\/posts"}],"about":[{"href":"https:\/\/diariodominicano.com\/index.php?rest_route=\/wp\/v2\/types\/post"}],"author":[{"embeddable":true,"href":"https:\/\/diariodominicano.com\/index.php?rest_route=\/wp\/v2\/users\/28"}],"replies":[{"embeddable":true,"href":"https:\/\/diariodominicano.com\/index.php?rest_route=%2Fwp%2Fv2%2Fcomments&post=396788"}],"version-history":[{"count":5,"href":"https:\/\/diariodominicano.com\/index.php?rest_route=\/wp\/v2\/posts\/396788\/revisions"}],"predecessor-version":[{"id":396797,"href":"https:\/\/diariodominicano.com\/index.php?rest_route=\/wp\/v2\/posts\/396788\/revisions\/396797"}],"wp:featuredmedia":[{"embeddable":true,"href":"https:\/\/diariodominicano.com\/index.php?rest_route=\/wp\/v2\/media\/396791"}],"wp:attachment":[{"href":"https:\/\/diariodominicano.com\/index.php?rest_route=%2Fwp%2Fv2%2Fmedia&parent=396788"}],"wp:term":[{"taxonomy":"category","embeddable":true,"href":"https:\/\/diariodominicano.com\/index.php?rest_route=%2Fwp%2Fv2%2Fcategories&post=396788"},{"taxonomy":"post_tag","embeddable":true,"href":"https:\/\/diariodominicano.com\/index.php?rest_route=%2Fwp%2Fv2%2Ftags&post=396788"}],"curies":[{"name":"wp","href":"https:\/\/api.w.org\/{rel}","templated":true}]}}