{"id":396588,"date":"2022-11-10T20:27:13","date_gmt":"2022-11-11T00:27:13","guid":{"rendered":"http:\/\/diariodominicano.com\/?p=396588"},"modified":"2022-11-10T20:36:32","modified_gmt":"2022-11-11T00:36:32","slug":"depositan-ofrenda-floral-por-aniversario-del-natalicio-primera-mujer-graduada-de-medicina","status":"publish","type":"post","link":"https:\/\/diariodominicano.com\/?p=396588","title":{"rendered":"Depositan ofrenda floral por aniversario del natalicio de la primera m\u00e9dica dominicana"},"content":{"rendered":"\n<p> El decano de la Facultad de Ciencias de la Salud, doctor Mario Uffre se dirige a los presentes en la ofrenda floral en honor a la primera mujer graduada de Medicina, Evangelina Rodr\u00edguez. <\/p>\n\n\n\n<figure class=\"wp-block-image size-large\"><img loading=\"lazy\" decoding=\"async\" width=\"1024\" height=\"768\" src=\"https:\/\/diariodominicano.com\/wp-content\/uploads\/2022\/11\/e0b16014-5611-4684-8e26-eb6f9c012162-1-1024x768.jpg\" alt=\"\" class=\"wp-image-396591\" srcset=\"https:\/\/diariodominicano.com\/wp-content\/uploads\/2022\/11\/e0b16014-5611-4684-8e26-eb6f9c012162-1-1024x768.jpg 1024w, https:\/\/diariodominicano.com\/wp-content\/uploads\/2022\/11\/e0b16014-5611-4684-8e26-eb6f9c012162-1-300x225.jpg 300w, https:\/\/diariodominicano.com\/wp-content\/uploads\/2022\/11\/e0b16014-5611-4684-8e26-eb6f9c012162-1-768x576.jpg 768w, https:\/\/diariodominicano.com\/wp-content\/uploads\/2022\/11\/e0b16014-5611-4684-8e26-eb6f9c012162-1-1536x1152.jpg 1536w, https:\/\/diariodominicano.com\/wp-content\/uploads\/2022\/11\/e0b16014-5611-4684-8e26-eb6f9c012162-1-816x612.jpg 816w, https:\/\/diariodominicano.com\/wp-content\/uploads\/2022\/11\/e0b16014-5611-4684-8e26-eb6f9c012162-1.jpg 1600w\" sizes=\"auto, (max-width: 1024px) 100vw, 1024px\" \/><\/figure>\n\n\n\n<p>\u00b7&nbsp;<em><u>La ceremonia se produjo en el busto erigido en honor a la doctora Evangelina Rodr\u00edguez Perozo<\/u><\/em><\/p>\n\n\n\n<p>La Facultad de Ciencias de la Salud (FCS) de la Universidad Aut\u00f3noma de Santo Domingo (UASD) conmemor\u00f3 el 143 aniversario del natalicio de la primera mujer graduada de medicina, Evangelina Rodr\u00edguez Perozo, con el dep\u00f3sito de una ofrenda floral en el busto erigido en su honor.<\/p>\n\n\n\n<p>Las palabras centrales del acto estuvieron a cargo del decano de esa unidad acad\u00e9mica, doctor Mario Uffre, quien resalt\u00f3 las cualidades que ten\u00eda la doctora Rodr\u00edguez Perozo, la cual dijo representa el s\u00edmbolo de la superaci\u00f3n, al ya que &nbsp;tuvo el valor de luchar a favor de la mujer abriendo camino del servicio y ense\u00f1anza.<\/p>\n\n\n\n<figure class=\"wp-block-image size-large\"><img loading=\"lazy\" decoding=\"async\" width=\"1024\" height=\"754\" src=\"https:\/\/diariodominicano.com\/wp-content\/uploads\/2022\/11\/DSC_0040-1024x754.jpg\" alt=\"\" class=\"wp-image-396592\" srcset=\"https:\/\/diariodominicano.com\/wp-content\/uploads\/2022\/11\/DSC_0040-1024x754.jpg 1024w, https:\/\/diariodominicano.com\/wp-content\/uploads\/2022\/11\/DSC_0040-300x221.jpg 300w, https:\/\/diariodominicano.com\/wp-content\/uploads\/2022\/11\/DSC_0040-768x566.jpg 768w, https:\/\/diariodominicano.com\/wp-content\/uploads\/2022\/11\/DSC_0040-1536x1131.jpg 1536w, https:\/\/diariodominicano.com\/wp-content\/uploads\/2022\/11\/DSC_0040-2048x1508.jpg 2048w, https:\/\/diariodominicano.com\/wp-content\/uploads\/2022\/11\/DSC_0040-816x601.jpg 816w\" sizes=\"auto, (max-width: 1024px) 100vw, 1024px\" \/><figcaption> La vicedecana de la Facultad de Ciencias de la Salud, maestra Zelandia &nbsp;&nbsp;&nbsp;&nbsp;&nbsp;&nbsp;&nbsp;&nbsp;&nbsp;Matos pronunciando la semblanza de la primera m\u00e9dico mujer.<\/figcaption><\/figure>\n\n\n\n<p>El evento &nbsp;inici\u00f3 con la presentaci\u00f3n de la semblanza de Rodr\u00edguez Perozo, a cargo de la vicedecana de la FCS, maestra Zelandia Matos, &nbsp;quien detall\u00f3 que esa mujer valiente se gradu\u00f3 un 29 de diciembre de 1911, al presentar su tesis sobre \u201cNi\u00f1os con Excitaci\u00f3n Cerebral\u201d, en la que sac\u00f3 una nota sobresaliente; pero a pesar de esto no pudo obtener el t\u00edtulo, porque el gobierno de turno no la reconoci\u00f3 por ser &nbsp;una mujer y de raza negra.<\/p>\n\n\n\n<figure class=\"wp-block-image size-large\"><img loading=\"lazy\" decoding=\"async\" width=\"1024\" height=\"915\" src=\"https:\/\/diariodominicano.com\/wp-content\/uploads\/2022\/11\/DSC_0014-1024x915.jpg\" alt=\"\" class=\"wp-image-396594\" srcset=\"https:\/\/diariodominicano.com\/wp-content\/uploads\/2022\/11\/DSC_0014-1024x915.jpg 1024w, https:\/\/diariodominicano.com\/wp-content\/uploads\/2022\/11\/DSC_0014-300x268.jpg 300w, https:\/\/diariodominicano.com\/wp-content\/uploads\/2022\/11\/DSC_0014-768x686.jpg 768w, https:\/\/diariodominicano.com\/wp-content\/uploads\/2022\/11\/DSC_0014-1536x1373.jpg 1536w, https:\/\/diariodominicano.com\/wp-content\/uploads\/2022\/11\/DSC_0014-2048x1830.jpg 2048w, https:\/\/diariodominicano.com\/wp-content\/uploads\/2022\/11\/DSC_0014-816x729.jpg 816w\" sizes=\"auto, (max-width: 1024px) 100vw, 1024px\" \/><figcaption> Directores de escuela de la facultad, docentes y personal administrativo &nbsp;&nbsp;&nbsp;&nbsp;&nbsp;durante la ofrenda floral en honor a la primera mujer graduada de Medicina, Evangelina Rodr\u00edguez. <\/figcaption><\/figure>\n\n\n\n<p><strong><u>&nbsp;Biograf\u00eda de Evangelina Rodr\u00edguez Perozo<\/u><\/strong><strong>:<\/strong><\/p>\n\n\n\n<p>&nbsp;Naci\u00f3 un 10 de noviembre de 1879 en San Rafael de Yuma, en la Provincia de &nbsp;La Altagracia, tuvo una infancia un poco dif\u00edcil porque sus padres murieron cuando era ni\u00f1a y qued\u00f3 a cargo de su abuela paterna, Tomasina Suero. Ya en 1911 se convirti\u00f3 en la primera mujer dominicana graduada de Medicina.<\/p>\n\n\n\n<p>Adem\u00e1s de ser profesional de la medicina, fue escritora, pionera del ensayo femenino,&nbsp; public\u00f3 su primer libro \u201cEnsayos de Polen\u00bb, y luch\u00f3 a favor de los derechos de la mujer. Tambi\u00e9n aport\u00f3 en el \u00e1rea de salud p\u00fablica, planificaci\u00f3n familiar y educaci\u00f3n sexual. Evangelina falleci\u00f3 a los 67 a\u00f1os en 1947.<\/p>\n\n\n\n<p>El busto en honor a la doctora Evangelina Rodr\u00edguez est\u00e1 ubicado en la explanada del edificio Dr. Defill\u00f3 de la Facultad de Ciencias de la Salud.<\/p>\n\n\n\n<p>En el acto tambi\u00e9n &nbsp;asistieron diferentes personalidades, entre ellas, el vicedecano de la Facultad de Educaci\u00f3n maestro, Pascual Locadio, de la Escuela de Medicina, doctor Jos\u00e9 Peralta Contreras, la directora de la Escuela de Farmacia, maestra Elizabeth Marisol P\u00e9rez, de Odontolog\u00eda, Glenis Delgado, de Bioan\u00e1lisis maestra Mirna Nova, el coordinador docente de Oseplandi, maestro Cristian Francisco, as\u00ed como profesionales del \u00e1rea de salud, coordinadores de c\u00e1tedra y directores administrativos.<\/p>\n\n\n\n<p>Relaciones P\u00fablicas<a target=\"_blank\" href=\"mailto:relacionespublicas@uasd.edu.do\" rel=\"noreferrer noopener\">relacionespublicas@uasd.edu.do<\/a><\/p>\n","protected":false},"excerpt":{"rendered":"<p>El decano de la Facultad de Ciencias de la Salud, doctor Mario Uffre se dirige a los presentes en la ofrenda floral en honor a la primera mujer graduada de Medicina, Evangelina Rodr\u00edguez. \u00b7&nbsp;La ceremonia se produjo en el busto erigido en honor a la doctora Evangelina Rodr\u00edguez Perozo La Facultad de Ciencias de la [&hellip;]<\/p>\n","protected":false},"author":28,"featured_media":396590,"comment_status":"closed","ping_status":"","sticky":true,"template":"","format":"standard","meta":{"footnotes":""},"categories":[20,26,27],"tags":[],"class_list":["post-396588","post","type-post","status-publish","format-standard","has-post-thumbnail","hentry","category-dominicana-hoy","category-efemerides","category-portada"],"_links":{"self":[{"href":"https:\/\/diariodominicano.com\/index.php?rest_route=\/wp\/v2\/posts\/396588","targetHints":{"allow":["GET"]}}],"collection":[{"href":"https:\/\/diariodominicano.com\/index.php?rest_route=\/wp\/v2\/posts"}],"about":[{"href":"https:\/\/diariodominicano.com\/index.php?rest_route=\/wp\/v2\/types\/post"}],"author":[{"embeddable":true,"href":"https:\/\/diariodominicano.com\/index.php?rest_route=\/wp\/v2\/users\/28"}],"replies":[{"embeddable":true,"href":"https:\/\/diariodominicano.com\/index.php?rest_route=%2Fwp%2Fv2%2Fcomments&post=396588"}],"version-history":[{"count":7,"href":"https:\/\/diariodominicano.com\/index.php?rest_route=\/wp\/v2\/posts\/396588\/revisions"}],"predecessor-version":[{"id":396601,"href":"https:\/\/diariodominicano.com\/index.php?rest_route=\/wp\/v2\/posts\/396588\/revisions\/396601"}],"wp:featuredmedia":[{"embeddable":true,"href":"https:\/\/diariodominicano.com\/index.php?rest_route=\/wp\/v2\/media\/396590"}],"wp:attachment":[{"href":"https:\/\/diariodominicano.com\/index.php?rest_route=%2Fwp%2Fv2%2Fmedia&parent=396588"}],"wp:term":[{"taxonomy":"category","embeddable":true,"href":"https:\/\/diariodominicano.com\/index.php?rest_route=%2Fwp%2Fv2%2Fcategories&post=396588"},{"taxonomy":"post_tag","embeddable":true,"href":"https:\/\/diariodominicano.com\/index.php?rest_route=%2Fwp%2Fv2%2Ftags&post=396588"}],"curies":[{"name":"wp","href":"https:\/\/api.w.org\/{rel}","templated":true}]}}