{"id":396577,"date":"2022-11-10T19:49:48","date_gmt":"2022-11-10T23:49:48","guid":{"rendered":"http:\/\/diariodominicano.com\/?p=396577"},"modified":"2022-11-10T19:49:48","modified_gmt":"2022-11-10T23:49:48","slug":"condenan-a-cinco-anos-de-prision-a-un-hombre-que-agredio-sexualmente-a-una-mujer-a-punta-de-cuchillo-en-el-sector-los-guandules","status":"publish","type":"post","link":"https:\/\/diariodominicano.com\/?p=396577","title":{"rendered":"Condenan a cinco a\u00f1os de prisi\u00f3n a un hombre que agredi\u00f3 sexualmente a una mujer a punta de cuchillo en el sector Los Guandules"},"content":{"rendered":"\n<p>SANTO DOMINGO, Rep\u00fablica Dominicana.- Un empleado de una empresa de seguridad que viol\u00f3 sexualmente a una mujer, a la que amenaz\u00f3 de muerte con un cuchillo, deber\u00e1 cumplir cinco a\u00f1os de prisi\u00f3n, seg\u00fan sentencia del\u00a0 Tercer Tribunal Colegiado del Distrito Nacional.<\/p>\n\n\n\n<p>Las magistradas Arlin Ventura, Milagros Ram\u00edrez y Leticia Mart\u00ednez tomaron la decisi\u00f3n luego de valorar las pruebas periciales, testimoniales y documentales presentadas por el fiscal litigante Norabel M\u00e9ndez, en contra del procesado Jos\u00e9 Javier Delf\u00edn Valdez.<\/p>\n\n\n\n<p>Seg\u00fan el expediente instrumentado por la Fiscal\u00eda del Distrito Nacional, el 26 de diciembre de 2020, la v\u00edctima caminaba por la calle Respaldo Ricardo Carty, del sector Los Guandules, alrededor de la 1:00 de la madrugada, cuando regresaba de su centro de trabajo, y fue interceptada por el imputado Delf\u00edn Valdez.<\/p>\n\n\n\n<p>La dama narr\u00f3 en el tribunal que el agresor le coloc\u00f3 un filoso cuchillo en su cuello y le orden\u00f3 bajo amenaza que caminara hasta una vivienda abandonada, donde la entr\u00f3 a empujones, la atac\u00f3 a golpes y mordidas y la viol\u00f3 sexualmente.<\/p>\n\n\n\n<p>El agresor persist\u00eda en su abuso contra la mujer, quien logr\u00f3 zafarse y empujarlo hasta obligarlo a salir huyendo de la casa, donde dej\u00f3 abandonadas sus ropas, un tel\u00e9fono m\u00f3vil y un carnet que lo acreditaba como empleado de una empresa de servicios de seguridad, lo que permiti\u00f3 a las autoridades su f\u00e1cil identificaci\u00f3n.<\/p>\n\n\n\n<p>La Fiscal\u00eda del Distrito Nacional otorg\u00f3 a este hecho la calificaci\u00f3n jur\u00eddica de violencia de g\u00e9nero y violaci\u00f3n sexual, delitos previstos y sancionados por los art\u00edculos 309 y 331 del C\u00f3digo Penal, modificado por la Ley 24-97, sobre Violencia Intrafamiliar, as\u00ed como los art\u00edculos 83 y 86 de la Ley 631-16, para el Control de Armas, Municiones y Materiales Relacionados.<\/p>\n\n\n\n<p>Delf\u00edn Valdez cumplir\u00e1 la pena en el Centro de Correcci\u00f3n y Rehabilitaci\u00f3n Najayo Hombres, en la provincia de San Crist\u00f3bal, seg\u00fan establece la sentencia.<\/p>\n\n\n\n<p><strong>Direcci\u00f3n de Comunicaci\u00f3n y Prensa<\/strong><strong><\/strong><\/p>\n\n\n\n<p><strong>Procuradur\u00eda General-Ministerio P\u00fablico RD<\/strong><\/p>\n\n\n\n<p><strong>Jueves, 10 de noviembre de 2022.<\/strong><\/p>\n\n\n\n<p><\/p>\n","protected":false},"excerpt":{"rendered":"<p>SANTO DOMINGO, Rep\u00fablica Dominicana.- Un empleado de una empresa de seguridad que viol\u00f3 sexualmente a una mujer, a la que amenaz\u00f3 de muerte con un cuchillo, deber\u00e1 cumplir cinco a\u00f1os de prisi\u00f3n, seg\u00fan sentencia del\u00a0 Tercer Tribunal Colegiado del Distrito Nacional. Las magistradas Arlin Ventura, Milagros Ram\u00edrez y Leticia Mart\u00ednez tomaron la decisi\u00f3n luego de [&hellip;]<\/p>\n","protected":false},"author":28,"featured_media":265615,"comment_status":"closed","ping_status":"","sticky":true,"template":"","format":"standard","meta":{"footnotes":""},"categories":[24,29,27],"tags":[],"class_list":["post-396577","post","type-post","status-publish","format-standard","has-post-thumbnail","hentry","category-justicia-y-derecho","category-policiasucesos","category-portada"],"_links":{"self":[{"href":"https:\/\/diariodominicano.com\/index.php?rest_route=\/wp\/v2\/posts\/396577","targetHints":{"allow":["GET"]}}],"collection":[{"href":"https:\/\/diariodominicano.com\/index.php?rest_route=\/wp\/v2\/posts"}],"about":[{"href":"https:\/\/diariodominicano.com\/index.php?rest_route=\/wp\/v2\/types\/post"}],"author":[{"embeddable":true,"href":"https:\/\/diariodominicano.com\/index.php?rest_route=\/wp\/v2\/users\/28"}],"replies":[{"embeddable":true,"href":"https:\/\/diariodominicano.com\/index.php?rest_route=%2Fwp%2Fv2%2Fcomments&post=396577"}],"version-history":[{"count":1,"href":"https:\/\/diariodominicano.com\/index.php?rest_route=\/wp\/v2\/posts\/396577\/revisions"}],"predecessor-version":[{"id":396578,"href":"https:\/\/diariodominicano.com\/index.php?rest_route=\/wp\/v2\/posts\/396577\/revisions\/396578"}],"wp:featuredmedia":[{"embeddable":true,"href":"https:\/\/diariodominicano.com\/index.php?rest_route=\/wp\/v2\/media\/265615"}],"wp:attachment":[{"href":"https:\/\/diariodominicano.com\/index.php?rest_route=%2Fwp%2Fv2%2Fmedia&parent=396577"}],"wp:term":[{"taxonomy":"category","embeddable":true,"href":"https:\/\/diariodominicano.com\/index.php?rest_route=%2Fwp%2Fv2%2Fcategories&post=396577"},{"taxonomy":"post_tag","embeddable":true,"href":"https:\/\/diariodominicano.com\/index.php?rest_route=%2Fwp%2Fv2%2Ftags&post=396577"}],"curies":[{"name":"wp","href":"https:\/\/api.w.org\/{rel}","templated":true}]}}