{"id":39637,"date":"2020-02-26T21:02:26","date_gmt":"2020-02-26T21:02:26","guid":{"rendered":"http:\/\/diariodominicano.ddns.net\/?p=39637"},"modified":"2020-02-26T21:02:26","modified_gmt":"2020-02-26T21:02:26","slug":"un-voto-por-la-democracia-y-el-pais","status":"publish","type":"post","link":"https:\/\/diariodominicano.com\/?p=39637","title":{"rendered":"UN VOTO POR LA DEMOCRACIA Y EL PAIS"},"content":{"rendered":"<p><body><\/p>\n<p><strong>EN PRIMERA FILA<\/strong><\/p>\n<p><strong>UN VOTO POR LA DEMOCRACIA Y EL PAIS<\/strong><\/p>\n<p><strong>Mario Rivadulla<\/strong><\/p>\n<\/p>\n<p>Aunque no de manera espec\u00edfica pero compartiendo la misma inquietud y propuesta hecha por el Consejo Nacional de la Empresa Privada, y de hecho con la firma tambi\u00e9n de \u00e9ste, noventa y siete instituciones suscriben el comunicado desplegado a toda p\u00e1gina en la prensa matutina, bajo el encabezado de \u00abUn voto por la democracia y el pa\u00eds\u00bb.<\/p>\n<\/p>\n<p>Se trata de un conglomerado vasto y diverso que agrupa asociaciones empresariales, sindicatos obreros, universidades y centros educativos e instituciones de servicio sin fines de lucro, formando un poderoso conjunto de voces del mundo empresarial, laboral, acad\u00e9mico y de la sociedad civil que suman su voz  a la propuesta cada vez m\u00e1s amplia y generalizada que reclama del liderazgo pol\u00edtico la firma de un gran acuerdo asumiendo la responsabilidad de propiciar la celebraci\u00f3n de unas elecciones ordenadas, imparciales y transparentes que sean fiel reflejo de la voluntad de los votantes. <\/p>\n<\/p>\n<p>Pero, adem\u00e1s, tal como demanda la gran mayor\u00eda ciudadana, todav\u00eda bajo el impacto emocional de la inesperada suspensi\u00f3n de las elecciones municipales del domingo 17 de febrero, el manifiesto porta la exigencia de despejar las inc\u00f3gnitas que han quedado pendientes de respuesta sobre las razones de la obligada decisi\u00f3n que debi\u00f3 adoptar la Junta Central Electoral ante el colapso del sistema de voto automatizado.<\/p>\n<\/p>\n<p>No es posible que las causas de un hecho de tan ins\u00f3lita gravedad que ha estado al borde de crear una desestabilizadora crisis pol\u00edtica, queden en el limbo.  El pa\u00eds necesita y requiere respuestas. Las precisa la propia Junta Central Electoral para encontrar justa explicaci\u00f3n a la  traum\u00e1tica decisi\u00f3n que debi\u00f3 adoptar.   No por simple ejercicio acad\u00e9mico  es indispensable saber cual fue el origen de lo ocurrido, las posibles responsabilidades derivadas y aplicar las sanciones que sean de lugar.  En la medida en que esto se logre,  ganar\u00e1 confianza el torneo electoral pendiente de celebrarse.   A diferencia de otros casos, en el que nos ocupa tiene que haber consecuencias. <\/p>\n<\/p>\n<p>Por mas que resulte penoso  haber tenido que solicitar el auxilio de los t\u00e9cnicos de IFES, UNIORE y la OEA para llevar a cabo la investigaci\u00f3n  as\u00ed como la presencia de la comisi\u00f3n de observadores del organismo regional hasta completar el ciclo electoral como garant\u00eda de la investigaci\u00f3n y de la transparencia del proceso, y al margen de que algunos, con excesivos escr\u00fapulos y celo patri\u00f3tico, lo califican de acto intervencionista, no cabe duda que su participaci\u00f3n le sumar\u00e1 mayor credibilidad en la medida de su car\u00e1cter independiente. De hecho, es  as\u00ed que lo ha entendido y reclamado la propia oposici\u00f3n.<\/p>\n<\/p>\n<p>Lo importante ahora es salvar el escollo que ha representado el aplazamiento de las elecciones municipales para lo cual es preciso allanar el camino de obst\u00e1culos a fin de que puedan celebrarse sin inconvenientes y con plenas garant\u00edas el pr\u00f3ximo 15 de marzo, y a ello deben comprometerse formalmente los partidos que terciar\u00e1n en la justa. <\/p>\n<\/p>\n<p>De que la voluntad ciudadana pueda expresarse libremente, sin trabas ni sombras, maquinaciones turbias ni trampeos, depender\u00e1 el que la ciudadan\u00eda acuda a votar masivamente en las posteriores elecciones presidenciales y congresuales para elegir las autoridades que regir\u00e1n los destinos del pa\u00eds por los venideros cuatro a\u00f1os, en la confianza de que el resultado de las urnas ser\u00e1 reflejo fiel de su voluntad.  Y con ello, mantener y fortalecer nuestra todav\u00eda inmadura y fr\u00e1gil pero indispensable institucionalidad democr\u00e1tica que permita darle un mayor contenido social y plural, y por consiguiente mayor fortaleza.<\/p>\n<\/p>\n<p>Es cuanto. <\/p>\n<\/p>\n<\/p>\n<h6> 2020-02-26 21:02:26 <\/h6>\n<p><!--\n<link rel=\"stylesheet\" href=\"css\/bootstrap.min.css\">\n\n\n<ul class=\"pagination\">\n\t    \n\t\n\n<li >\n\t<a href='?page_no=292'>Previous<\/a>\n\t<\/li>\n\n\n       \n    \n\n<li><a href='?page_no=1'>1<\/a><\/li>\n\n\n\n<li><a href='?page_no=2'>2<\/a><\/li>\n\n\n\n<li><a>...<\/a><\/li>\n\n\n\n<li><a href='?page_no=291'>291<\/a><\/li>\n\n\n\n<li><a href='?page_no=292'>292<\/a><\/li>\n\n\n\n<li class='active'><a>293<\/a><\/li>\n\n\n\n<li><a href='?page_no=294'>294<\/a><\/li>\n\n\n\n<li><a href='?page_no=295'>295<\/a><\/li>\n\n\n\n<li><a>...<\/a><\/li>\n\n\n\n<li><a href='?page_no=13611'>13611<\/a><\/li>\n\n\n\n<li><a href='?page_no=13612'>13612<\/a><\/li>\n\n    \n\t\n\n<li >\n\t<a href='?page_no=294'>Next<\/a>\n\t<\/li>\n\n\n    \n\n<li><a href='?page_no=13612'>Last &rsaquo;&rsaquo;<\/a><\/li>\n\n<\/ul>\n\n\n--><br \/>\n<\/body><\/p>\n","protected":false},"excerpt":{"rendered":"<p>EN PRIMERA FILA UN VOTO POR LA DEMOCRACIA Y EL PAIS Mario Rivadulla Aunque no de manera espec\u00edfica pero compartiendo la misma inquietud y propuesta hecha por el Consejo Nacional de la Empresa Privada, y de hecho con la firma tambi\u00e9n de \u00e9ste, noventa y siete instituciones suscriben el comunicado desplegado a toda p\u00e1gina en [&hellip;]<\/p>\n","protected":false},"author":3,"featured_media":0,"comment_status":"open","ping_status":"open","sticky":false,"template":"","format":"standard","meta":{"footnotes":""},"categories":[16],"tags":[],"class_list":["post-39637","post","type-post","status-publish","format-standard","hentry","category-opiniones"],"_links":{"self":[{"href":"https:\/\/diariodominicano.com\/index.php?rest_route=\/wp\/v2\/posts\/39637","targetHints":{"allow":["GET"]}}],"collection":[{"href":"https:\/\/diariodominicano.com\/index.php?rest_route=\/wp\/v2\/posts"}],"about":[{"href":"https:\/\/diariodominicano.com\/index.php?rest_route=\/wp\/v2\/types\/post"}],"author":[{"embeddable":true,"href":"https:\/\/diariodominicano.com\/index.php?rest_route=\/wp\/v2\/users\/3"}],"replies":[{"embeddable":true,"href":"https:\/\/diariodominicano.com\/index.php?rest_route=%2Fwp%2Fv2%2Fcomments&post=39637"}],"version-history":[{"count":0,"href":"https:\/\/diariodominicano.com\/index.php?rest_route=\/wp\/v2\/posts\/39637\/revisions"}],"wp:attachment":[{"href":"https:\/\/diariodominicano.com\/index.php?rest_route=%2Fwp%2Fv2%2Fmedia&parent=39637"}],"wp:term":[{"taxonomy":"category","embeddable":true,"href":"https:\/\/diariodominicano.com\/index.php?rest_route=%2Fwp%2Fv2%2Fcategories&post=39637"},{"taxonomy":"post_tag","embeddable":true,"href":"https:\/\/diariodominicano.com\/index.php?rest_route=%2Fwp%2Fv2%2Ftags&post=39637"}],"curies":[{"name":"wp","href":"https:\/\/api.w.org\/{rel}","templated":true}]}}