{"id":396320,"date":"2022-11-09T18:09:15","date_gmt":"2022-11-09T22:09:15","guid":{"rendered":"http:\/\/diariodominicano.com\/?p=396320"},"modified":"2022-11-09T18:09:15","modified_gmt":"2022-11-09T22:09:15","slug":"apresan-hombre-acusado-de-homicidio-en-un-hecho-ocurrido-en-santiago","status":"publish","type":"post","link":"https:\/\/diariodominicano.com\/?p=396320","title":{"rendered":"Apresan hombre acusado de homicidio en un hecho ocurrido en Santiago"},"content":{"rendered":"\n<p>diariodominicano.com<\/p>\n\n\n\n<p><strong>Santiago, R.D., 09 de noviembre 2022.-<\/strong>\u00a0continuando con la operatividad, las labores de inteligencia y resoluci\u00f3n de casos de esta Direcci\u00f3n Regional y sus Departamentos Investigativos.<\/p>\n\n\n\n<p>Fue apresado RAY CASTILLO REYES. Dominicano, mayor de edad de 24 a\u00f1os,&nbsp;&nbsp;presunto homicida, quien&nbsp;&nbsp;se encontraba pr\u00f3fugo&nbsp;&nbsp;por la muerte de&nbsp;&nbsp;LUIS MANUEL MAYOR&nbsp;&nbsp;FA\u00d1A, dominicano, de 46 a\u00f1os de edad, quien falleci\u00f3 por DX: traumas m\u00faltiples en diferentes partes de cuerpo, en el sector la yaguita&nbsp;&nbsp;de pastor de esta ciudad de Santiago.<\/p>\n\n\n\n<p>En las pr\u00f3ximas horas el detenido ser\u00e1 puesto a disposici\u00f3n del ministerio p\u00fablico para el sometimiento formar ante el juzgado de atenci\u00f3n permanente de esta ciudad de Santiago.<\/p>\n\n\n\n<p>Fuente:  <strong>OFICINA DE INFORMACION Y COMUNICACIONES ESTRATEGICAS, DIRECCION REGIONAL CIBAO CENTRAL, P.N.<\/strong><\/p>\n","protected":false},"excerpt":{"rendered":"<p>diariodominicano.com Santiago, R.D., 09 de noviembre 2022.-\u00a0continuando con la operatividad, las labores de inteligencia y resoluci\u00f3n de casos de esta Direcci\u00f3n Regional y sus Departamentos Investigativos. Fue apresado RAY CASTILLO REYES. Dominicano, mayor de edad de 24 a\u00f1os,&nbsp;&nbsp;presunto homicida, quien&nbsp;&nbsp;se encontraba pr\u00f3fugo&nbsp;&nbsp;por la muerte de&nbsp;&nbsp;LUIS MANUEL MAYOR&nbsp;&nbsp;FA\u00d1A, dominicano, de 46 a\u00f1os de edad, quien falleci\u00f3 [&hellip;]<\/p>\n","protected":false},"author":5,"featured_media":396322,"comment_status":"closed","ping_status":"","sticky":true,"template":"","format":"standard","meta":{"footnotes":""},"categories":[29,27],"tags":[],"class_list":["post-396320","post","type-post","status-publish","format-standard","has-post-thumbnail","hentry","category-policiasucesos","category-portada"],"_links":{"self":[{"href":"https:\/\/diariodominicano.com\/index.php?rest_route=\/wp\/v2\/posts\/396320","targetHints":{"allow":["GET"]}}],"collection":[{"href":"https:\/\/diariodominicano.com\/index.php?rest_route=\/wp\/v2\/posts"}],"about":[{"href":"https:\/\/diariodominicano.com\/index.php?rest_route=\/wp\/v2\/types\/post"}],"author":[{"embeddable":true,"href":"https:\/\/diariodominicano.com\/index.php?rest_route=\/wp\/v2\/users\/5"}],"replies":[{"embeddable":true,"href":"https:\/\/diariodominicano.com\/index.php?rest_route=%2Fwp%2Fv2%2Fcomments&post=396320"}],"version-history":[{"count":1,"href":"https:\/\/diariodominicano.com\/index.php?rest_route=\/wp\/v2\/posts\/396320\/revisions"}],"predecessor-version":[{"id":396326,"href":"https:\/\/diariodominicano.com\/index.php?rest_route=\/wp\/v2\/posts\/396320\/revisions\/396326"}],"wp:featuredmedia":[{"embeddable":true,"href":"https:\/\/diariodominicano.com\/index.php?rest_route=\/wp\/v2\/media\/396322"}],"wp:attachment":[{"href":"https:\/\/diariodominicano.com\/index.php?rest_route=%2Fwp%2Fv2%2Fmedia&parent=396320"}],"wp:term":[{"taxonomy":"category","embeddable":true,"href":"https:\/\/diariodominicano.com\/index.php?rest_route=%2Fwp%2Fv2%2Fcategories&post=396320"},{"taxonomy":"post_tag","embeddable":true,"href":"https:\/\/diariodominicano.com\/index.php?rest_route=%2Fwp%2Fv2%2Ftags&post=396320"}],"curies":[{"name":"wp","href":"https:\/\/api.w.org\/{rel}","templated":true}]}}