{"id":39626,"date":"2020-02-26T21:04:05","date_gmt":"2020-02-26T21:04:05","guid":{"rendered":"http:\/\/diariodominicano.ddns.net\/?p=39626"},"modified":"2020-02-26T21:04:05","modified_gmt":"2020-02-26T21:04:05","slug":"intentos-fallidos-del-pld-y-el-gobierno-2","status":"publish","type":"post","link":"https:\/\/diariodominicano.com\/?p=39626","title":{"rendered":"&#13;Intentos fallidos del PLD y el Gobierno"},"content":{"rendered":"<p><body><\/p>\n<p><strong>VISI\u00d3N GLOBAL<\/strong><\/p>\n<p><strong> <\/strong><\/p>\n<p><strong>Por Nelson Encarnaci\u00f3n<\/strong><\/p>\n<p><strong> <\/strong><\/p>\n<p><strong> <\/strong><\/p>\n<p><strong> <\/strong><\/p>\n<p><strong>Intentos fallidos del PLD y el Gobierno<\/strong><\/p>\n<\/p>\n<p>Desde mucho antes de que se concretara el fraude en las primarias abiertas del Partido de la Liberaci\u00f3n Dominicana el pasado octubre la l\u00ednea del PLD y el Gobierno ha sido minimizar la figura de Leonel Fern\u00e1ndez sobre la base, primero, de que era \u00abminor\u00eda\u00bb en la formaci\u00f3n oficialista, y luego, de que su salida del pelede\u00edsmo no representaba nada.<\/p>\n<\/p>\n<p>En funci\u00f3n de esa \u00faltima premisa falsa han elaborado toda una estrategia tendente a ignorar al expresidente de la Rep\u00fablica cuando se habla de la oposici\u00f3n, la cual circunscriben, \u00fanica y exclusivamente, a Luis Abinader como candidato del Partido Revolucionario Moderno (PRM).<\/p>\n<\/p>\n<p>Su discurso se encamina en la direcci\u00f3n de establecer como una verdad el supuesto efecto neutro de la salida de Leonel y de que su nueva formaci\u00f3n pol\u00edtica carece de peso electoral en las actuales circunstancias, para lo cual se han agenciado a adivinos de las Ciencias Pol\u00edticas para elaborar una hip\u00f3tesis que presentan como tesis.<\/p>\n<\/p>\n<p>Sin embargo, la realidad, como en el cine, supera la ficci\u00f3n, lo cual en este caso significa que el discurso soterrado de la c\u00fapula pelede\u00edsta es una cosa, y la pr\u00e1ctica dice otra muy distinta.<\/p>\n<\/p>\n<p>En tal sentido, mientras los voceros oficiosos del PLD?llamados de un tiempo a esta parte como \u00abbocinas\u00bb?pregonan en los medios la supuesta reducci\u00f3n de Leonel, sus mandantes atizan por lo bajo el fuego de la presi\u00f3n para que el Tribunal Constitucional evac\u00fae una sentencia que excluya al ex jefe del Estado de la contienda electoral de mayo venidero, sobre la base de que se le aplica el adefesio contenido en el art\u00edculo 49.4 de la Ley de Partidos, la cual ha sido, sistem\u00e1ticamente, descuartizada por el propio TC.<\/p>\n<\/p>\n<p>\u00bfEn qu\u00e9 quedamos, Leonel es un muerto pol\u00edtico o se le debe inhabilitar? Creo que deben acabar de ponerse de acuerdo. O Juana o su hermana, pero no ambas.<\/p>\n<\/p>\n<p>Estamos en presencia de un doble est\u00e1ndar que define la nebulosa en la cual se desenvuelve el PLD tras la salida de Leonel que puede significar el clavo final en el ata\u00fad de la formaci\u00f3n morada como partido de Gobierno.<\/p>\n<\/p>\n<p>A eso apunta el escenario nacional si asumimos que desde junio de 2019 no ha habido un respiro para un partido que se acostumbr\u00f3 al dominio del escenario nacional y a ser, en cierto modo, el epicentro del debate poniendo los temas a su conveniencia o manipul\u00e1ndolos a su antojo.<\/p>\n<\/p>\n<p>El fraude en las primarias marc\u00f3 la ruta cr\u00edtica del PLD y desde entonces entr\u00f3 en la etapa irreversible de un avi\u00f3n en problemas que enfila la nariz hacia abajo, momento en el cual ning\u00fan piloto puede evitar su ca\u00edda.<\/p>\n<\/p>\n<p>Nelsonencar10@gmail.com<\/p>\n<\/p>\n<p>Zona de los archivos adjuntos<\/p>\n<h6> 2020-02-26 21:04:05 <\/h6>\n<p><!--\n<link rel=\"stylesheet\" href=\"css\/bootstrap.min.css\">\n\n\n<ul class=\"pagination\">\n\t    \n\t\n\n<li >\n\t<a href='?page_no=291'>Previous<\/a>\n\t<\/li>\n\n\n       \n    \n\n<li><a href='?page_no=1'>1<\/a><\/li>\n\n\n\n<li><a href='?page_no=2'>2<\/a><\/li>\n\n\n\n<li><a>...<\/a><\/li>\n\n\n\n<li><a href='?page_no=290'>290<\/a><\/li>\n\n\n\n<li><a href='?page_no=291'>291<\/a><\/li>\n\n\n\n<li class='active'><a>292<\/a><\/li>\n\n\n\n<li><a href='?page_no=293'>293<\/a><\/li>\n\n\n\n<li><a href='?page_no=294'>294<\/a><\/li>\n\n\n\n<li><a>...<\/a><\/li>\n\n\n\n<li><a href='?page_no=13611'>13611<\/a><\/li>\n\n\n\n<li><a href='?page_no=13612'>13612<\/a><\/li>\n\n    \n\t\n\n<li >\n\t<a href='?page_no=293'>Next<\/a>\n\t<\/li>\n\n\n    \n\n<li><a href='?page_no=13612'>Last &rsaquo;&rsaquo;<\/a><\/li>\n\n<\/ul>\n\n\n--><br \/>\n<\/body><\/p>\n","protected":false},"excerpt":{"rendered":"<p>VISI\u00d3N GLOBAL Por Nelson Encarnaci\u00f3n Intentos fallidos del PLD y el Gobierno Desde mucho antes de que se concretara el fraude en las primarias abiertas del Partido de la Liberaci\u00f3n Dominicana el pasado octubre la l\u00ednea del PLD y el Gobierno ha sido minimizar la figura de Leonel Fern\u00e1ndez sobre la base, primero, de que [&hellip;]<\/p>\n","protected":false},"author":3,"featured_media":0,"comment_status":"open","ping_status":"open","sticky":false,"template":"","format":"standard","meta":{"footnotes":""},"categories":[16],"tags":[],"class_list":["post-39626","post","type-post","status-publish","format-standard","hentry","category-opiniones"],"_links":{"self":[{"href":"https:\/\/diariodominicano.com\/index.php?rest_route=\/wp\/v2\/posts\/39626","targetHints":{"allow":["GET"]}}],"collection":[{"href":"https:\/\/diariodominicano.com\/index.php?rest_route=\/wp\/v2\/posts"}],"about":[{"href":"https:\/\/diariodominicano.com\/index.php?rest_route=\/wp\/v2\/types\/post"}],"author":[{"embeddable":true,"href":"https:\/\/diariodominicano.com\/index.php?rest_route=\/wp\/v2\/users\/3"}],"replies":[{"embeddable":true,"href":"https:\/\/diariodominicano.com\/index.php?rest_route=%2Fwp%2Fv2%2Fcomments&post=39626"}],"version-history":[{"count":0,"href":"https:\/\/diariodominicano.com\/index.php?rest_route=\/wp\/v2\/posts\/39626\/revisions"}],"wp:attachment":[{"href":"https:\/\/diariodominicano.com\/index.php?rest_route=%2Fwp%2Fv2%2Fmedia&parent=39626"}],"wp:term":[{"taxonomy":"category","embeddable":true,"href":"https:\/\/diariodominicano.com\/index.php?rest_route=%2Fwp%2Fv2%2Fcategories&post=39626"},{"taxonomy":"post_tag","embeddable":true,"href":"https:\/\/diariodominicano.com\/index.php?rest_route=%2Fwp%2Fv2%2Ftags&post=39626"}],"curies":[{"name":"wp","href":"https:\/\/api.w.org\/{rel}","templated":true}]}}