{"id":396234,"date":"2022-11-09T14:25:49","date_gmt":"2022-11-09T18:25:49","guid":{"rendered":"http:\/\/diariodominicano.com\/?p=396234"},"modified":"2022-11-09T14:46:50","modified_gmt":"2022-11-09T18:46:50","slug":"lo-pn-persigue-por-muerte-de-oficial","status":"publish","type":"post","link":"https:\/\/diariodominicano.com\/?p=396234","title":{"rendered":"La Polic\u00eda Nacional anuncia  busca a Starlin Familia (El Gordo) por muerte de oficial PN en Los Mameyes"},"content":{"rendered":"\n<p>La Polic\u00eda Nacional inform\u00f3 el mi\u00e9rcoles que persigue a Starlin Familia (El Gordo)  Por la muerte del primer teniente de la Polic\u00eda Nacional, Cirilo Portorreal Hern\u00e1ndez, en un hecho ocurrido en el sector Los Mameyes, Santo Domingo Este.<\/p>\n\n\n\n<p>En un aviso la PN  se\u00f1ala que Starlin Familia (El Gordo)  particip\u00f3 en la muerte del oficial PN para atracarlo.<\/p>\n\n\n\n<p>Al resistirse los atracadores le ocasionaron varias heridas de bala y lo despojaron de su arma de reglamento.  <\/p>\n\n\n\n<p><\/p>\n\n\n\n<p><\/p>\n","protected":false},"excerpt":{"rendered":"<p>La Polic\u00eda Nacional inform\u00f3 el mi\u00e9rcoles que persigue a Starlin Familia (El Gordo) Por la muerte del primer teniente de la Polic\u00eda Nacional, Cirilo Portorreal Hern\u00e1ndez, en un hecho ocurrido en el sector Los Mameyes, Santo Domingo Este. En un aviso la PN se\u00f1ala que Starlin Familia (El Gordo) particip\u00f3 en la muerte del oficial [&hellip;]<\/p>\n","protected":false},"author":28,"featured_media":396235,"comment_status":"closed","ping_status":"","sticky":true,"template":"","format":"standard","meta":{"footnotes":""},"categories":[29],"tags":[],"class_list":["post-396234","post","type-post","status-publish","format-standard","has-post-thumbnail","hentry","category-policiasucesos"],"_links":{"self":[{"href":"https:\/\/diariodominicano.com\/index.php?rest_route=\/wp\/v2\/posts\/396234","targetHints":{"allow":["GET"]}}],"collection":[{"href":"https:\/\/diariodominicano.com\/index.php?rest_route=\/wp\/v2\/posts"}],"about":[{"href":"https:\/\/diariodominicano.com\/index.php?rest_route=\/wp\/v2\/types\/post"}],"author":[{"embeddable":true,"href":"https:\/\/diariodominicano.com\/index.php?rest_route=\/wp\/v2\/users\/28"}],"replies":[{"embeddable":true,"href":"https:\/\/diariodominicano.com\/index.php?rest_route=%2Fwp%2Fv2%2Fcomments&post=396234"}],"version-history":[{"count":5,"href":"https:\/\/diariodominicano.com\/index.php?rest_route=\/wp\/v2\/posts\/396234\/revisions"}],"predecessor-version":[{"id":396241,"href":"https:\/\/diariodominicano.com\/index.php?rest_route=\/wp\/v2\/posts\/396234\/revisions\/396241"}],"wp:featuredmedia":[{"embeddable":true,"href":"https:\/\/diariodominicano.com\/index.php?rest_route=\/wp\/v2\/media\/396235"}],"wp:attachment":[{"href":"https:\/\/diariodominicano.com\/index.php?rest_route=%2Fwp%2Fv2%2Fmedia&parent=396234"}],"wp:term":[{"taxonomy":"category","embeddable":true,"href":"https:\/\/diariodominicano.com\/index.php?rest_route=%2Fwp%2Fv2%2Fcategories&post=396234"},{"taxonomy":"post_tag","embeddable":true,"href":"https:\/\/diariodominicano.com\/index.php?rest_route=%2Fwp%2Fv2%2Ftags&post=396234"}],"curies":[{"name":"wp","href":"https:\/\/api.w.org\/{rel}","templated":true}]}}