{"id":396229,"date":"2022-11-09T14:19:29","date_gmt":"2022-11-09T18:19:29","guid":{"rendered":"http:\/\/diariodominicano.com\/?p=396229"},"modified":"2022-11-09T14:20:31","modified_gmt":"2022-11-09T18:20:31","slug":"policia-nacional-apresa-otro-implicado-en-la-muerte-de-un-hombre-en-el-sector-rafey","status":"publish","type":"post","link":"https:\/\/diariodominicano.com\/?p=396229","title":{"rendered":"Polic\u00eda Nacional apresa otro implicado en la muerte de un hombre, en el sector Rafey"},"content":{"rendered":"\n<p><strong>Santiago, RD, 9 de Noviembre 2022.-<\/strong>Mediante una ardua labor de investigaci\u00f3n realizadas por Agentes de&nbsp;&nbsp;la divisi\u00f3n de Homicidios, apresaron a otro&nbsp;&nbsp;individuo implicado en la muerte por herida de arma de fuego de&nbsp;&nbsp;Geraldo \u00c1lvarez, alias \u201cPedro Luis\u201d, de 30 a\u00f1os de edad, en un hecho ocurrido el 25 del pasado mes de septiembre, en el sector Rafey, cuyo m\u00f3vil se debi\u00f3 a conflicto personales, inform\u00f3 el mi\u00e9rcoles la Direcci\u00f3n Regional Cibao Central, Polic\u00eda Nacional.<\/p>\n\n\n\n<p>Mediante orden judicial n\u00famero 09032-2022, fue arrestado&nbsp;&nbsp;Andrys&nbsp;&nbsp;Junior N\u00fa\u00f1ez Parra, de 18 a\u00f1os de edad, por ser uno de los participantes&nbsp;&nbsp;del homicidio de \u00c1lvarez, conjuntamente con Anderson Emmanuel Rosario Ortega \u201c(Nenengo)\u201d, quien ya fue sometido.<\/p>\n\n\n\n<p>La PN inform\u00f3 que el\u00a0\u00a0detenido en las pr\u00f3ximas horas ser\u00e1 puesto a la disposici\u00f3n de la justicia, en tanto que la Polic\u00eda hace un llamado a\u00a0\u00a0Jos\u00e9 Rafael \u00c1lvarez Chevalier, para\u00a0\u00a0que se entreguen y\u00a0\u00a0respondan ante las autoridades este hecho.<\/p>\n\n\n\n<p>policia nacional<a rel=\"noreferrer noopener\" target=\"_blank\" href=\"mailto:npolicia14@gmail.com\">npolicia14@gmail.com<\/a><\/p>\n\n\n\n<p><strong>OFICINA DE INFORMACION Y COMUNICACIONES ESTRATEGICAS, DIRECCION REGIONAL&nbsp;&nbsp;CIBAO CENTRAL,&nbsp;&nbsp;P.N<\/strong><\/p>\n","protected":false},"excerpt":{"rendered":"<p>Santiago, RD, 9 de Noviembre 2022.-Mediante una ardua labor de investigaci\u00f3n realizadas por Agentes de&nbsp;&nbsp;la divisi\u00f3n de Homicidios, apresaron a otro&nbsp;&nbsp;individuo implicado en la muerte por herida de arma de fuego de&nbsp;&nbsp;Geraldo \u00c1lvarez, alias \u201cPedro Luis\u201d, de 30 a\u00f1os de edad, en un hecho ocurrido el 25 del pasado mes de septiembre, en el sector [&hellip;]<\/p>\n","protected":false},"author":28,"featured_media":396230,"comment_status":"closed","ping_status":"","sticky":true,"template":"","format":"standard","meta":{"footnotes":""},"categories":[24,29,27],"tags":[],"class_list":["post-396229","post","type-post","status-publish","format-standard","has-post-thumbnail","hentry","category-justicia-y-derecho","category-policiasucesos","category-portada"],"_links":{"self":[{"href":"https:\/\/diariodominicano.com\/index.php?rest_route=\/wp\/v2\/posts\/396229","targetHints":{"allow":["GET"]}}],"collection":[{"href":"https:\/\/diariodominicano.com\/index.php?rest_route=\/wp\/v2\/posts"}],"about":[{"href":"https:\/\/diariodominicano.com\/index.php?rest_route=\/wp\/v2\/types\/post"}],"author":[{"embeddable":true,"href":"https:\/\/diariodominicano.com\/index.php?rest_route=\/wp\/v2\/users\/28"}],"replies":[{"embeddable":true,"href":"https:\/\/diariodominicano.com\/index.php?rest_route=%2Fwp%2Fv2%2Fcomments&post=396229"}],"version-history":[{"count":3,"href":"https:\/\/diariodominicano.com\/index.php?rest_route=\/wp\/v2\/posts\/396229\/revisions"}],"predecessor-version":[{"id":396233,"href":"https:\/\/diariodominicano.com\/index.php?rest_route=\/wp\/v2\/posts\/396229\/revisions\/396233"}],"wp:featuredmedia":[{"embeddable":true,"href":"https:\/\/diariodominicano.com\/index.php?rest_route=\/wp\/v2\/media\/396230"}],"wp:attachment":[{"href":"https:\/\/diariodominicano.com\/index.php?rest_route=%2Fwp%2Fv2%2Fmedia&parent=396229"}],"wp:term":[{"taxonomy":"category","embeddable":true,"href":"https:\/\/diariodominicano.com\/index.php?rest_route=%2Fwp%2Fv2%2Fcategories&post=396229"},{"taxonomy":"post_tag","embeddable":true,"href":"https:\/\/diariodominicano.com\/index.php?rest_route=%2Fwp%2Fv2%2Ftags&post=396229"}],"curies":[{"name":"wp","href":"https:\/\/api.w.org\/{rel}","templated":true}]}}