{"id":39615,"date":"2020-02-26T21:06:09","date_gmt":"2020-02-26T21:06:09","guid":{"rendered":"http:\/\/diariodominicano.ddns.net\/?p=39615"},"modified":"2020-02-26T21:06:09","modified_gmt":"2020-02-26T21:06:09","slug":"salidas-a-la-crisis","status":"publish","type":"post","link":"https:\/\/diariodominicano.com\/?p=39615","title":{"rendered":"Salidas a la crisis"},"content":{"rendered":"<p><body><\/p>\n<p>A Pleno Sol<\/p>\n<\/p>\n<p>Salidas a la crisis<\/p>\n<\/p>\n<p>Por Manuel Hern\u00e1ndez Villeta<\/p>\n<\/p>\n<\/p>\n<p>Una crisis pol\u00edtica y social tiene que ser encausada con el di\u00e1logo y la concertaci\u00f3n. Si los sectores enfrentados no pueden ir a una mesa para tratar los problemas, entonces vendr\u00e1 el estallido. Nadie desea la violencia, pero es una posibilidad.<\/p>\n<\/p>\n<p>La crisis electoral tiene que ser desactivada. Lo \u00fanico que se necesita es garantizar unas elecciones libres y democr\u00e1ticas. Que gane el que m\u00e1s votos tenga. Con la vigilancia de los organismos internacionales, la Junta Central Electoral tiene que garantizar unos comicios ejemplares.<\/p>\n<\/p>\n<p>La iglesia cat\u00f3lica plantea que haya una salida a la crisis que afecta el pa\u00eds. Vamos por parte, la primera pugna a enfrentar  es la electoral. Despu\u00e9s vendr\u00e1n otras jornadas de lucha. Pero los dominicanos deben tener la oportunidad de ir a los comicios.<\/p>\n<\/p>\n<p>Se propone mediadores con influencia cristiana y creo que es bienvenido todo el que pueda aportar en la crisis, pero ya pas\u00f3 la era de los solucionadores m\u00e1gicos  de entuertos. Hay organismos legales para tratar los problemas electorales y tambi\u00e9n  observadores internacionales.<\/p>\n<\/p>\n<p>Hay que esperar los resultados de la investigaci\u00f3n de irregularidades electorales que realiza la Organizaci\u00f3n de Estados Americanos. Esto no le da a la OEA credibilidad, sigue siendo una instituci\u00f3n al servicio de los Estados Unidos y muy desacreditada en Am\u00e9rica Latina.<\/p>\n<\/p>\n<p>Todos los actores medi\u00e1ticos de la crisis electoral solicitaron la vigilancia de la OEA, y ahora lo que queda es esperar que d\u00e9 a conocer resultados apegados a la objetividad y la verdad.<\/p>\n<\/p>\n<p>Hay que evitar y rechazar el tremendismo, la prepotencia y la altaner\u00eda. Los  que protestan tienen que saber que buscan y que persiguen. El populismo consigue muchas adherencias, pero a la grader\u00eda  en ocasiones no le importa el destino nacional.<\/p>\n<\/p>\n<p>Los indiferentes ahora se unen a protestas. A ellos se les debe dirigir el mensaje de que el \u00fanico camino es la celebraci\u00f3n de elecciones, comenzando con las municipales y terminando con las presidenciales. La lucha por la democracia no es un espect\u00e1culo de far\u00e1ndula ni el capricho de ni\u00f1os ricos.<\/p>\n<p>Los muchachos de la Plaza de la Bandera tienen que poner la cabeza en la realidad. Est\u00e1n en una lucha pol\u00edtica-partidista donde se reclaman elecciones libres y justas. No pueden excluir a nadie de las protestas, sobre todo a personas y grupos que se han ganado a pulso su historial de lucha.<\/p>\n<\/p>\n<p>El ambiente  est\u00e1 amenazado por  grandes y peligrosas tormentas. Hay que transitar la senda de la paz y del entendimiento. Hay que descartar del trillo de los enfrentamientos y de la discordia. El momento exige elecciones libres y democr\u00e1ticas. El dominicano quiere vivir en paz. \u00a1Ay!, se me acab\u00f3 la tinta.<\/p>\n<\/p>\n<\/p>\n<\/p>\n<\/p>\n<\/p>\n<h6> 2020-02-26 21:06:09 <\/h6>\n<p><!--\n<link rel=\"stylesheet\" href=\"css\/bootstrap.min.css\">\n\n\n<ul class=\"pagination\">\n\t    \n\t\n\n<li >\n\t<a href='?page_no=290'>Previous<\/a>\n\t<\/li>\n\n\n       \n    \n\n<li><a href='?page_no=1'>1<\/a><\/li>\n\n\n\n<li><a href='?page_no=2'>2<\/a><\/li>\n\n\n\n<li><a>...<\/a><\/li>\n\n\n\n<li><a href='?page_no=289'>289<\/a><\/li>\n\n\n\n<li><a href='?page_no=290'>290<\/a><\/li>\n\n\n\n<li class='active'><a>291<\/a><\/li>\n\n\n\n<li><a href='?page_no=292'>292<\/a><\/li>\n\n\n\n<li><a href='?page_no=293'>293<\/a><\/li>\n\n\n\n<li><a>...<\/a><\/li>\n\n\n\n<li><a href='?page_no=13611'>13611<\/a><\/li>\n\n\n\n<li><a href='?page_no=13612'>13612<\/a><\/li>\n\n    \n\t\n\n<li >\n\t<a href='?page_no=292'>Next<\/a>\n\t<\/li>\n\n\n    \n\n<li><a href='?page_no=13612'>Last &rsaquo;&rsaquo;<\/a><\/li>\n\n<\/ul>\n\n\n--><br \/>\n<\/body><\/p>\n","protected":false},"excerpt":{"rendered":"<p>A Pleno Sol Salidas a la crisis Por Manuel Hern\u00e1ndez Villeta Una crisis pol\u00edtica y social tiene que ser encausada con el di\u00e1logo y la concertaci\u00f3n. Si los sectores enfrentados no pueden ir a una mesa para tratar los problemas, entonces vendr\u00e1 el estallido. Nadie desea la violencia, pero es una posibilidad. La crisis electoral [&hellip;]<\/p>\n","protected":false},"author":3,"featured_media":0,"comment_status":"open","ping_status":"open","sticky":false,"template":"","format":"standard","meta":{"footnotes":""},"categories":[16],"tags":[],"class_list":["post-39615","post","type-post","status-publish","format-standard","hentry","category-opiniones"],"_links":{"self":[{"href":"https:\/\/diariodominicano.com\/index.php?rest_route=\/wp\/v2\/posts\/39615","targetHints":{"allow":["GET"]}}],"collection":[{"href":"https:\/\/diariodominicano.com\/index.php?rest_route=\/wp\/v2\/posts"}],"about":[{"href":"https:\/\/diariodominicano.com\/index.php?rest_route=\/wp\/v2\/types\/post"}],"author":[{"embeddable":true,"href":"https:\/\/diariodominicano.com\/index.php?rest_route=\/wp\/v2\/users\/3"}],"replies":[{"embeddable":true,"href":"https:\/\/diariodominicano.com\/index.php?rest_route=%2Fwp%2Fv2%2Fcomments&post=39615"}],"version-history":[{"count":0,"href":"https:\/\/diariodominicano.com\/index.php?rest_route=\/wp\/v2\/posts\/39615\/revisions"}],"wp:attachment":[{"href":"https:\/\/diariodominicano.com\/index.php?rest_route=%2Fwp%2Fv2%2Fmedia&parent=39615"}],"wp:term":[{"taxonomy":"category","embeddable":true,"href":"https:\/\/diariodominicano.com\/index.php?rest_route=%2Fwp%2Fv2%2Fcategories&post=39615"},{"taxonomy":"post_tag","embeddable":true,"href":"https:\/\/diariodominicano.com\/index.php?rest_route=%2Fwp%2Fv2%2Ftags&post=39615"}],"curies":[{"name":"wp","href":"https:\/\/api.w.org\/{rel}","templated":true}]}}