{"id":395958,"date":"2022-11-08T09:14:14","date_gmt":"2022-11-08T13:14:14","guid":{"rendered":"http:\/\/diariodominicano.com\/?p=395958"},"modified":"2022-11-08T09:17:16","modified_gmt":"2022-11-08T13:17:16","slug":"al-primer-gobernante-haitiano-lo-mataron-a-los-2-anos-9-meses-y-16-dias-de-gobierno","status":"publish","type":"post","link":"https:\/\/diariodominicano.com\/?p=395958","title":{"rendered":"Al primer gobernante haitiano lo mataron a los 2 a\u00f1os 9 meses y 16 d\u00edas de gobierno\u2026!!\u00a0"},"content":{"rendered":"\n<p> <strong>Jean-Jacques Dessalines<\/strong><\/p>\n\n\n\n<p><strong>Por  Lic. Angel Artiles D\u00edaz<\/strong><\/p>\n\n\n\n<p><strong>Jean-Jacques Dessalines<\/strong>, naci\u00f3\u00a0el <a rel=\"noreferrer noopener\" href=\"https:\/\/es.wikipedia.org\/wiki\/20_de_septiembre\" target=\"_blank\">20 de septiembre <\/a>\u00a0de\u00a0<a rel=\"noreferrer noopener\" href=\"https:\/\/es.wikipedia.org\/wiki\/1758\" target=\"_blank\">1758<\/a>\u00a0y muri\u00f3 el\u00a0<a rel=\"noreferrer noopener\" href=\"https:\/\/es.wikipedia.org\/wiki\/17_de_octubre\" target=\"_blank\">17 de octubre.<\/a>\u00a0de\u00a0<a rel=\"noreferrer noopener\" href=\"https:\/\/es.wikipedia.org\/wiki\/1806\" target=\"_blank\">1806<\/a>.\u00a0\u00a0<\/p>\n\n\n\n<p>En octubre de 1802 se desempe\u00f1aba como comandante al frente de las tropas del Sur de la colonia francesa de&nbsp;<a href=\"https:\/\/es.wikipedia.org\/wiki\/Saint_Domingue\" target=\"_blank\" rel=\"noreferrer noopener\">Saint Domingue<\/a>. Designado en ese cargo por las tropas francesas&nbsp;lideradas por V\u00edctor Emmanuel Leclerc que hab\u00edan ido a apresar a Toussaint Louverture.&nbsp;&nbsp;<\/p>\n\n\n\n<figure class=\"wp-block-image size-full\"><img loading=\"lazy\" decoding=\"async\" width=\"640\" height=\"529\" src=\"https:\/\/diariodominicano.com\/wp-content\/uploads\/2022\/11\/mapa-de-haiti-division-politica-socialhizo.jpg\" alt=\"\" class=\"wp-image-395959\" srcset=\"https:\/\/diariodominicano.com\/wp-content\/uploads\/2022\/11\/mapa-de-haiti-division-politica-socialhizo.jpg 640w, https:\/\/diariodominicano.com\/wp-content\/uploads\/2022\/11\/mapa-de-haiti-division-politica-socialhizo-300x248.jpg 300w\" sizes=\"auto, (max-width: 640px) 100vw, 640px\" \/><figcaption>La Rep\u00fablica Hait\u00ed<\/figcaption><\/figure>\n\n\n\n<p>Luego del apresamiento deToussaint,&nbsp;<strong>Dessalines<\/strong>&nbsp;recibi\u00f3 noticias&nbsp;&nbsp;de que a pesar de las consecuencias libertarias de la Revoluci\u00f3n Francesa, en algunas colonias de Am\u00e9rica estaban restableciendo&nbsp;&nbsp;la esclavitud, por lo que decidi\u00f3 organizar un amotinamiento contra las fuerzas francesas, resultando vencedor en la batalla de Verti\u00e8res en 1803.&nbsp;&nbsp;&nbsp;Se consagr\u00f3 como el l\u00edder de la&nbsp;<a href=\"https:\/\/es.wikipedia.org\/wiki\/Revoluci%C3%B3n_haitiana\" target=\"_blank\" rel=\"noreferrer noopener\">Revoluci\u00f3n haitiana<\/a>&nbsp;y proclam\u00f3 la independencia de Hait\u00ed el&nbsp;<a href=\"https:\/\/es.wikipedia.org\/wiki\/1_de_enero\" target=\"_blank\" rel=\"noreferrer noopener\">1 de enero<\/a>&nbsp;de&nbsp;<a href=\"https:\/\/es.wikipedia.org\/wiki\/1804\" target=\"_blank\" rel=\"noreferrer noopener\">1804<\/a>&nbsp;y se convirti\u00f3 en el primer gobernante de la naciente Rep\u00fablica, que fue la segunda naci\u00f3n en lograr su independencia en Am\u00e9rica, la primera fue Estados Unidos.&nbsp;&nbsp;<\/p>\n\n\n\n<p>Del&nbsp;&nbsp;1&nbsp;&nbsp;de&nbsp;&nbsp;enero de 1804 hasta el 22 de septiembre de 1804, dirigi\u00f3 el nuevo Estado Haitiano como Gobernador General, pero a los 8 meses y 21 d\u00edas, el antiguo esclavo se proclam\u00f3 emperador con el nombre de&nbsp;<strong>Jacques&nbsp;I<\/strong>.&nbsp;<\/p>\n\n\n\n<p>Una de sus medidas m\u00e1s crueles como gobernante fue ordenar el&nbsp;<a href=\"https:\/\/es.wikipedia.org\/wiki\/Masacre_de_Hait%C3%AD_de_1804\" target=\"_blank\" rel=\"noreferrer noopener\">exterminio de la minor\u00eda blanca<\/a>&nbsp;que a\u00fan permanec\u00eda en el pa\u00eds, lo que ocasion\u00f3 la muerte de entre 3000 y 5000 personas durante el periodo entre febrero y abril de 1804. \u200b&nbsp;<\/p>\n\n\n\n<p>Fue coronado Emperador el 8 de octubre de 1804 en la ciudad de&nbsp;<a href=\"https:\/\/es.wikipedia.org\/wiki\/Le_Cap\" target=\"_blank\" rel=\"noreferrer noopener\">Le Cap<\/a>.&nbsp;<\/p>\n\n\n\n<p><strong>Entre 1801 y 1805, el ej\u00e9rcito haitiano hizo sangrientas incursiones a la parte oriental de la isla, con enardecidas tropas comandadas por el general Jean Jacques Dessalines.\u00a0<\/strong><\/p>\n\n\n\n<p>En muchas de estas poblaciones de la que es hoy la Rep\u00fablica Dominicana, las tropas haitianas\u00a0\u00a0enga\u00f1aban, invit\u00e1ndoles a acudir a las iglesias, para garantizar sus vidas. Pero cuando ya estaban dentro de los templos, los decapitaban incluidos los\u00a0\u00a0sacerdotes, destac\u00e1ndose el caso de\u00a0<a rel=\"noreferrer noopener\" href=\"https:\/\/es.wikipedia.org\/w\/index.php?title=Fray_Pedro_Geraldino&amp;action=edit&amp;redlink=1\" target=\"_blank\">fray Pedro Geraldino<\/a>, quien fue ensartado por las bayonetas haitianas cuando intent\u00f3 oponerse a la matanza. El cura Jos\u00e9 V\u00e1squez que fue quemado vivo en presencia de Dessalines, por haber dicho que lo que hac\u00eda el ej\u00e9rcito haitiano era un acto sat\u00e1nico.\u00a0\u00a0<\/p>\n\n\n\n<p>En su gobierno intent\u00f3 restablecer la econom\u00eda de las plantaciones mediante un sistema de trabajo forzado, es decir restablecer la esclavitud, lo que provoc\u00f3 que sus colaboradores militares,\u00a0<a rel=\"noreferrer noopener\" href=\"https:\/\/es.wikipedia.org\/wiki\/Alexandre_P%C3%A9tion\" target=\"_blank\">Alexandre P\u00e9tion<\/a>\u00a0y\u00a0<a rel=\"noreferrer noopener\" href=\"https:\/\/es.wikipedia.org\/wiki\/Henri_Christophe\" target=\"_blank\">Henri Christophe<\/a>\u00a0lo asesinaran el 17 de octubre de\u00a0<a rel=\"noreferrer noopener\" href=\"https:\/\/es.wikipedia.org\/wiki\/1806\" target=\"_blank\">1806<\/a>.\u00a0\u00a0<\/p>\n\n\n\n<p><a rel=\"noreferrer noopener\" href=\"https:\/\/es.wikipedia.org\/wiki\/Alexandre_P%C3%A9tion\" target=\"_blank\">Alexandre P\u00e9tion<\/a>\u00a0y\u00a0<a rel=\"noreferrer noopener\" href=\"https:\/\/es.wikipedia.org\/wiki\/Henri_Christophe\" target=\"_blank\">Henri Christophe<\/a>, tras haber matado a Dessalines, se repartieron el territorio y el poder de la nueva naci\u00f3n y dividieron a Hait\u00ed en dos.\u00a0<\/p>\n\n\n\n<p>Angel Artiles D\u00edaz<\/p>\n\n\n\n<p><a rel=\"noreferrer noopener\" target=\"_blank\" href=\"mailto:angelartiles@hotmail.es\">angelartiles@hotmail.es<\/a><\/p>\n","protected":false},"excerpt":{"rendered":"<p>Jean-Jacques Dessalines Por Lic. Angel Artiles D\u00edaz Jean-Jacques Dessalines, naci\u00f3\u00a0el 20 de septiembre \u00a0de\u00a01758\u00a0y muri\u00f3 el\u00a017 de octubre.\u00a0de\u00a01806.\u00a0\u00a0 En octubre de 1802 se desempe\u00f1aba como comandante al frente de las tropas del Sur de la colonia francesa de&nbsp;Saint Domingue. Designado en ese cargo por las tropas francesas&nbsp;lideradas por V\u00edctor Emmanuel Leclerc que hab\u00edan ido a [&hellip;]<\/p>\n","protected":false},"author":28,"featured_media":395962,"comment_status":"closed","ping_status":"","sticky":true,"template":"","format":"standard","meta":{"footnotes":""},"categories":[36,26,19,27],"tags":[],"class_list":["post-395958","post","type-post","status-publish","format-standard","has-post-thumbnail","hentry","category-hombresmujeresycosas","category-efemerides","category-mi-voz","category-portada"],"_links":{"self":[{"href":"https:\/\/diariodominicano.com\/index.php?rest_route=\/wp\/v2\/posts\/395958","targetHints":{"allow":["GET"]}}],"collection":[{"href":"https:\/\/diariodominicano.com\/index.php?rest_route=\/wp\/v2\/posts"}],"about":[{"href":"https:\/\/diariodominicano.com\/index.php?rest_route=\/wp\/v2\/types\/post"}],"author":[{"embeddable":true,"href":"https:\/\/diariodominicano.com\/index.php?rest_route=\/wp\/v2\/users\/28"}],"replies":[{"embeddable":true,"href":"https:\/\/diariodominicano.com\/index.php?rest_route=%2Fwp%2Fv2%2Fcomments&post=395958"}],"version-history":[{"count":4,"href":"https:\/\/diariodominicano.com\/index.php?rest_route=\/wp\/v2\/posts\/395958\/revisions"}],"predecessor-version":[{"id":395965,"href":"https:\/\/diariodominicano.com\/index.php?rest_route=\/wp\/v2\/posts\/395958\/revisions\/395965"}],"wp:featuredmedia":[{"embeddable":true,"href":"https:\/\/diariodominicano.com\/index.php?rest_route=\/wp\/v2\/media\/395962"}],"wp:attachment":[{"href":"https:\/\/diariodominicano.com\/index.php?rest_route=%2Fwp%2Fv2%2Fmedia&parent=395958"}],"wp:term":[{"taxonomy":"category","embeddable":true,"href":"https:\/\/diariodominicano.com\/index.php?rest_route=%2Fwp%2Fv2%2Fcategories&post=395958"},{"taxonomy":"post_tag","embeddable":true,"href":"https:\/\/diariodominicano.com\/index.php?rest_route=%2Fwp%2Fv2%2Ftags&post=395958"}],"curies":[{"name":"wp","href":"https:\/\/api.w.org\/{rel}","templated":true}]}}