{"id":395922,"date":"2022-11-08T00:17:39","date_gmt":"2022-11-08T04:17:39","guid":{"rendered":"http:\/\/diariodominicano.com\/?p=395922"},"modified":"2022-11-08T00:34:50","modified_gmt":"2022-11-08T04:34:50","slug":"el-dia-que-fallecio-el-historiador-y-abogado-manuel-ubaldo-gomez","status":"publish","type":"post","link":"https:\/\/diariodominicano.com\/?p=395922","title":{"rendered":"El d\u00eda que falleci\u00f3 el historiador y abogado Manuel Ubaldo G\u00f3mez"},"content":{"rendered":"\n<p>Por H\u00e9ctor Tineo Nolasco<\/p>\n\n\n\n<p>Diariodominicano.com<\/p>\n\n\n\n<p>LA VEGA, el 8 de octubre de 1941, falleci\u00f3 en la ciudad La Vega, el historiador y abogado Manuel Ubaldo G\u00f3mez. Naci\u00f3 en La Vega el d\u00eda 8 de septiembre de 1857.<\/p>\n\n\n\n<p>Se destac\u00f3&nbsp; como maestro, abogado, historiador, periodista, doctrinario y orador.&nbsp; Curs\u00f3 sus estudios hasta el nivel secundario en la ciudad de La Vega, donde se gradu\u00f3 de bachiller en Ciencias y Letras.<\/p>\n\n\n\n<p>&nbsp;&nbsp;&nbsp; En el a\u00f1o 1888 fue investido por la Suprema Corte de Justicia, como licenciado en derecho. En esa etapa el m\u00e1ximo tribunal del pa\u00eds era el encargado de conceder el grado de abogado.<\/p>\n\n\n\n<p>&nbsp;&nbsp;&nbsp;&nbsp; En ese mismo a\u00f1o, el Presidente Ulises Heuraux&nbsp; lo nombr\u00f3 miembro de la Junta Provincial de Estudios de La Vega. Y en el a\u00f1o 1903, en su condici\u00f3n de Presidente del Congreso Nacional jurament\u00f3 al Presidente Alejandro Woss y G\u00edl.<\/p>\n\n\n\n<p><strong>&nbsp;&nbsp;&nbsp;&nbsp;&nbsp; Advirti\u00f3 al nuevo jefe del Estado:<\/strong><\/p>\n\n\n\n<p>&nbsp;&nbsp;&nbsp;&nbsp; \u00abDeb\u00e9is manteneros a distancia de todo extremo que pueda falsear la rectitud de vuestra elevada funci\u00f3n p\u00fablica, sin incidir en energ\u00edas peligrosas para la libertad, pero sin caer tampoco en debilidad que comprometa el \u00e9xito de vuestra gesti\u00f3n&nbsp; gubernativa. La ley debe ser la norma de todos vuestros actos, y dentro de ella encontrar\u00e9is los medios eficientes de contener los impacientes reclamos de la demagogia, tan funesta para los Estados como la tiran\u00eda\u00bb.<\/p>\n\n\n\n<p>&nbsp;&nbsp;&nbsp; En&nbsp; el a\u00f1o 1910, Manuel Ubaldo G\u00f3mez fue nombrado por el Presidente Ram\u00f3n C\u00e1ceres, presidente de la Corte de Apelaci\u00f3n de Santiago.<\/p>\n\n\n\n<p>&nbsp;&nbsp;&nbsp;&nbsp; En el a\u00f1o 1936 fue declarado por el Ayuntamiento de La&nbsp; Vega, \u00abHijo Preclaro\u00bb, como reconocimiento a los servicios que hizo a la comunidad.<\/p>\n\n\n\n<p>&nbsp;&nbsp;&nbsp;&nbsp; Manuel Ubaldo G\u00f3mez se destac\u00f3 como un hombre muy estricto en sus obligaciones; nunca se sustrajo al cumplimiento del deber por embarazoso que fuera.<\/p>\n\n\n\n<p>&nbsp;&nbsp; En un perfil sobre su personalidad el doctor Jorge Tena Reyes afirma que Manuel Ubaldo G\u00f3mez fue una autoridad moral de gran prestigio.<\/p>\n\n\n\n<p>&nbsp;&nbsp;&nbsp; Resalta que su pensamiento lo rigi\u00f3 siempre un elevado principio \u00e9tico. \u00abNo es un escritor florido, ni castizo en el sentido acad\u00e9mico del t\u00e9rmino. Su prosa es cruda, llana, sin subterfugios&nbsp; ni ambig\u00fcedades, como corresponde a un hombre de alma sencilla y honrada.<\/p>\n\n\n\n<p>&nbsp;&nbsp;&nbsp; Manuel Ubaldo G\u00f3mez escribi\u00f3&nbsp; en tres tomos \u00abResumen de la Historia de Santo Domingo\u00bb, lo que constituye su principal aporte a la cultura dominicana.<\/p>\n\n\n\n<p>&nbsp;&nbsp;&nbsp;&nbsp; <strong>El doctor Joaqu\u00edn Balaguer al analizar esa obra sostiene: \u00abEs un compendio escrito en excelente prosa did\u00e1ctica, con la claridad y sencillez recomendables en obras destinadas a la ense\u00f1anza\u00bb.<\/strong><\/p>\n\n\n\n<p>&nbsp;&nbsp;&nbsp; En el a\u00f1o 1920, Manuel Ubaldo G\u00f3mez public\u00f3 un folleto con el t\u00edtulo \u00abRecuerdos\u00bb, en el que narra, en prosa sencilla, pero clara y correcta, una serie de hechos anecd\u00f3ticos de gran utilidad para el conocimiento de la vida dominicana.<\/p>\n\n\n\n<p>&nbsp;&nbsp;&nbsp; Fue un colaborador de los peri\u00f3dicos de la \u00e9poca, entre los que figuran El Ideal, \u00f3rgano de la Sociedad Amor al Estudio, El Adalid y El Progreso, en el cual se distingui\u00f3 como un cr\u00edtico de los males sociales que sufr\u00eda la Rep\u00fablica Dominicana.<\/p>\n\n\n\n<p>&nbsp;&nbsp; Durante los a\u00f1os 1915-1916, escribi\u00f3 una serie de art\u00edculos titulados la&nbsp; \u00abEpidemia del Rev\u00f3lver\u00bb.<\/p>\n\n\n\n<p>&nbsp;&nbsp; Manuel Ubaldo G\u00f3mez falleci\u00f3 en La Vega, el 8 de octubre de 1941.<\/p>\n","protected":false},"excerpt":{"rendered":"<p>Por H\u00e9ctor Tineo Nolasco Diariodominicano.com LA VEGA, el 8 de octubre de 1941, falleci\u00f3 en la ciudad La Vega, el historiador y abogado Manuel Ubaldo G\u00f3mez. Naci\u00f3 en La Vega el d\u00eda 8 de septiembre de 1857. Se destac\u00f3&nbsp; como maestro, abogado, historiador, periodista, doctrinario y orador.&nbsp; Curs\u00f3 sus estudios hasta el nivel secundario en [&hellip;]<\/p>\n","protected":false},"author":28,"featured_media":395929,"comment_status":"closed","ping_status":"","sticky":true,"template":"","format":"standard","meta":{"footnotes":""},"categories":[36,26,27],"tags":[],"class_list":["post-395922","post","type-post","status-publish","format-standard","has-post-thumbnail","hentry","category-hombresmujeresycosas","category-efemerides","category-portada"],"_links":{"self":[{"href":"https:\/\/diariodominicano.com\/index.php?rest_route=\/wp\/v2\/posts\/395922","targetHints":{"allow":["GET"]}}],"collection":[{"href":"https:\/\/diariodominicano.com\/index.php?rest_route=\/wp\/v2\/posts"}],"about":[{"href":"https:\/\/diariodominicano.com\/index.php?rest_route=\/wp\/v2\/types\/post"}],"author":[{"embeddable":true,"href":"https:\/\/diariodominicano.com\/index.php?rest_route=\/wp\/v2\/users\/28"}],"replies":[{"embeddable":true,"href":"https:\/\/diariodominicano.com\/index.php?rest_route=%2Fwp%2Fv2%2Fcomments&post=395922"}],"version-history":[{"count":2,"href":"https:\/\/diariodominicano.com\/index.php?rest_route=\/wp\/v2\/posts\/395922\/revisions"}],"predecessor-version":[{"id":395924,"href":"https:\/\/diariodominicano.com\/index.php?rest_route=\/wp\/v2\/posts\/395922\/revisions\/395924"}],"wp:featuredmedia":[{"embeddable":true,"href":"https:\/\/diariodominicano.com\/index.php?rest_route=\/wp\/v2\/media\/395929"}],"wp:attachment":[{"href":"https:\/\/diariodominicano.com\/index.php?rest_route=%2Fwp%2Fv2%2Fmedia&parent=395922"}],"wp:term":[{"taxonomy":"category","embeddable":true,"href":"https:\/\/diariodominicano.com\/index.php?rest_route=%2Fwp%2Fv2%2Fcategories&post=395922"},{"taxonomy":"post_tag","embeddable":true,"href":"https:\/\/diariodominicano.com\/index.php?rest_route=%2Fwp%2Fv2%2Ftags&post=395922"}],"curies":[{"name":"wp","href":"https:\/\/api.w.org\/{rel}","templated":true}]}}