{"id":39592,"date":"2020-03-02T07:14:09","date_gmt":"2020-03-02T07:14:09","guid":{"rendered":"http:\/\/diariodominicano.ddns.net\/?p=39592"},"modified":"2020-03-02T07:14:09","modified_gmt":"2020-03-02T07:14:09","slug":"crisis-electoral-deuda-y-coronavirus-un-horno","status":"publish","type":"post","link":"https:\/\/diariodominicano.com\/?p=39592","title":{"rendered":"Crisis electoral, deuda y Coronavirus \u00bfun horno?"},"content":{"rendered":"<p><body><\/p>\n<p><strong>Crisis electoral, deuda y Coronavirus \u00bfun horno?<\/strong><\/p>\n<p><strong>Franklin Almeyda Rancier  | 2 marzo, 2020<\/strong><\/p>\n<p>El contexto general del pa\u00eds est\u00e1 para preocuparse. Una crisis electoral originada desde el Palacio de gobierno, por creerse que \u00abdesde el poder todo se puede\u00bb. El Presidente ha utilizado, fallidamente, todos los poderes institucionales y del presupuesto nacional para reelegirse, pretendiendo perpetuarse en el gobierno.<\/p>\n<\/p>\n<p>Busc\u00f3 decisiones en las altas cortes y fracas\u00f3 estrepitosamente. Provoc\u00f3 una crisis partidaria en las elecciones primarias del partido oficial, al realizar un fraude que todo el mundo vivi\u00f3 o presenci\u00f3, a pesar de que una buena parte de los medios de comunicaci\u00f3n tienen cierta mordaza o autocensura.<\/p>\n<\/p>\n<p>Se quiso justificar aquella estafa en las primarias como un \u00abpataleo\u00bb de Leonel Fern\u00e1ndez. Pero el Palacio y la c\u00fapula del partido oficial se llevaron una sorpresa, creyeron que Leonel terminar\u00eda entre las ruedas mellizas de la aplastante patana, tirada sobre el entonces presidente del partido gobernante.<\/p>\n<p>Fueron sorprendidos cuando Leonel, acompa\u00f1ado de muchos dirigentes y miembros de ese partido, di\u00f3 un salto sobre los muros de aquella encerrona y cay\u00f3 de pie para enfrentar con gallard\u00eda y mucho valor las pretensiones de aplastar la democracia.<\/p>\n<\/p>\n<p>Se concentr\u00f3 en seguir demostrando el fraude en las primarias, al tiempo que propici\u00f3 acercamiento entre todos los partidos opositores. El mejor ejemplo fue participar juntos en las elecciones municipales del 16 de febrero. Como l\u00edder coloc\u00f3 su fuerza pol\u00edtica en todas las canastas, incluso dejando seguidores dentro del partido oficial, del cual renunci\u00f3.<\/p>\n<\/p>\n<p>De nuevo para febrero la c\u00fapula partidaria gobernante pretendi\u00f3 falsear esas elecciones municipales, sin percatarse de que la oposici\u00f3n se unific\u00f3 y que IFES y la OEA acompa\u00f1an como garantes. Esta vez el sistema electr\u00f3nico de votaci\u00f3n no pudo ser alterado, sino que al intervenirlo fue desconfigurado, poniendo en desorden las boletas electr\u00f3nicas.<\/p>\n<\/p>\n<p>Como ocurre en la historia cuando surgen l\u00edderes trascendentes, el pueblo dominicano se coloc\u00f3 con y detr\u00e1s de Leonel; la gran diversidad de organizaciones pol\u00edticas y sociales de oposici\u00f3n, repiten el grito de guerra \u00abe?pa fuera que van\u00bb y \u00abSe van..se van\u00bb.<\/p>\n<p>\u00abLeonel ten\u00eda raz\u00f3n\u00bb se repite en todos los lugares. Los j\u00f3venes abren su propio espacio; los milenials (nacidos desde 1985) y los centennials (desde 1998) reclaman democracia, transparencia y libertad.<\/p>\n<\/p>\n<p>A esta crisis electoral se le va sumando una contracci\u00f3n econ\u00f3mica, por los temores a un ambiente de ingobernabilidad y al incremento de la deuda llevada a 52% del PIB. Se aprueba para el a\u00f1o 2020 un presupuesto de 997 mil millones de pesos (casi un bill\u00f3n en lengua espa\u00f1ola) para pagar gastos e intereses y utilizar sin l\u00edmites e irresponsabilidad; ah\u00ed se calcul\u00f3 subir la tasa del d\u00f3lar en 53.5, encareciendo la canasta familiar y bajando simuladamente los salarios.<\/p>\n<\/p>\n<p>Y como si fuera poco la econom\u00eda que asoma cr\u00edtica y una crisis pol\u00edtica electoral, ahora anuncia la OMS que se eleva de \u00abalto\u00bb a \u00abmuy alto\u00bb el riesgo de expansi\u00f3n global del coronavirus, lo cual deriva en serias amenazas, no s\u00f3lo para la salud, sino para actividades econ\u00f3micas que como el turismo y otros renglones en el mercado mundial se afectar\u00e1n.<\/p>\n<\/p>\n<p>El pa\u00eds est\u00e1 situ\u00e1ndose en un contexto cr\u00edtico; \u00abel horno no est\u00e1 para galletitas\u00bb. Las crisis son oportunidades para los pueblos, y el nuestro tiene en mayo esa oportunidad de entregarle la antorcha gobernante a un hombre experimentado.<\/p>\n<p>El autor es dirigente de Fuerza del Pueblo  (FP)<\/p>\n<p>El Caribe<\/p>\n<h6> 2020-03-02 07:14:09 <\/h6>\n<p><!--\n<link rel=\"stylesheet\" href=\"css\/bootstrap.min.css\">\n\n\n<ul class=\"pagination\">\n\t    \n\t\n\n<li >\n\t<a href='?page_no=288'>Previous<\/a>\n\t<\/li>\n\n\n       \n    \n\n<li><a href='?page_no=1'>1<\/a><\/li>\n\n\n\n<li><a href='?page_no=2'>2<\/a><\/li>\n\n\n\n<li><a>...<\/a><\/li>\n\n\n\n<li><a href='?page_no=287'>287<\/a><\/li>\n\n\n\n<li><a href='?page_no=288'>288<\/a><\/li>\n\n\n\n<li class='active'><a>289<\/a><\/li>\n\n\n\n<li><a href='?page_no=290'>290<\/a><\/li>\n\n\n\n<li><a href='?page_no=291'>291<\/a><\/li>\n\n\n\n<li><a>...<\/a><\/li>\n\n\n\n<li><a href='?page_no=13611'>13611<\/a><\/li>\n\n\n\n<li><a href='?page_no=13612'>13612<\/a><\/li>\n\n    \n\t\n\n<li >\n\t<a href='?page_no=290'>Next<\/a>\n\t<\/li>\n\n\n    \n\n<li><a href='?page_no=13612'>Last &rsaquo;&rsaquo;<\/a><\/li>\n\n<\/ul>\n\n\n--><br \/>\n<\/body><\/p>\n","protected":false},"excerpt":{"rendered":"<p>Crisis electoral, deuda y Coronavirus \u00bfun horno? Franklin Almeyda Rancier | 2 marzo, 2020 El contexto general del pa\u00eds est\u00e1 para preocuparse. Una crisis electoral originada desde el Palacio de gobierno, por creerse que \u00abdesde el poder todo se puede\u00bb. El Presidente ha utilizado, fallidamente, todos los poderes institucionales y del presupuesto nacional para reelegirse, [&hellip;]<\/p>\n","protected":false},"author":3,"featured_media":0,"comment_status":"open","ping_status":"open","sticky":false,"template":"","format":"standard","meta":{"footnotes":""},"categories":[16],"tags":[],"class_list":["post-39592","post","type-post","status-publish","format-standard","hentry","category-opiniones"],"_links":{"self":[{"href":"https:\/\/diariodominicano.com\/index.php?rest_route=\/wp\/v2\/posts\/39592","targetHints":{"allow":["GET"]}}],"collection":[{"href":"https:\/\/diariodominicano.com\/index.php?rest_route=\/wp\/v2\/posts"}],"about":[{"href":"https:\/\/diariodominicano.com\/index.php?rest_route=\/wp\/v2\/types\/post"}],"author":[{"embeddable":true,"href":"https:\/\/diariodominicano.com\/index.php?rest_route=\/wp\/v2\/users\/3"}],"replies":[{"embeddable":true,"href":"https:\/\/diariodominicano.com\/index.php?rest_route=%2Fwp%2Fv2%2Fcomments&post=39592"}],"version-history":[{"count":0,"href":"https:\/\/diariodominicano.com\/index.php?rest_route=\/wp\/v2\/posts\/39592\/revisions"}],"wp:attachment":[{"href":"https:\/\/diariodominicano.com\/index.php?rest_route=%2Fwp%2Fv2%2Fmedia&parent=39592"}],"wp:term":[{"taxonomy":"category","embeddable":true,"href":"https:\/\/diariodominicano.com\/index.php?rest_route=%2Fwp%2Fv2%2Fcategories&post=39592"},{"taxonomy":"post_tag","embeddable":true,"href":"https:\/\/diariodominicano.com\/index.php?rest_route=%2Fwp%2Fv2%2Ftags&post=39592"}],"curies":[{"name":"wp","href":"https:\/\/api.w.org\/{rel}","templated":true}]}}