{"id":395916,"date":"2022-11-08T00:02:05","date_gmt":"2022-11-08T04:02:05","guid":{"rendered":"http:\/\/diariodominicano.com\/?p=395916"},"modified":"2022-11-08T00:02:05","modified_gmt":"2022-11-08T04:02:05","slug":"pn-y-mp-decomisan-armas-de-fuego-de-distintos-calibres-durante-allanamientos-y-operativos-realizados-en-diferentes-sectores-de-santiago","status":"publish","type":"post","link":"https:\/\/diariodominicano.com\/?p=395916","title":{"rendered":"PN y MP decomisan armas de fuego de distintos calibres, durante allanamientos y operativos realizados en diferentes sectores de Santiago"},"content":{"rendered":"\n<p>Resultaron detenidas cinco personas, ocupan seis armas de fuego cinco pistolas y un rev\u00f3lver<\/p>\n\n\n\n<p><br>Santiago, RD, 7 de Noviembre 2022.- Polic\u00eda Nacional conjuntamente con el Ministerio P\u00fablico, decomisaron varias armas de fuego ilegales de distintos calibres, retuvo dos veh\u00edculos, durante allanamiento realizado en una residencia en el sector Villa Mar\u00eda de esta ciudad de Santiago, donde adem\u00e1s apresaron dos personas.<\/p>\n\n\n\n<p>La PN report\u00f3 que en las  intervenciones efectuadas por los agentes de la Subdirecci\u00f3n Central de Inteligencia Delictiva (DINTEL) y el ministerio p\u00fablico, resultaron detenidos el nombrado Julio Cesar Madera Lora y Mat\u00edas Joel Morel D\u00edaz, ambos mayores de edad.<\/p>\n\n\n\n<p>El allanamiento mediante orden judicial &nbsp;No. 9482-2022, fue realizado a las residencias de los individuos, ocupando el rev\u00f3lver marca Tauro Magnum 357, numeraci\u00f3n ilegible, &nbsp;una &nbsp;pistola marca Ruger, modelo LPC, calibre 3.80, con tres cargadores, la pistola marca Lorcin, modelo LT-25, calibre 25, con un cargador y la pistola marca Kel-tec, calibre 9mm, todas sin ning\u00fan tipo de documentos.<\/p>\n\n\n\n<p>Adem\u00e1s incautaron dos cargadores calibre 22, cuatro c\u00e1psulas calibre 25, 08 calibre 9mm, tres calibre 38 y un calibre 357.<\/p>\n\n\n\n<p>En otro hecho fueron detenidos, Luis Darial Col\u00f3n, de 24 a\u00f1os de edad y Andry Junior N\u00fa\u00f1ez Parra, momento que transitaban por el sector San Pablo, del municipio Villa Gonz\u00e1lez, a bordo del carro marca Kia, modelo K5, placa No. 654529, a quienes al momento de ser detenidos y requisados se les ocup\u00f3, al segundo de estos, la pistola Arcus, calibre 9mm, serial 24fG500545, con su cargador y cinco c\u00e1psulas para la misma.<\/p>\n\n\n\n<p>Tambi\u00e9n fue apresado luego de despojar a un nacional haitiano de sus pertenencias el nombrado Alex Rodr\u00edguez, quien al ser requisado se le ocup\u00f3 una pistola de juguete, &nbsp;color negro.<\/p>\n\n\n\n<p>En cuanto a lo ocupado y los detenidos se encuentran en poder del Ministerio P\u00fablico para los fines correspondientes de ley.<\/p>\n\n\n\n<p>OFICINA DE INFORMACION Y COMUNICACIONES ESTRATEGICAS, DIRECCION REGIONAL CIBAO CENTRAL, P.N<\/p>\n","protected":false},"excerpt":{"rendered":"<p>Resultaron detenidas cinco personas, ocupan seis armas de fuego cinco pistolas y un rev\u00f3lver Santiago, RD, 7 de Noviembre 2022.- Polic\u00eda Nacional conjuntamente con el Ministerio P\u00fablico, decomisaron varias armas de fuego ilegales de distintos calibres, retuvo dos veh\u00edculos, durante allanamiento realizado en una residencia en el sector Villa Mar\u00eda de esta ciudad de Santiago, [&hellip;]<\/p>\n","protected":false},"author":28,"featured_media":395917,"comment_status":"closed","ping_status":"","sticky":false,"template":"","format":"standard","meta":{"footnotes":""},"categories":[29],"tags":[],"class_list":["post-395916","post","type-post","status-publish","format-standard","has-post-thumbnail","hentry","category-policiasucesos"],"_links":{"self":[{"href":"https:\/\/diariodominicano.com\/index.php?rest_route=\/wp\/v2\/posts\/395916","targetHints":{"allow":["GET"]}}],"collection":[{"href":"https:\/\/diariodominicano.com\/index.php?rest_route=\/wp\/v2\/posts"}],"about":[{"href":"https:\/\/diariodominicano.com\/index.php?rest_route=\/wp\/v2\/types\/post"}],"author":[{"embeddable":true,"href":"https:\/\/diariodominicano.com\/index.php?rest_route=\/wp\/v2\/users\/28"}],"replies":[{"embeddable":true,"href":"https:\/\/diariodominicano.com\/index.php?rest_route=%2Fwp%2Fv2%2Fcomments&post=395916"}],"version-history":[{"count":1,"href":"https:\/\/diariodominicano.com\/index.php?rest_route=\/wp\/v2\/posts\/395916\/revisions"}],"predecessor-version":[{"id":395918,"href":"https:\/\/diariodominicano.com\/index.php?rest_route=\/wp\/v2\/posts\/395916\/revisions\/395918"}],"wp:featuredmedia":[{"embeddable":true,"href":"https:\/\/diariodominicano.com\/index.php?rest_route=\/wp\/v2\/media\/395917"}],"wp:attachment":[{"href":"https:\/\/diariodominicano.com\/index.php?rest_route=%2Fwp%2Fv2%2Fmedia&parent=395916"}],"wp:term":[{"taxonomy":"category","embeddable":true,"href":"https:\/\/diariodominicano.com\/index.php?rest_route=%2Fwp%2Fv2%2Fcategories&post=395916"},{"taxonomy":"post_tag","embeddable":true,"href":"https:\/\/diariodominicano.com\/index.php?rest_route=%2Fwp%2Fv2%2Ftags&post=395916"}],"curies":[{"name":"wp","href":"https:\/\/api.w.org\/{rel}","templated":true}]}}