{"id":395913,"date":"2022-11-07T23:57:18","date_gmt":"2022-11-08T03:57:18","guid":{"rendered":"http:\/\/diariodominicano.com\/?p=395913"},"modified":"2022-11-07T23:57:18","modified_gmt":"2022-11-08T03:57:18","slug":"pn-reporta-reconocido-delincuente-resulta-muerto-cuando-intento-sustraer-una-motocicleta-de-un-agente-de-la-policia-en-el-sector-rafey","status":"publish","type":"post","link":"https:\/\/diariodominicano.com\/?p=395913","title":{"rendered":"PN reporta reconocido delincuente resulta muerto cuando intent\u00f3 sustraer una motocicleta de un agente de la Polic\u00eda, en el sector Rafey"},"content":{"rendered":"\n<p>Santiago, RD, 7 de Noviembre 2022.-Un reconocido delincuente, result\u00f3 con heridas de arma de fuego que le produjeron la muerte, momento en que se encontraba sustrayendo la motocicleta, de un agente de la Polic\u00eda Nacional, en compa\u00f1\u00eda de otra persona, en un hecho ocurrido en el sector Rafey, de esta ciudad.<\/p>\n\n\n\n<p>El hombre  fue identificado como Luis Miguel Jim\u00e9nez Cepeda, (Bebe), de \u00a025 a\u00f1os, \u00a0 quien falleci\u00f3 por herida de arma de fuego, al momento de ser depurado posee cuatro registros por diferentes acto delictivos, se\u00f1ala la PN en un comunicado de prensa..<\/p>\n\n\n\n<p>El acontecimiento se produjo momento en que el hoy occiso en compa\u00f1\u00eda de otras persona, quienes se transportaban a bordo de un carro Hyundai LF, color gris, se dirigi\u00f3 a la planta baja del citado residencial, donde se encontraba la motocicleta marca Platina, modelo 100ES, chasis MD2A76AY9MWL48819, propiedad de dicho miembro policial, la cual intento sustraer.<\/p>\n\n\n\n<p>En el lugar del hecho los t\u00e9cnicos de la Polic\u00eda Cient\u00edfica colectaron como evidencia una llave Ganz\u00faa, que es utilizada para encender las motocicletas.<\/p>\n\n\n\n<p>En cuanto al cad\u00e1ver fue trasladado al Instituto Nacional de Ciencias Forense (INACIF), para los fines procedentes.<\/p>\n\n\n\n<p>OFICINA DE INFORMACION Y COMUNICACIONES ESTRATEGICAS, DIRECCION REGIONAL CIBAO CENTRAL, P.N<\/p>\n","protected":false},"excerpt":{"rendered":"<p>Santiago, RD, 7 de Noviembre 2022.-Un reconocido delincuente, result\u00f3 con heridas de arma de fuego que le produjeron la muerte, momento en que se encontraba sustrayendo la motocicleta, de un agente de la Polic\u00eda Nacional, en compa\u00f1\u00eda de otra persona, en un hecho ocurrido en el sector Rafey, de esta ciudad. El hombre fue identificado [&hellip;]<\/p>\n","protected":false},"author":28,"featured_media":395914,"comment_status":"closed","ping_status":"","sticky":false,"template":"","format":"standard","meta":{"footnotes":""},"categories":[29],"tags":[],"class_list":["post-395913","post","type-post","status-publish","format-standard","has-post-thumbnail","hentry","category-policiasucesos"],"_links":{"self":[{"href":"https:\/\/diariodominicano.com\/index.php?rest_route=\/wp\/v2\/posts\/395913","targetHints":{"allow":["GET"]}}],"collection":[{"href":"https:\/\/diariodominicano.com\/index.php?rest_route=\/wp\/v2\/posts"}],"about":[{"href":"https:\/\/diariodominicano.com\/index.php?rest_route=\/wp\/v2\/types\/post"}],"author":[{"embeddable":true,"href":"https:\/\/diariodominicano.com\/index.php?rest_route=\/wp\/v2\/users\/28"}],"replies":[{"embeddable":true,"href":"https:\/\/diariodominicano.com\/index.php?rest_route=%2Fwp%2Fv2%2Fcomments&post=395913"}],"version-history":[{"count":1,"href":"https:\/\/diariodominicano.com\/index.php?rest_route=\/wp\/v2\/posts\/395913\/revisions"}],"predecessor-version":[{"id":395915,"href":"https:\/\/diariodominicano.com\/index.php?rest_route=\/wp\/v2\/posts\/395913\/revisions\/395915"}],"wp:featuredmedia":[{"embeddable":true,"href":"https:\/\/diariodominicano.com\/index.php?rest_route=\/wp\/v2\/media\/395914"}],"wp:attachment":[{"href":"https:\/\/diariodominicano.com\/index.php?rest_route=%2Fwp%2Fv2%2Fmedia&parent=395913"}],"wp:term":[{"taxonomy":"category","embeddable":true,"href":"https:\/\/diariodominicano.com\/index.php?rest_route=%2Fwp%2Fv2%2Fcategories&post=395913"},{"taxonomy":"post_tag","embeddable":true,"href":"https:\/\/diariodominicano.com\/index.php?rest_route=%2Fwp%2Fv2%2Ftags&post=395913"}],"curies":[{"name":"wp","href":"https:\/\/api.w.org\/{rel}","templated":true}]}}