{"id":39581,"date":"2020-03-02T23:59:18","date_gmt":"2020-03-02T23:59:18","guid":{"rendered":"http:\/\/diariodominicano.ddns.net\/?p=39581"},"modified":"2020-03-02T23:59:18","modified_gmt":"2020-03-02T23:59:18","slug":"concertacion-y-compromiso","status":"publish","type":"post","link":"https:\/\/diariodominicano.com\/?p=39581","title":{"rendered":"&#13;CONCERTACION Y COMPROMISO"},"content":{"rendered":"<p><body><\/p>\n<p>EN  PRIMERA FILA<\/p>\n<\/p>\n<p>CONCERTACION Y COMPROMISO<\/p>\n<p>Mario Rivadulla<\/p>\n<\/p>\n<p>Cumplido el tr\u00e1mite formal de su \u00faltima rendici\u00f3n de cuentas por parte del Presidente de la Rep\u00fablica ante la Asamblea Nacional y despu\u00e9s de la masiva concentraci\u00f3n que culmin\u00f3 una semana de reiterada y acrecentada protesta por la suspensi\u00f3n de las elecciones municipales del pasado 17 de febrero, ya a menos de dos semanas  de las reprogramadas para el domingo 15 de marzo, el pa\u00eds entrar\u00e1 en la vor\u00e1gine de la interrumpida campa\u00f1a para la escogencia de las autoridades municipales. <\/p>\n<\/p>\n<p>Como garant\u00eda de ellas y de que los frustrados votantes recuperen la confianza de que las mismas se van a celebrar dentro de un marco justo y de transparencia que sea reflejo de la voluntad del electorado, antes de su celebraci\u00f3n resulta de importancia satisfacer la demanda generalizada de dos aspectos fundamentales.  <\/p>\n<\/p>\n<p>El principal consiste en  el resultado de las esperadas investigaciones que permitan establecer con la mas absoluta fidelidad las causas reales que provocaron el colapso del sistema de voto autom\u00e1tico y obligaron a la abrupta interrupci\u00f3n de un proceso que ya estaba en marcha, y las responsabilidades derivadas de las mismas.  Para ello, tanto la oposici\u00f3n como el gobierno han convenido en depositar su confianza en la labor de los t\u00e9cnicos de la OEA y UNIORE.<\/p>\n<\/p>\n<p>Y en segundo t\u00e9rmino, aunque de relativa importancia, la demanda de un pacto nacional entre los l\u00edderes de los partidos   participantes en la contienda, asumiendo de manera formal ante la naci\u00f3n y la comunidad internacional, bajo cuya mira est\u00e1 colocada ahora mismo la confiabilidad de nuestro sistema  pol\u00edtico de gobierno, el compromiso de contribuir a la celebraci\u00f3n de unos comicios ejemplares.<\/p>\n<\/p>\n<p>Para esto \u00faltimo se resiente,  sin embargo, la falta de un interlocutor que con suficiente aval de respaldo p\u00fablico sirva de concertador entre las diferentes fuerzas en disputa por el poder, despu\u00e9s del vac\u00edo dejado por el retiro de monse\u00f1or Agripino N\u00fa\u00f1ez Collado al cabo de su prolongada y eficaz intervenci\u00f3n como mediador en los diferentes momentos de crisis  registrados tan a menudo en nuestro turbulento quehacer pol\u00edtico.<\/p>\n<\/p>\n<p>Ya en cuenta regresiva y pese a los insistentes reclamos por formalizar ese acuerdo, no se visualiza todav\u00eda la posibilidad de que tal pueda alcanzarse, al menos en el nivel municipal.<\/p>\n<\/p>\n<p>Al margen de que pueda lograrse, no obstante, lo que realmente cuenta y har\u00eda innecesario suscribir un acuerdo, siempre susceptibles de ser violados, es que los partidos pol\u00edticos se vean obligados a atenerse a las reglas de juego limpio cumpliendo con las normas que garanticen unas elecciones limpias y cre\u00edbles, tantas veces desconocidas por ellos, de las cuales cada ciudadano consciente debe convertirse tambi\u00e9n en activo y celoso guardi\u00e1n, comenzando por esa nueva generaci\u00f3n que ha dejado sentir su voz de inconformidad para que sus justos reclamos no caigan en el vac\u00edo. <\/p>\n<\/p>\n<\/p>\n<\/p>\n<h6> 2020-03-02 23:59:18 <\/h6>\n<p><!--\n<link rel=\"stylesheet\" href=\"css\/bootstrap.min.css\">\n\n\n<ul class=\"pagination\">\n\t    \n\t\n\n<li >\n\t<a href='?page_no=287'>Previous<\/a>\n\t<\/li>\n\n\n       \n    \n\n<li><a href='?page_no=1'>1<\/a><\/li>\n\n\n\n<li><a href='?page_no=2'>2<\/a><\/li>\n\n\n\n<li><a>...<\/a><\/li>\n\n\n\n<li><a href='?page_no=286'>286<\/a><\/li>\n\n\n\n<li><a href='?page_no=287'>287<\/a><\/li>\n\n\n\n<li class='active'><a>288<\/a><\/li>\n\n\n\n<li><a href='?page_no=289'>289<\/a><\/li>\n\n\n\n<li><a href='?page_no=290'>290<\/a><\/li>\n\n\n\n<li><a>...<\/a><\/li>\n\n\n\n<li><a href='?page_no=13611'>13611<\/a><\/li>\n\n\n\n<li><a href='?page_no=13612'>13612<\/a><\/li>\n\n    \n\t\n\n<li >\n\t<a href='?page_no=289'>Next<\/a>\n\t<\/li>\n\n\n    \n\n<li><a href='?page_no=13612'>Last &rsaquo;&rsaquo;<\/a><\/li>\n\n<\/ul>\n\n\n--><br \/>\n<\/body><\/p>\n","protected":false},"excerpt":{"rendered":"<p>EN PRIMERA FILA CONCERTACION Y COMPROMISO Mario Rivadulla Cumplido el tr\u00e1mite formal de su \u00faltima rendici\u00f3n de cuentas por parte del Presidente de la Rep\u00fablica ante la Asamblea Nacional y despu\u00e9s de la masiva concentraci\u00f3n que culmin\u00f3 una semana de reiterada y acrecentada protesta por la suspensi\u00f3n de las elecciones municipales del pasado 17 de [&hellip;]<\/p>\n","protected":false},"author":3,"featured_media":0,"comment_status":"open","ping_status":"open","sticky":false,"template":"","format":"standard","meta":{"footnotes":""},"categories":[16],"tags":[],"class_list":["post-39581","post","type-post","status-publish","format-standard","hentry","category-opiniones"],"_links":{"self":[{"href":"https:\/\/diariodominicano.com\/index.php?rest_route=\/wp\/v2\/posts\/39581","targetHints":{"allow":["GET"]}}],"collection":[{"href":"https:\/\/diariodominicano.com\/index.php?rest_route=\/wp\/v2\/posts"}],"about":[{"href":"https:\/\/diariodominicano.com\/index.php?rest_route=\/wp\/v2\/types\/post"}],"author":[{"embeddable":true,"href":"https:\/\/diariodominicano.com\/index.php?rest_route=\/wp\/v2\/users\/3"}],"replies":[{"embeddable":true,"href":"https:\/\/diariodominicano.com\/index.php?rest_route=%2Fwp%2Fv2%2Fcomments&post=39581"}],"version-history":[{"count":0,"href":"https:\/\/diariodominicano.com\/index.php?rest_route=\/wp\/v2\/posts\/39581\/revisions"}],"wp:attachment":[{"href":"https:\/\/diariodominicano.com\/index.php?rest_route=%2Fwp%2Fv2%2Fmedia&parent=39581"}],"wp:term":[{"taxonomy":"category","embeddable":true,"href":"https:\/\/diariodominicano.com\/index.php?rest_route=%2Fwp%2Fv2%2Fcategories&post=39581"},{"taxonomy":"post_tag","embeddable":true,"href":"https:\/\/diariodominicano.com\/index.php?rest_route=%2Fwp%2Fv2%2Ftags&post=39581"}],"curies":[{"name":"wp","href":"https:\/\/api.w.org\/{rel}","templated":true}]}}