{"id":395726,"date":"2022-11-07T11:31:33","date_gmt":"2022-11-07T15:31:33","guid":{"rendered":"http:\/\/diariodominicano.com\/?p=395726"},"modified":"2022-11-07T11:31:33","modified_gmt":"2022-11-07T15:31:33","slug":"defensa-civil-recupera-cuerpo-en-rio-isabela-tras-inundaciones-del-pasado-viernes","status":"publish","type":"post","link":"https:\/\/diariodominicano.com\/?p=395726","title":{"rendered":"Defensa Civil recupera cuerpo en R\u00edo Isabela, tras inundaciones del pasado viernes"},"content":{"rendered":"\n<p>diariodominicano.com<\/p>\n\n\n\n<p>Santo Domingo, R. D.,  7 de noviembre, 2022.-  La Defensa Civil recuper\u00f3 esta ma\u00f1ana el cuerpo de una persona en la ribera del r\u00edo Isabela, mientras se encontraba en labores de b\u00fasqueda de los ciudadanos reportados como desaparecidos desde el viernes, por las inundaciones urbanas que provocaron las fuertes lluvias.<\/p>\n\n\n\n<p>La instituci\u00f3n entreg\u00f3 el cuerpo al Instituto Nacional de Ciencias Forenses (INACIF) para fines de ser identificado.<\/p>\n\n\n\n<p>Se recuerda que desde el s\u00e1bado el organismo despleg\u00f3 un personal de b\u00fasqueda y rescate, t\u00e9cnicos en rescate acu\u00e1tico, unidades caninas y aeronaves no tripuladas (drones) para realizar labores de b\u00fasqueda y localizaci\u00f3n en la Ca\u00f1ada La Arenita de la Puya de Arroyo Hondo, r\u00edos Ozama e Isabela y Mar Caribe.<\/p>\n\n\n\n<p>En los trabajos tambi\u00e9n participan la Unidad de Respuesta Humanitaria del Ej\u00e9rcito Dominicano, Comando Anfibio de la Armada Dominicana, unidades de la Polic\u00eda Nacional, Cuerpo de Bomberos y Sistema 9-1-1.<\/p>\n\n\n\n<p>Fuente:  <strong>Defensa Civil Dominicana<\/strong><\/p>\n\n\n\n<p>Viancamely Alcantara Contreras <\/p>\n\n\n\n<p>Encargada del Departamento de Comunicaciones de la Defensa Civil<\/p>\n\n\n\n<p>Lunes 07 de noviembre de 2002<\/p>\n","protected":false},"excerpt":{"rendered":"<p>diariodominicano.com Santo Domingo, R. D., 7 de noviembre, 2022.- La Defensa Civil recuper\u00f3 esta ma\u00f1ana el cuerpo de una persona en la ribera del r\u00edo Isabela, mientras se encontraba en labores de b\u00fasqueda de los ciudadanos reportados como desaparecidos desde el viernes, por las inundaciones urbanas que provocaron las fuertes lluvias. La instituci\u00f3n entreg\u00f3 el [&hellip;]<\/p>\n","protected":false},"author":5,"featured_media":395727,"comment_status":"closed","ping_status":"","sticky":true,"template":"","format":"standard","meta":{"footnotes":""},"categories":[20,29,27],"tags":[],"class_list":["post-395726","post","type-post","status-publish","format-standard","has-post-thumbnail","hentry","category-dominicana-hoy","category-policiasucesos","category-portada"],"_links":{"self":[{"href":"https:\/\/diariodominicano.com\/index.php?rest_route=\/wp\/v2\/posts\/395726","targetHints":{"allow":["GET"]}}],"collection":[{"href":"https:\/\/diariodominicano.com\/index.php?rest_route=\/wp\/v2\/posts"}],"about":[{"href":"https:\/\/diariodominicano.com\/index.php?rest_route=\/wp\/v2\/types\/post"}],"author":[{"embeddable":true,"href":"https:\/\/diariodominicano.com\/index.php?rest_route=\/wp\/v2\/users\/5"}],"replies":[{"embeddable":true,"href":"https:\/\/diariodominicano.com\/index.php?rest_route=%2Fwp%2Fv2%2Fcomments&post=395726"}],"version-history":[{"count":1,"href":"https:\/\/diariodominicano.com\/index.php?rest_route=\/wp\/v2\/posts\/395726\/revisions"}],"predecessor-version":[{"id":395728,"href":"https:\/\/diariodominicano.com\/index.php?rest_route=\/wp\/v2\/posts\/395726\/revisions\/395728"}],"wp:featuredmedia":[{"embeddable":true,"href":"https:\/\/diariodominicano.com\/index.php?rest_route=\/wp\/v2\/media\/395727"}],"wp:attachment":[{"href":"https:\/\/diariodominicano.com\/index.php?rest_route=%2Fwp%2Fv2%2Fmedia&parent=395726"}],"wp:term":[{"taxonomy":"category","embeddable":true,"href":"https:\/\/diariodominicano.com\/index.php?rest_route=%2Fwp%2Fv2%2Fcategories&post=395726"},{"taxonomy":"post_tag","embeddable":true,"href":"https:\/\/diariodominicano.com\/index.php?rest_route=%2Fwp%2Fv2%2Ftags&post=395726"}],"curies":[{"name":"wp","href":"https:\/\/api.w.org\/{rel}","templated":true}]}}