{"id":39570,"date":"2020-03-03T20:15:02","date_gmt":"2020-03-03T20:15:02","guid":{"rendered":"http:\/\/diariodominicano.ddns.net\/?p=39570"},"modified":"2020-03-03T20:15:02","modified_gmt":"2020-03-03T20:15:02","slug":"el-corona-virus","status":"publish","type":"post","link":"https:\/\/diariodominicano.com\/?p=39570","title":{"rendered":"EL CORONA VIRUS"},"content":{"rendered":"<p><body><\/p>\n<p><strong><span class=\"text1noticias\">Diariodominicano.com<\/span><\/strong><\/p>\n<\/p>\n<p><span class=\"text1noticias\">EN PRIMERA FILA.<\/span><\/p>\n<p><span class=\"text1noticias\">EL CORONA VIRUS<\/span><\/p>\n<p><span class=\"text1noticias\"><strong>Mario Rivadulla<\/strong><\/span><\/p>\n<\/p>\n<p><span class=\"text1noticias\">El pa\u00eds acaba de registrar su primer y hasta ahora \u00fanico caso confirmado de corona virus. Se trata de un turista italiano, alojado en un hotel de la regi\u00f3n este, que una vez sometido a pruebas de laboratorio arroj\u00f3 positivo y al que se aplic\u00f3 el protocolo establecido para enfrentar el riesgo de expansi\u00f3n del contagio. El mismo fue llevado al hospital Ram\u00f3n de Luna, habilitado para fines de cuarentena, donde qued\u00f3 recluido. <\/span><\/p>\n<\/p>\n<p><span class=\"text1noticias\">Al parecer, hasta ahora, se mantiene estable y sin evidencias de riesgo de muerte. De se\u00f1alar que fuera de China Continental, donde apareci\u00f3 el virus y del continente asi\u00e1tico, Italia es el pa\u00eds que m\u00e1s casos registra de personas infectadas y de muertes por el contagio.<\/span><\/p>\n<\/p>\n<p><span class=\"text1noticias\">Ahora bien. No es cuesti\u00f3n de montar en p\u00e1nico, ni mucho menos. Ya estamos viendo en calles y negocios, sobre todo de mucha afluencia p\u00fablica, numerosas personas portando la cl\u00e1sica mascarilla, quiz\u00e1s un tanto prematuramente, lo cual no es de criticar en modo alguno. <\/span><\/p>\n<\/p>\n<p><span class=\"text1noticias\">Frente a situaciones de esta naturaleza es mejor pecar por exceso de prudencia que por falta de ella. De hecho se reporta que ya el inventario de mascarillas pr\u00e1cticamente se ha agotado en las farmacias, por lo que ser\u00eda conveniente que las autoridades tomaran nota y dispusieran la inmediata adquisici\u00f3n de las mismas, ya sea aqu\u00ed, si se fabrican en el pa\u00eds, ya en el mercado internacional.<\/span><\/p>\n<\/p>\n<p><span class=\"text1noticias\">Ahora bien&#8230;\u00bfhasta donde es de grave el contagio? Tanto el ministro de Salud P\u00fablica como el reconocido infect\u00f3logo Jes\u00fas Feris Iglesias, que dicho sea de paso es un destacado dirigente del PRM, coinciden en se\u00f1alar el nivel de peligrosidad del coronavirus y de riesgo de letalidad o sea de muerte que representa, as\u00ed como las medidas aconsejables a la poblaci\u00f3n para crear un cerco propio natural de prevenci\u00f3n.<\/span><\/p>\n<\/p>\n<p><span class=\"text1noticias\">En cuanto a lo primero, ambos coinciden en se\u00f1alar que el \u00edndice de muerte en el coronavirus hasta ahora ronda el 2 por ciento de los casos, en su mayor\u00eda de personas de edad avanzada y en precarias condiciones pre-existentes de salud, y por consiguiente con sus defensas naturales disminuidas. En el 80 por ciento de los afectados, los s\u00edntomas y la recuperaci\u00f3n corresponden a los de una gripe banal. Feris Iglesias, con amplia experiencia sobre el tema y amplia capacidad para su manejo, recuerda que la mortalidad del brote de Coronavirus, o Covid-19, resulta muy inferior al de la epidemia de sarampi\u00f3n que tan solo en el a\u00f1o 2016 caus\u00f3 la muerte de casi 90 mil personas. Mas reciente, este a\u00f1o el virus de la influenza ha afectado a m\u00e1s de dos millones de estadounidenses<\/span><\/p>\n<p><span class=\"text1noticias\">causando la muerte de casi 90 mil.<\/span><\/p>\n<\/p>\n<p><span class=\"text1noticias\">En cuanto a las medidas que toca asumir la poblaci\u00f3n son de elemental higiene y educaci\u00f3n: toser o expectorar cubri\u00e9ndose la nariz con las manos o hacerlo en el codo con el brazo contra\u00eddo, no frecuentar sin necesidad los lugares p\u00fablicos; cuidarse de que no le tosan de cerca; lavarse las manos frot\u00e1ndoselas por uno o dos minutos, sobre todo cuando llega de la calle a su hogar, y frente a los primeros s\u00edntomas de gripe no dejar para ma\u00f1ana la visita al m\u00e9dico para descartar que pueda haberse contagiado, o de lo contrario, atajar a tiempo la enfermedad.<\/span><\/p>\n<\/p>\n<p><span class=\"text1noticias\">Finalmente, y esto, insistimos es lo m\u00e1s importante: ni entrar ni alentar el p\u00e1nico, por dem\u00e1s injustificado y que enturbia la capacidad de razonamiento, y guiarse estrictamente por las informaciones que provengan de las autoridades de Salud P\u00fablica y a trav\u00e9s de los canales de comunicaci\u00f3n social reconocidos, y en modo alguno por las redes sociales, donde lamentablemente nunca faltan elementos irresponsables especializados en la pr\u00e1ctica canallesca de difundir noticias falsas que carecen de veracidad, confunden y siembran temor y desconcierto en quienes las leen y luego las ponen a correr m\u00e1s adelante sirvi\u00e9ndoles de ingenua caja de caja de resonancia.<\/span><\/p>\n<\/p>\n<h6> 2020-03-03 20:15:02 <\/h6>\n<p><!--\n<link rel=\"stylesheet\" href=\"css\/bootstrap.min.css\">\n\n\n<ul class=\"pagination\">\n\t    \n\t\n\n<li >\n\t<a href='?page_no=286'>Previous<\/a>\n\t<\/li>\n\n\n       \n    \n\n<li><a href='?page_no=1'>1<\/a><\/li>\n\n\n\n<li><a href='?page_no=2'>2<\/a><\/li>\n\n\n\n<li><a>...<\/a><\/li>\n\n\n\n<li><a href='?page_no=285'>285<\/a><\/li>\n\n\n\n<li><a href='?page_no=286'>286<\/a><\/li>\n\n\n\n<li class='active'><a>287<\/a><\/li>\n\n\n\n<li><a href='?page_no=288'>288<\/a><\/li>\n\n\n\n<li><a href='?page_no=289'>289<\/a><\/li>\n\n\n\n<li><a>...<\/a><\/li>\n\n\n\n<li><a href='?page_no=13611'>13611<\/a><\/li>\n\n\n\n<li><a href='?page_no=13612'>13612<\/a><\/li>\n\n    \n\t\n\n<li >\n\t<a href='?page_no=288'>Next<\/a>\n\t<\/li>\n\n\n    \n\n<li><a href='?page_no=13612'>Last &rsaquo;&rsaquo;<\/a><\/li>\n\n<\/ul>\n\n\n--><br \/>\n<\/body><\/p>\n","protected":false},"excerpt":{"rendered":"<p>Diariodominicano.com EN PRIMERA FILA. EL CORONA VIRUS Mario Rivadulla El pa\u00eds acaba de registrar su primer y hasta ahora \u00fanico caso confirmado de corona virus. Se trata de un turista italiano, alojado en un hotel de la regi\u00f3n este, que una vez sometido a pruebas de laboratorio arroj\u00f3 positivo y al que se aplic\u00f3 el [&hellip;]<\/p>\n","protected":false},"author":3,"featured_media":0,"comment_status":"open","ping_status":"open","sticky":false,"template":"","format":"standard","meta":{"footnotes":""},"categories":[16],"tags":[],"class_list":["post-39570","post","type-post","status-publish","format-standard","hentry","category-opiniones"],"_links":{"self":[{"href":"https:\/\/diariodominicano.com\/index.php?rest_route=\/wp\/v2\/posts\/39570","targetHints":{"allow":["GET"]}}],"collection":[{"href":"https:\/\/diariodominicano.com\/index.php?rest_route=\/wp\/v2\/posts"}],"about":[{"href":"https:\/\/diariodominicano.com\/index.php?rest_route=\/wp\/v2\/types\/post"}],"author":[{"embeddable":true,"href":"https:\/\/diariodominicano.com\/index.php?rest_route=\/wp\/v2\/users\/3"}],"replies":[{"embeddable":true,"href":"https:\/\/diariodominicano.com\/index.php?rest_route=%2Fwp%2Fv2%2Fcomments&post=39570"}],"version-history":[{"count":0,"href":"https:\/\/diariodominicano.com\/index.php?rest_route=\/wp\/v2\/posts\/39570\/revisions"}],"wp:attachment":[{"href":"https:\/\/diariodominicano.com\/index.php?rest_route=%2Fwp%2Fv2%2Fmedia&parent=39570"}],"wp:term":[{"taxonomy":"category","embeddable":true,"href":"https:\/\/diariodominicano.com\/index.php?rest_route=%2Fwp%2Fv2%2Fcategories&post=39570"},{"taxonomy":"post_tag","embeddable":true,"href":"https:\/\/diariodominicano.com\/index.php?rest_route=%2Fwp%2Fv2%2Ftags&post=39570"}],"curies":[{"name":"wp","href":"https:\/\/api.w.org\/{rel}","templated":true}]}}