{"id":395594,"date":"2022-11-06T22:04:30","date_gmt":"2022-11-07T02:04:30","guid":{"rendered":"http:\/\/diariodominicano.com\/?p=395594"},"modified":"2022-11-06T22:06:58","modified_gmt":"2022-11-07T02:06:58","slug":"discurso-del-presidente-del-instituto-duartiano-en-marcha-patriotica-rd-en-azua-el-5-de-noviembre-de-2022","status":"publish","type":"post","link":"https:\/\/diariodominicano.com\/?p=395594","title":{"rendered":"DISCURSO DEL PRESIDENTE DEL INSTITUTO DUARTIANO EN \u201cMARCHA PATRI\u00d3TICA RD\u201d, EN AZUA, EL 5 DE NOVIEMBRE DE 2022"},"content":{"rendered":"\n<p>Desde las primeras horas del s\u00e1bado 5 de noviembre los participantes en la marcha se concentraron en Azua.<\/p>\n\n\n\n<figure class=\"wp-block-image size-large\"><img loading=\"lazy\" decoding=\"async\" width=\"1024\" height=\"462\" src=\"https:\/\/diariodominicano.com\/wp-content\/uploads\/2022\/11\/Foto-2-El-presidente-Instituto-Duartiano-Wilson-Gomez.-1024x462.jpg\" alt=\"\" class=\"wp-image-395596\" srcset=\"https:\/\/diariodominicano.com\/wp-content\/uploads\/2022\/11\/Foto-2-El-presidente-Instituto-Duartiano-Wilson-Gomez.-1024x462.jpg 1024w, https:\/\/diariodominicano.com\/wp-content\/uploads\/2022\/11\/Foto-2-El-presidente-Instituto-Duartiano-Wilson-Gomez.-300x135.jpg 300w, https:\/\/diariodominicano.com\/wp-content\/uploads\/2022\/11\/Foto-2-El-presidente-Instituto-Duartiano-Wilson-Gomez.-768x346.jpg 768w, https:\/\/diariodominicano.com\/wp-content\/uploads\/2022\/11\/Foto-2-El-presidente-Instituto-Duartiano-Wilson-Gomez.-1536x692.jpg 1536w, https:\/\/diariodominicano.com\/wp-content\/uploads\/2022\/11\/Foto-2-El-presidente-Instituto-Duartiano-Wilson-Gomez.-2048x923.jpg 2048w, https:\/\/diariodominicano.com\/wp-content\/uploads\/2022\/11\/Foto-2-El-presidente-Instituto-Duartiano-Wilson-Gomez.-816x368.jpg 816w\" sizes=\"auto, (max-width: 1024px) 100vw, 1024px\" \/><figcaption> El presidente del Instituto Duartiano, doctor Wilson G\u00f3mez Ram\u00edrez pronuncia su discurso. <\/figcaption><\/figure>\n\n\n\n<p><\/p>\n\n\n\n<p>Honorables y distinguidas autoridades del pa\u00eds, de la heroica Azua y de la aguerrida Regi\u00f3n Sur.<\/p>\n\n\n\n<p>Entidades patri\u00f3ticas que con tanta fe duartiana escenifican estas demostraciones;<\/p>\n\n\n\n<p>distinguidas personalidades del municipio de Azua de Compostela y de toda la provincia de Azua;<\/p>\n\n\n\n<p>Buenos dominicanos y dominicanas de toda la Rep\u00fablica que con su presencia y mensajes expresan su apoyo sin reservas a estas intensas jornadas patrias.<\/p>\n\n\n\n<p>Honorables y distinguidos directivos, miembros del Instituto Duartiano; presidentes y delegaciones de los Centros Duartianos de Azua, Barahona, San Juan, San Crist\u00f3bal, Bani, Neyba, Las Matas de Farf\u00e1n y San Francisco de Macor<a>\u00eds<\/a>.<\/p>\n\n\n\n<p>Profesores y estudiantes, miembros de la prensa local y nacional, profesionales en general;<\/p>\n\n\n\n<p>Dominicanos, dominicanas; hermanos en la Patria y en Duarte todos y todas:<\/p>\n\n\n\n<p>Otra vez se vuelve a escuchar como un atronador eco prolongado del Manifiesto del 6 de agosto pasado, le\u00eddo en el marco del Altar de la Patria sus piedras centenarias y ante el Mausoleo que, celosamente guarda las cenizas venerables de los Padres Fundadores; esta vez se ha escuchado en la tierra suroestana donde se libraron durante doce a\u00f1os, encendidas acciones libertarias expresadas en batallas, duros encuentros y combates, donde el pueblo azuano expuso la m\u00e1s elevada dignidad, coraje y gallard\u00eda.<\/p>\n\n\n\n<p>Aqu\u00ed, la heroica juventud de este pueblo se integr\u00f3 a la defensa patria conjuntamente con hateros y montoneros y recibieron los entrenamientos militares de los generales <a>Antonio Duverg\u00e9<\/a> y Francisco So\u00f1<a>\u00e9<\/a>\u2026 ellos tambi\u00e9n contaron con la valent\u00eda y determinaci\u00f3n de hombres como entre otros, quienes preservaron los ideales de nuestra Independencia Nacional, la \u00fanica, la del 27 de febrero de 1844.<\/p>\n\n\n\n<p>El Cerro de Resol\u00ed, se constituy\u00f3 en un emblem\u00e1tico escenario donde las armas dominicanas sellaron el primer gran triunfo de las armas dominicanas, a solo veinte d\u00edas de la proclamaci\u00f3n de nuestra independencia; nuestra primera gran batalla, la de Azua, la del 19 de marzo de 1844; ah\u00ed qued\u00f3 sellado el triunfo de mas de una veintena de acciones armadas de significativa importancia hist\u00f3rica.&nbsp;<\/p>\n\n\n\n<figure class=\"wp-block-image size-large\"><img loading=\"lazy\" decoding=\"async\" width=\"462\" height=\"1024\" src=\"https:\/\/diariodominicano.com\/wp-content\/uploads\/2022\/11\/Foto-4-Wilson-Gomez-Ramirez-presidente-del-Instituto-Duartiano.-462x1024.jpg\" alt=\"\" class=\"wp-image-395597\" srcset=\"https:\/\/diariodominicano.com\/wp-content\/uploads\/2022\/11\/Foto-4-Wilson-Gomez-Ramirez-presidente-del-Instituto-Duartiano.-462x1024.jpg 462w, https:\/\/diariodominicano.com\/wp-content\/uploads\/2022\/11\/Foto-4-Wilson-Gomez-Ramirez-presidente-del-Instituto-Duartiano.-135x300.jpg 135w, https:\/\/diariodominicano.com\/wp-content\/uploads\/2022\/11\/Foto-4-Wilson-Gomez-Ramirez-presidente-del-Instituto-Duartiano.-768x1704.jpg 768w, https:\/\/diariodominicano.com\/wp-content\/uploads\/2022\/11\/Foto-4-Wilson-Gomez-Ramirez-presidente-del-Instituto-Duartiano.-692x1536.jpg 692w, https:\/\/diariodominicano.com\/wp-content\/uploads\/2022\/11\/Foto-4-Wilson-Gomez-Ramirez-presidente-del-Instituto-Duartiano.-923x2048.jpg 923w, https:\/\/diariodominicano.com\/wp-content\/uploads\/2022\/11\/Foto-4-Wilson-Gomez-Ramirez-presidente-del-Instituto-Duartiano.-816x1811.jpg 816w, https:\/\/diariodominicano.com\/wp-content\/uploads\/2022\/11\/Foto-4-Wilson-Gomez-Ramirez-presidente-del-Instituto-Duartiano.-scaled.jpg 1154w\" sizes=\"auto, (max-width: 462px) 100vw, 462px\" \/><\/figure>\n\n\n\n<p>Se\u00f1oras y se\u00f1ores, pueblo de Azua, tambi\u00e9n aqu\u00ed, la divisa trinitaria se ti\u00f1\u00f3 de la p\u00f3lvora de los ca\u00f1ones de gloria de nuestros artilleros, militarmente liderados por el general Antonio Duverg\u00e9, y apoyados por Francisco So\u00f1\u00e9, Vicente Noble, Nicol\u00e1s Ma\u00f1\u00f3n, Jos\u00e9 Leger, Jos\u00e9 del Carmen Garc\u00eda, Mat\u00edas de Vargas y Federico Mart\u00ednez, quienes decidieron que se sellara el triunfo de las armas dominicanas, entre otros.<\/p>\n\n\n\n<p>Esta vez, convocados y reunidos aqu\u00ed en Azua, abrazados a nuestra Bandera Nacional dominicana y a los principios enarbolados por Juan Pablo Duarte y D\u00edez, privilegiando los m\u00e1s elevados principios de la Naci\u00f3n dominicana, recibimos la proclama de adhesi\u00f3n plena de esta Regi\u00f3n al contenido y alcance del Manifiesto del 6 de agosto del a\u00f1o en curso, le\u00eddo en el Altar de la Patria; de ah\u00ed que resulte procedente resaltar de este el siguiente contenido:<\/p>\n\n\n\n<p>Estamos al filo del grave riesgo de que se afecte gravemente la Rep\u00fablica, sin ni siquiera haber entrado en la gran resistencia, la cual ha de expresarse en la intensificaci\u00f3n de los esfuerzos de nuestros gobernantes y l\u00edderes de todos los \u00e1mbitos, de los cuales hoy se requiere que apliquen el reclamo de nuestro Padre Fundador, quien, en 1865, en una carta dirigida desde Caracas al gobierno restaurador (con sede en Santiago) le expres\u00f3: \u201cEl gobierno debe mostrarse justo y en\u00e9rgico\u2026 o no tendremos Patria y por consiguiente ni libertad ni independencia nacional\u201d. &nbsp;<\/p>\n\n\n\n<p>La Naci\u00f3n dominicana, que nadie lo dude, enfrenta en la actualidad las pruebas m\u00e1s complejas y peligrosas de toda su existencia hist\u00f3rica, una realidad dram\u00e1tica y riesgosa, pr\u00f3xima y dolorosa, con ra\u00edces hist\u00f3ricas muy hondas: compartimos el espacio isle\u00f1o con una naci\u00f3n que, como Hait\u00ed, tiene caracter\u00edsticas particulares, y que al mismo tiempo ha devenido penosamente en un Estado fallido, colapsado, desvertebrado; y sobre todo, lo m\u00e1s triste e injusto, desahuciado y abandonado por la Comunidad Internacional, en especial, por los Organismos Internacionales, como la ONU y la OEA, as\u00ed como por grandes naciones que, como EE.UU., Francia y Canad\u00e1, est\u00e1n comprometidas con la naci\u00f3n vecina.<\/p>\n\n\n\n<p>Hoy aqu\u00ed y ahora, en esta heroica y fecunda tierra azuana, queremos proclamar con toda fuerza y vigor, con determinaci\u00f3n y rectitud de conciencia, en nombre de todo el pueblo dominicano, en nombre de los nobles y buenos dominicanos, que no hay ni habr\u00e1 jam\u00e1s soluci\u00f3n dominicana a los problemas de Hait\u00ed, ni aqu\u00ed en nuestro territorio, ni all\u00e1 en el suyo.<\/p>\n\n\n\n<p>Queremos que lo entiendan bien los grandes poderes de la tierra y los dirigentes de Hait\u00ed: los problemas de Hait\u00ed deben y pueden ser abordados y superados con urgencia, efectividad y responsabilidad, en primer t\u00e9rmino, por los propios haitianos; pero c\u00f3mo est\u00e1 demostrado, en el porvenir inmediato ese objetivo supremo no lo podr\u00e1n alcanzar los haitianos sin un esfuerzo de corresponsabilidad de la Comunidad Internacional.<\/p>\n\n\n\n<figure class=\"wp-block-image size-large\"><img loading=\"lazy\" decoding=\"async\" width=\"1024\" height=\"462\" src=\"https:\/\/diariodominicano.com\/wp-content\/uploads\/2022\/11\/Foto-5-Representantes-de-entidades-civicas-de-la-region-Sur-encabezaron-la-marcha.-1024x462.jpg\" alt=\"\" class=\"wp-image-395598\" srcset=\"https:\/\/diariodominicano.com\/wp-content\/uploads\/2022\/11\/Foto-5-Representantes-de-entidades-civicas-de-la-region-Sur-encabezaron-la-marcha.-1024x462.jpg 1024w, https:\/\/diariodominicano.com\/wp-content\/uploads\/2022\/11\/Foto-5-Representantes-de-entidades-civicas-de-la-region-Sur-encabezaron-la-marcha.-300x135.jpg 300w, https:\/\/diariodominicano.com\/wp-content\/uploads\/2022\/11\/Foto-5-Representantes-de-entidades-civicas-de-la-region-Sur-encabezaron-la-marcha.-768x346.jpg 768w, https:\/\/diariodominicano.com\/wp-content\/uploads\/2022\/11\/Foto-5-Representantes-de-entidades-civicas-de-la-region-Sur-encabezaron-la-marcha.-1536x692.jpg 1536w, https:\/\/diariodominicano.com\/wp-content\/uploads\/2022\/11\/Foto-5-Representantes-de-entidades-civicas-de-la-region-Sur-encabezaron-la-marcha.-2048x923.jpg 2048w, https:\/\/diariodominicano.com\/wp-content\/uploads\/2022\/11\/Foto-5-Representantes-de-entidades-civicas-de-la-region-Sur-encabezaron-la-marcha.-816x368.jpg 816w\" sizes=\"auto, (max-width: 1024px) 100vw, 1024px\" \/><\/figure>\n\n\n\n<p>La ONU, la OEA ni las grandes naciones no pueden seguir rehuyendo o mediatizando por m\u00e1s tiempo el cumplimiento de sus obligaciones con una Naci\u00f3n que, como Hait\u00ed, ha tocado fondo en su situaci\u00f3n de crisis.<\/p>\n\n\n\n<p>M\u00e1s a\u00fan, denunciamos, una vez m\u00e1s, &nbsp;ante el mundo, que contra ambas naciones se comete un crimen de alta inteligencia y ejecuci\u00f3n continuada, cubierto por una conspiraci\u00f3n de silencio: la brutal violencia que se desata en Hait\u00ed, con cada vez mayor intensidad y crueldad, por parte de grupos fuertemente armados y financiados desde el exterior y que se encuentran en proceso de unificaci\u00f3n y organizaci\u00f3n creciente, que s\u00f3lo procura hacer destruir las pocas estructuras que le quedan a Hait\u00ed y provocar que su poblaci\u00f3n desesperada, huya despavorida de m\u00e1s en m\u00e1s hacia Rep\u00fablica Dominicana, a la vez que se maniobra en la sombra para que se complete el proceso de trasladar millones de haitianos, para su asentamiento definitivo la parte oriental de la Islaque corresponde a la Rep\u00fablica Dominicana.<\/p>\n\n\n\n<p>Al respecto, deben saberlo muy bien los que conspiran, aqu\u00ed y fuera de aqu\u00ed: los dominicanos nos uniremos como nunca antes, como Duarte nos orden\u00f3 hacer en momentos de extremo peligro, para enfrentar esa ignominia, que conducir\u00eda a la destrucci\u00f3n final de su obra hist\u00f3rica, a la negaci\u00f3n m\u00e1s abyecta o vil de todos nuestros derechos como Naci\u00f3n.<\/p>\n\n\n\n<p>La verdad ha de ser dicha: los l\u00edderes de la comunidad internacional y hemisf\u00e9rica, nunca han hecho un esfuerzo aut\u00e9ntico, consistente, sincero, de rescatar y reconstruir a Hait\u00ed en Hait\u00ed. Aqu\u00ed y ahora corresponde reiterar que ning\u00fan pueblo de la tierra ha sido m\u00e1s solidario con el pueblo haitiano, ni m\u00e1s comprensivo de su drama hist\u00f3rico que el dominicano.<\/p>\n\n\n\n<p>Se\u00f1ores, dominicanas y dominicanos, queremos insistir, la crisis de Hait\u00ed, tiene el potencial de desatar un conflicto de envergadura, que los dominicanos no deseamos y que haremos todos los esfuerzos necesarios para evitarlo.<\/p>\n\n\n\n<p>Pero que se sepa bien, sin renunciar en modo alguno al derecho supremo e inalienable que tenemos como pueblo de defender y preservar por todos los medios a nuestro alcance nuestro propio desarrollo, las conquistas alcanzadas a lo largo de nuestra historia, nuestra soberan\u00eda y autodeterminaci\u00f3n, nuestra integridad territorial y demogr\u00e1fica, as\u00ed como la identidad nacional anclada profundamente en los valores de una cultura cristiana y humanista, principios y valores que se apoyan en la Constituci\u00f3n dominicana actual, con la misma fuerza de legitimidad con que figuran en el Proyecto de Ley Fundamental o Constituci\u00f3n de Duarte, a prop\u00f3sito de conmemorarse ma\u00f1ana el 178 aniversario del Texto Supremo de 1844.<\/p>\n\n\n\n<p>Estamos compelidos a rechazar con nuestro en\u00e9rgico proceder y nuestras actitudes, el discurso mentiroso y avieso que pretende estigmatizarnos como pueblo xen\u00f3fobo, racista, anti-haitiano, genocida, para agredirnos a mansalva y descalificar nuestras firmes posiciones. No lo hemos sido, no lo somos, ni lo seremos; pero nunca entregaremos a los organismos internacionales ni a las grandes potencias el derecho a nuestra tierra, ni nuestra identidad de Naci\u00f3n \u201cind\u00f3mita y brava, que siempre altiva su frente alzar\u00e1\u201d, como reza nuestro Himno Nacional, escuchado por primera vez en el interior del pa\u00eds esta ciudad de Azua, donde ejerci\u00f3 el magisterio Emilio Prud-homme.<\/p>\n\n\n\n<p>\u201cHoy vivimos un singular momento hist\u00f3rico que mueve a recordar la admonici\u00f3n de nuestro Padre Fundador Juan Pablo Duarte sobre nuestro destino: \u201cNuestra patria ha de ser libre e independiente de toda dominaci\u00f3n extranjera o se hunde la Isla\u201d.<\/p>\n\n\n\n<p><strong>Hermanos en la Patria y en Duarte, ante la dram\u00e1tica situaci\u00f3n descrita, reiteramos nuestra exhortaci\u00f3n&nbsp; vehemente al ciudadano se\u00f1or Presidente Abinader y a todos los poderes p\u00fablicos nacionales y municipales, a nuestras Fuerzas Armadas y de seguridad que tienen mandatos constitucionales muy precisos, as\u00ed como a todo el liderazgo nacional pol\u00edtico y no pol\u00edtico, de gobierno y oposici\u00f3n, a asumir el solemne compromiso de adoptar rectas Pol\u00edticas y Estrategias de Estado para alcanzar con el mayor sentido de urgencia los siguientes objetivos de Supremo Inter\u00e9s Nacional:<\/strong><\/p>\n\n\n\n<p><strong>a)<\/strong> La agilizaci\u00f3n de los trabajos de construcci\u00f3n del Muro o Valla F\u00edsica Tecnol\u00f3gica. Aunque esta obra fue anunciada e iniciada por el actual gobierno, respondiendo a un creciente clamor nacional, la mayor\u00eda de los dominicanos tenemos la expectativa, la misma debe recibir el mayor impulso, con la trasparencia y efectividad que demandan las circunstancias cr\u00edticas antes se\u00f1aladas.<\/p>\n\n\n\n<p><strong>b)<\/strong> La aplicaci\u00f3n en\u00e9rgica del C\u00f3digo Laboral con base al mandato que establece el m\u00ednimo del 80 % de mano de obra dominicana&nbsp;<\/p>\n\n\n\n<p><strong>c)<\/strong> El cumplimiento riguroso y justo de las normativas migratorias, en consecuencia, la repatriaci\u00f3n sostenida y creciente de todos los extranjeros en situaci\u00f3n migratoria ilegal o irregular.<\/p>\n\n\n\n<p><strong>d)<\/strong> Que se adopten todas las medidas y providencias, para que, conforme a la realidad precedentemente expuesta, los soldados de nuestras FF.AA. sean llevados a ejercer control fronterizo para evitar el regreso de los repatriados y nuevas incursiones ilegales en un n\u00famero tan suficiente como lo demandan las circunstancias actuales.&nbsp;<\/p>\n\n\n\n<p><strong>e)<\/strong> Que el Ministerio de Educaci\u00f3n cumpla con el art\u00edculo 63, numeral 13, de la Constituci\u00f3n de la Rep\u00fablica el cual manda lo siguiente: \u201cCon la finalidad de formar ciudadanas y ciudadanos conscientes de sus derechos y deberes, en todas las instituciones de educaci\u00f3n p\u00fablica y privada, ser\u00e1n obligatorias la instrucci\u00f3n en la formaci\u00f3n social y c\u00edvica, la ense\u00f1anza de la Constituci\u00f3n, de los derechos y garant\u00edas fundamentales, de los valores patrios y de los principios de convivencia pac\u00edfica\u201d.&nbsp;<\/p>\n\n\n\n<p><strong>f)<\/strong> Que el Congreso Nacional de cumplimiento al art\u00edculo 10, numeral 2, de la Norma Suprema y cumpla con la reserva de ley establecida al precisar: \u201cEl r\u00e9gimen de adquisici\u00f3n y transferencia de la propiedad inmobiliaria en la Zona Fronteriza estar\u00e1 sometido a requisitos legales espec\u00edficos que privilegien la propiedad de los dominicanos y dominicanas y el inter\u00e9s nacional\u201d. Asimismo, instamos a los poderes p\u00fablicos a repoblar la frontera y convertirla en una zona de desarrollo de alta prioridad nacional.<\/p>\n\n\n\n<p><strong>g)<\/strong>&nbsp;La adopci\u00f3n de una pol\u00edtica altamente restrictiva en relaci\u00f3n de los consulados dominicanos en Hait\u00ed y la emisi\u00f3n de visas por parte de los mismos durante el tiempo que sea necesario hasta tanto se supere la situaci\u00f3n actual.<\/p>\n\n\n\n<p><strong>h)<\/strong> La revisi\u00f3n y la supervisi\u00f3n minuciosa del Registro Civil, as\u00ed como del Libro de Extranjer\u00eda, en particular, en lo concerniente al registro de los hijos de haitianos nacidos en territorio dominicano desde el a\u00f1o 2000. Por igual, exigimos que nuestra diplomacia produzca un rechazo contundente a las campa\u00f1as enga\u00f1osas que quieren confundir <em>apatridia<\/em> con indocumentaci\u00f3n, pretendiendo revertir la hist\u00f3rica Sentencia n\u00fam. 168-13, emitida por el Tribunal Constitucional de la Rep\u00fablica Dominicana, con la cual se definen aspectos sustanciales de la nacionalidad dominicana.&nbsp;<\/p>\n\n\n\n<p><strong>i)<\/strong> Es&nbsp;&nbsp; necesario, acometer una gran ofensiva diplom\u00e1tica mundial, incluido un amplio ejercicio de diplomacia p\u00fablica y ciudadana, con gu\u00eda escrita, rigurosa y unidad de criterios, ante todas las Embajadas, Parlamentos y los organismos internacionales de la Regi\u00f3n y el Mundo, con un contenido hist\u00f3rico veraz y objetivo acerca de las relaciones dominico-haitianas as\u00ed como de los datos socioecon\u00f3micos, demogr\u00e1ficos y medioambientales que fundamentan nuestros leg\u00edtimos y justos reclamos.<\/p>\n\n\n\n<p>Resulta esnecesario incorporar la valiosa di\u00e1spora dominicana en todo el Mundo, en especial, la radicada en Estados Unidos y Europa, la cual est\u00e1 llamada a convertirse en una poderosa vanguardia de esta lucha nacional y patri\u00f3tica, de resistencia y restauraci\u00f3n del pueblo dominicano, marchando \u201cserenos, unidos y osados\u201d, como manifest\u00f3 Duarte en su sentido canto a la \u201cUnidad de razas\u201d, hacia una cita con la historia, donde se volver\u00e1 a demostrar que somos una gran Naci\u00f3n, que existe porque Dios quiere y porque en cada generaci\u00f3n hay dominicanos patriotas dispuestos a asumir todos los sacrificios: los de su vida, su libertad y sus bienes si fuere preciso.<\/p>\n\n\n\n<p><strong>Hermanos en la Patria y en Duarte, defendamos <\/strong>con determinaci\u00f3n nuestra soberan\u00eda,<strong>&nbsp;permaneciendo unidos y alertas,&nbsp;<\/strong>en uno de los momentos de mayor dificultad de nuestra historia, guiados por la inteligencia y la voluntad duartianas, sin permitir los sectarismos ni los protagonismos de los que pretender\u00e1n desviarnos, y de aquellos que seguir\u00e1n pretendiendo disminuir la intensidad de la Naci\u00f3n como parte de la trama internacional, que, si no la vencemos, nos conducir\u00e1 a ser<strong>&nbsp;dos naciones destruidas en medio de una isla fatalmente condenada<\/strong>.<\/p>\n\n\n\n<p><strong>A una sola voz, declaramos que no podr\u00e1n despojar al pueblo dominicano de su territorio, ni destruir sus instituciones y derechos jur\u00eddicos, ni anular su soberan\u00eda, ni desvanecer su Independencia Nacional.<\/strong><\/p>\n\n\n\n<p>A todos nos une la historia, la cultura, la Patria, el ejercicio de la libertad y la democracia, el derecho al gobierno propio e independiente.&nbsp;<strong>A todos nos une el dominicano de gloria m\u00e1s pura, Juan Pablo Duarte y D\u00edez<\/strong>.<\/p>\n\n\n\n<p>Hermanos en la Patria y en Duarte, solo con la unidad del pueblo dominicano, puede preservarse su continuidad hist\u00f3rica.<\/p>\n\n\n\n<p>Somos un Pueblo de Dios. Nacimos como Rep\u00fablica con la divisa trinitaria y hoy Lema constitucional nacional de los dominicanos:&nbsp;<strong>\u201cDios, Patria y Libertad\u201d<\/strong>.<\/p>\n\n\n\n<p>\u00a1Viva la Independencia Nacional!&#8230; \u00a1Viva la Rep\u00fablica Dominicana! \u00a1Viva el Pueblo de Azua!<\/p>\n\n\n\n<p>\u00a1Duarte Vive! \u00a1Duarte siempre! \u00a1Por Duarte tenemos Patria!<\/p>\n\n\n\n<p>Gracias!<\/p>\n\n\n\n<p><strong>Dr. Wilson G\u00f3mez Ram\u00edrez<\/strong><\/p>\n\n\n\n<p>Presidente del Instituto Duartiano<\/p>\n\n\n\n<figure class=\"wp-block-video\"><video controls src=\"blob:https:\/\/diariodominicano.com\/f21fc66e-60fc-4836-9e25-2502fd9478d6\"><\/video><\/figure>\n\n\n\n<p><\/p>\n","protected":false},"excerpt":{"rendered":"<p>Desde las primeras horas del s\u00e1bado 5 de noviembre los participantes en la marcha se concentraron en Azua. Honorables y distinguidas autoridades del pa\u00eds, de la heroica Azua y de la aguerrida Regi\u00f3n Sur. Entidades patri\u00f3ticas que con tanta fe duartiana escenifican estas demostraciones; distinguidas personalidades del municipio de Azua de Compostela y de toda [&hellip;]<\/p>\n","protected":false},"author":28,"featured_media":395595,"comment_status":"closed","ping_status":"","sticky":false,"template":"","format":"standard","meta":{"footnotes":""},"categories":[36,26,22],"tags":[],"class_list":["post-395594","post","type-post","status-publish","format-standard","has-post-thumbnail","hentry","category-hombresmujeresycosas","category-efemerides","category-politica"],"_links":{"self":[{"href":"https:\/\/diariodominicano.com\/index.php?rest_route=\/wp\/v2\/posts\/395594","targetHints":{"allow":["GET"]}}],"collection":[{"href":"https:\/\/diariodominicano.com\/index.php?rest_route=\/wp\/v2\/posts"}],"about":[{"href":"https:\/\/diariodominicano.com\/index.php?rest_route=\/wp\/v2\/types\/post"}],"author":[{"embeddable":true,"href":"https:\/\/diariodominicano.com\/index.php?rest_route=\/wp\/v2\/users\/28"}],"replies":[{"embeddable":true,"href":"https:\/\/diariodominicano.com\/index.php?rest_route=%2Fwp%2Fv2%2Fcomments&post=395594"}],"version-history":[{"count":3,"href":"https:\/\/diariodominicano.com\/index.php?rest_route=\/wp\/v2\/posts\/395594\/revisions"}],"predecessor-version":[{"id":395601,"href":"https:\/\/diariodominicano.com\/index.php?rest_route=\/wp\/v2\/posts\/395594\/revisions\/395601"}],"wp:featuredmedia":[{"embeddable":true,"href":"https:\/\/diariodominicano.com\/index.php?rest_route=\/wp\/v2\/media\/395595"}],"wp:attachment":[{"href":"https:\/\/diariodominicano.com\/index.php?rest_route=%2Fwp%2Fv2%2Fmedia&parent=395594"}],"wp:term":[{"taxonomy":"category","embeddable":true,"href":"https:\/\/diariodominicano.com\/index.php?rest_route=%2Fwp%2Fv2%2Fcategories&post=395594"},{"taxonomy":"post_tag","embeddable":true,"href":"https:\/\/diariodominicano.com\/index.php?rest_route=%2Fwp%2Fv2%2Ftags&post=395594"}],"curies":[{"name":"wp","href":"https:\/\/api.w.org\/{rel}","templated":true}]}}