{"id":39526,"date":"2020-03-06T00:09:14","date_gmt":"2020-03-06T00:09:14","guid":{"rendered":"http:\/\/diariodominicano.ddns.net\/?p=39526"},"modified":"2020-03-06T00:09:14","modified_gmt":"2020-03-06T00:09:14","slug":"decide-mayoria-muda","status":"publish","type":"post","link":"https:\/\/diariodominicano.com\/?p=39526","title":{"rendered":"Decide mayor\u00eda muda"},"content":{"rendered":"<p><body><\/p>\n<\/p>\n<p>A Pleno sol<\/p>\n<\/p>\n<p>Decide mayor\u00eda muda<\/p>\n<\/p>\n<p>Por Manuel Hern\u00e1ndez Villeta<\/p>\n<\/p>\n<\/p>\n<p>La mayor\u00eda silente da el triunfo electoral. Solo escucha y espera. La mayor parte de la poblaci\u00f3n no milita en partidos pol\u00edticos. No est\u00e1 organizada en ninguna tipo de asociaci\u00f3n. Solo espera su momento.<\/p>\n<\/p>\n<p>El d\u00eda de las votaciones es cuando la mayor\u00eda silente sale de su casa, dispuesta a ejercer lo que considera un deber ciudadano. Va a escoger a su s\u00edndico, y posteriormente a sus legisladores y a su presidente.<\/p>\n<\/p>\n<p>Esa mayor\u00eda silente es el hombre sombra, es la mujer dedicada a su trabajo, es el joven que estudia o desempe\u00f1a cualquier actividad, es el chiripero, el desempleado, el que no hace nada. Muchas veces carece de esperanzas y el presente le es doloroso. En silencio y con temores.<\/p>\n<p>Pero tambi\u00e9n esta una mayor\u00eda de masa silente de clase media y superior, que ve la pol\u00edtica por encima del hombro, aunque siempre est\u00e1 a la espera de lograr alg\u00fan beneficio perif\u00e9rico. La crisis actual lleva el desconcierto de esa masa mayoritaria y sin formas.<\/p>\n<\/p>\n<p>Los dirigentes pol\u00edticos tienen la equivocada idea de que en sus filas se encuentran todos los ciudadanos que le dar\u00e1n el voto ganador en las elecciones. Es un error. Nadie gana con la simple militancia de su partido.<\/p>\n<\/p>\n<p>Estamos en una crisis pol\u00edtica que lleva temores a la gran masa de votantes. La abstenci\u00f3n podr\u00eda ser una soluci\u00f3n para muchos de cara al proceso electoral. Quedarse en su casa, y no cumplir con el llamado de la Junta Central Electoral.  La suspensi\u00f3n de las pasadas elecciones  municipales, lanz\u00f3 al pa\u00eds al vac\u00edo. Con mucho trabajo   se ha podido encontrar remiendos a la situaci\u00f3n.<\/p>\n<\/p>\n<p>Ahora se habla de di\u00e1logo, pero all\u00ed hay posiciones divisionistas. Se cuestiona al Consejo Econ\u00f3mico y Social y hasta un sector de religiosos metidos en el hecho. Lo importante no es el grupo que motive el di\u00e1logo, sino el evento en s\u00ed.<\/p>\n<\/p>\n<p>Pero el di\u00e1logo no solo es reunirse, sino la intenci\u00f3n de encontrar soluciones a los problemas. Da la impresi\u00f3n de que fuera de las fotos y una frase de cortes\u00eda, nadie est\u00e1 en la mejor disposici\u00f3n de llegar a acuerdos.<\/p>\n<\/p>\n<p>De seguir este camino las elecciones se van a manejar por imposiciones de organismos internacionales. Ya se nota la mano de la Organizaci\u00f3n de Estados Americanos en el manejo de los hechos. A muchos esa situaci\u00f3n le tranquiliza, pero en sentido general las injerencias nunca han sido positivas.<\/p>\n<\/p>\n<p>No importa hacia  donde se vaya, y el camino que se siga, lo importante es que se d\u00e9 un di\u00e1logo de cara a cara. Cada cual con sus posiciones, pero   buscando puntos que puedan ser aceptados por todos. El di\u00e1logo no es imposici\u00f3n, sino consenso para dar el siguiente paso. Los dominicanos se est\u00e1n quedando sin terreno para caminar al siguiente trecho. \u00ab!Ay!, se me acab\u00f3 la tinta.<\/p>\n<\/p>\n<h6> 2020-03-06 00:09:14 <\/h6>\n<p><!--\n<link rel=\"stylesheet\" href=\"css\/bootstrap.min.css\">\n\n\n<ul class=\"pagination\">\n\t    \n\t\n\n<li >\n\t<a href='?page_no=282'>Previous<\/a>\n\t<\/li>\n\n\n       \n    \n\n<li><a href='?page_no=1'>1<\/a><\/li>\n\n\n\n<li><a href='?page_no=2'>2<\/a><\/li>\n\n\n\n<li><a>...<\/a><\/li>\n\n\n\n<li><a href='?page_no=281'>281<\/a><\/li>\n\n\n\n<li><a href='?page_no=282'>282<\/a><\/li>\n\n\n\n<li class='active'><a>283<\/a><\/li>\n\n\n\n<li><a href='?page_no=284'>284<\/a><\/li>\n\n\n\n<li><a href='?page_no=285'>285<\/a><\/li>\n\n\n\n<li><a>...<\/a><\/li>\n\n\n\n<li><a href='?page_no=13611'>13611<\/a><\/li>\n\n\n\n<li><a href='?page_no=13612'>13612<\/a><\/li>\n\n    \n\t\n\n<li >\n\t<a href='?page_no=284'>Next<\/a>\n\t<\/li>\n\n\n    \n\n<li><a href='?page_no=13612'>Last &rsaquo;&rsaquo;<\/a><\/li>\n\n<\/ul>\n\n\n--><br \/>\n<\/body><\/p>\n","protected":false},"excerpt":{"rendered":"<p>A Pleno sol Decide mayor\u00eda muda Por Manuel Hern\u00e1ndez Villeta La mayor\u00eda silente da el triunfo electoral. Solo escucha y espera. La mayor parte de la poblaci\u00f3n no milita en partidos pol\u00edticos. No est\u00e1 organizada en ninguna tipo de asociaci\u00f3n. Solo espera su momento. El d\u00eda de las votaciones es cuando la mayor\u00eda silente sale [&hellip;]<\/p>\n","protected":false},"author":3,"featured_media":0,"comment_status":"open","ping_status":"open","sticky":false,"template":"","format":"standard","meta":{"footnotes":""},"categories":[16],"tags":[],"class_list":["post-39526","post","type-post","status-publish","format-standard","hentry","category-opiniones"],"_links":{"self":[{"href":"https:\/\/diariodominicano.com\/index.php?rest_route=\/wp\/v2\/posts\/39526","targetHints":{"allow":["GET"]}}],"collection":[{"href":"https:\/\/diariodominicano.com\/index.php?rest_route=\/wp\/v2\/posts"}],"about":[{"href":"https:\/\/diariodominicano.com\/index.php?rest_route=\/wp\/v2\/types\/post"}],"author":[{"embeddable":true,"href":"https:\/\/diariodominicano.com\/index.php?rest_route=\/wp\/v2\/users\/3"}],"replies":[{"embeddable":true,"href":"https:\/\/diariodominicano.com\/index.php?rest_route=%2Fwp%2Fv2%2Fcomments&post=39526"}],"version-history":[{"count":0,"href":"https:\/\/diariodominicano.com\/index.php?rest_route=\/wp\/v2\/posts\/39526\/revisions"}],"wp:attachment":[{"href":"https:\/\/diariodominicano.com\/index.php?rest_route=%2Fwp%2Fv2%2Fmedia&parent=39526"}],"wp:term":[{"taxonomy":"category","embeddable":true,"href":"https:\/\/diariodominicano.com\/index.php?rest_route=%2Fwp%2Fv2%2Fcategories&post=39526"},{"taxonomy":"post_tag","embeddable":true,"href":"https:\/\/diariodominicano.com\/index.php?rest_route=%2Fwp%2Fv2%2Ftags&post=39526"}],"curies":[{"name":"wp","href":"https:\/\/api.w.org\/{rel}","templated":true}]}}