{"id":395157,"date":"2022-11-05T09:11:56","date_gmt":"2022-11-05T13:11:56","guid":{"rendered":"http:\/\/diariodominicano.com\/?p=395157"},"modified":"2022-11-05T09:11:56","modified_gmt":"2022-11-05T13:11:56","slug":"rememoran-en-cuba-aniversario-de-operacion-carlota","status":"publish","type":"post","link":"https:\/\/diariodominicano.com\/?p=395157","title":{"rendered":"Rememoran en Cuba aniversario de Operaci\u00f3n Carlota"},"content":{"rendered":"\n<h1 class=\"wp-block-heading\"><\/h1>\n\n\n\n<p>La Habana, 5 nov (Prensa Latina) Cuba rememora hoy el comienzo de la Operaci\u00f3n Carlota mediante la cual la isla caribe\u00f1a colabor\u00f3 en la lucha por la independencia de la actual Rep\u00fablica de Angola y otras naciones de \u00c1frica del Sur.&nbsp;&nbsp;&nbsp;&nbsp;<\/p>\n\n\n\n<ul class=\"wp-block-list\"><li>noviembre 5, 2022<\/li><li>CDT00:15 (GMT) -0400<\/li><\/ul>\n\n\n\n<p>El 5 de noviembre de 1975 el gobierno cubano decidi\u00f3 enviar tropas al pa\u00eds africano ante la solicitud de ayuda del Movimiento Popular de Liberaci\u00f3n de Angola (MPLA), el cual se enfrentaba a una agresi\u00f3n externa que pretend\u00eda frustrar la independencia.<\/p>\n\n\n\n<p>Alrededor de 300 mil cubanos intervinieron en el conflicto en el que dieron su vida m\u00e1s de dos mil de ellos y cuyo saldo fue tambi\u00e9n la liberaci\u00f3n de Namibia y la eliminaci\u00f3n del r\u00e9gimen del apartheid en Sud\u00e1frica.<\/p>\n\n\n\n<p>La operaci\u00f3n militar, que se extendi\u00f3 hasta el a\u00f1o 1991, se denomin\u00f3 Carlota en homenaje a una de las esclavas que encabezaron la sublevaci\u00f3n de esclavos del ingenio Triunvirato, de la occidental provincia de Matanzas.<\/p>\n\n\n\n<p>El hecho hist\u00f3rico, que aconteci\u00f3 tambi\u00e9n el 5 de noviembre pero de 1843, est\u00e1 considerado como uno de los sucesos m\u00e1s importantes en el desarrollo del pensamiento antiesclavista que sentar\u00eda principios en los ideales independentistas de los cubanos durante la guerra de liberaci\u00f3n nacional.<\/p>\n\n\n\n<p>Con la ayuda a Angola, Cuba cumpl\u00eda con un elemental deber internacionalista, seg\u00fan explic\u00f3 el l\u00edder de la Revoluci\u00f3n Cubana Fidel Castro el 22 de diciembre de 1975, durante la clausura del primer congreso del Partido Comunista.<\/p>\n\n\n\n<p>Los triunfos militares de Cuito Cuanavale, Quifangondo, Cabinda, Ebo, junto a las acciones diplom\u00e1ticas, determinaron que el 22 de diciembre de 1988 Cuba, Angola y Sud\u00e1frica firmaran un acuerdo que cambi\u00f3 la historia del continente.<\/p>\n\n\n\n<p>El l\u00edder sudafricano Nelson Mandela -entonces en prisi\u00f3n- se\u00f1al\u00f3 que este hecho fue un punto de giro definitivo para completar la liberaci\u00f3n del continente, incluida la derrota al r\u00e9gimen del apartheid.<\/p>\n\n\n\n<p>ro\/jfs<\/p>\n","protected":false},"excerpt":{"rendered":"<p>La Habana, 5 nov (Prensa Latina) Cuba rememora hoy el comienzo de la Operaci\u00f3n Carlota mediante la cual la isla caribe\u00f1a colabor\u00f3 en la lucha por la independencia de la actual Rep\u00fablica de Angola y otras naciones de \u00c1frica del Sur.&nbsp;&nbsp;&nbsp;&nbsp; noviembre 5, 2022 CDT00:15 (GMT) -0400 El 5 de noviembre de 1975 el gobierno [&hellip;]<\/p>\n","protected":false},"author":28,"featured_media":395158,"comment_status":"closed","ping_status":"","sticky":false,"template":"","format":"standard","meta":{"footnotes":""},"categories":[26],"tags":[],"class_list":["post-395157","post","type-post","status-publish","format-standard","has-post-thumbnail","hentry","category-efemerides"],"_links":{"self":[{"href":"https:\/\/diariodominicano.com\/index.php?rest_route=\/wp\/v2\/posts\/395157","targetHints":{"allow":["GET"]}}],"collection":[{"href":"https:\/\/diariodominicano.com\/index.php?rest_route=\/wp\/v2\/posts"}],"about":[{"href":"https:\/\/diariodominicano.com\/index.php?rest_route=\/wp\/v2\/types\/post"}],"author":[{"embeddable":true,"href":"https:\/\/diariodominicano.com\/index.php?rest_route=\/wp\/v2\/users\/28"}],"replies":[{"embeddable":true,"href":"https:\/\/diariodominicano.com\/index.php?rest_route=%2Fwp%2Fv2%2Fcomments&post=395157"}],"version-history":[{"count":1,"href":"https:\/\/diariodominicano.com\/index.php?rest_route=\/wp\/v2\/posts\/395157\/revisions"}],"predecessor-version":[{"id":395159,"href":"https:\/\/diariodominicano.com\/index.php?rest_route=\/wp\/v2\/posts\/395157\/revisions\/395159"}],"wp:featuredmedia":[{"embeddable":true,"href":"https:\/\/diariodominicano.com\/index.php?rest_route=\/wp\/v2\/media\/395158"}],"wp:attachment":[{"href":"https:\/\/diariodominicano.com\/index.php?rest_route=%2Fwp%2Fv2%2Fmedia&parent=395157"}],"wp:term":[{"taxonomy":"category","embeddable":true,"href":"https:\/\/diariodominicano.com\/index.php?rest_route=%2Fwp%2Fv2%2Fcategories&post=395157"},{"taxonomy":"post_tag","embeddable":true,"href":"https:\/\/diariodominicano.com\/index.php?rest_route=%2Fwp%2Fv2%2Ftags&post=395157"}],"curies":[{"name":"wp","href":"https:\/\/api.w.org\/{rel}","templated":true}]}}