{"id":395120,"date":"2022-11-04T23:42:08","date_gmt":"2022-11-05T03:42:08","guid":{"rendered":"http:\/\/diariodominicano.com\/?p=395120"},"modified":"2022-11-04T23:50:06","modified_gmt":"2022-11-05T03:50:06","slug":"pacto-de-versalles-segunda-guerra-mundial-1-de-2","status":"publish","type":"post","link":"https:\/\/diariodominicano.com\/?p=395120","title":{"rendered":"PACTO DE VERSALLES: SEGUNDA GUERRA MUNDIAL (1 de 2)"},"content":{"rendered":"\n<p>El papa Gregorio XIII<\/p>\n\n\n\n<figure class=\"wp-block-image size-full\"><img loading=\"lazy\" decoding=\"async\" width=\"189\" height=\"267\" src=\"https:\/\/diariodominicano.com\/wp-content\/uploads\/2022\/11\/Francisco-Fernando-de-sarajevo.jpg\" alt=\"\" class=\"wp-image-395124\"\/><figcaption> Francisco Fernando de Sarajevo <\/figcaption><\/figure>\n\n\n\n<p><strong>POR TE\u00d3FILO LAPPOT ROBLES<\/strong><\/p>\n\n\n\n<p>Entre las muchas cosas que ocurrieron en el siglo pasado hubo dos acontecimientos b\u00e9licos que estremecieron a la humanidad. Dos guerras mundiales.<\/p>\n\n\n\n<p>La segunda no puede separarse de la primera, porque en parte fue su consecuencia, especialmente por la forma en que los vencedores decidieron la suerte del pa\u00eds vencido, que lo fue Alemania.<\/p>\n\n\n\n<p>Es v\u00e1lido se\u00f1alar que la Primera Guerra Mundial se desencaden\u00f3 en gran medida por la animosidad que se desarroll\u00f3 entre Alemania y Francia, luego de que en el 1870 el Segundo Imperio Franc\u00e9s cay\u00f3 derrotado.<\/p>\n\n\n\n<p>Ese hecho provoc\u00f3 que ambas partes comenzaran una incesante labor de reclutamiento de nuevos soldados para sus respectivos ej\u00e9rcitos, as\u00ed como el aumento de todo tipo de armas terrestres, a\u00e9reas y mar\u00edtimas.<\/p>\n\n\n\n<p>A esas dos naciones se sumaron otras que tomaron partido por una y otra. Fue el germen de la primera guerra a escala mundial.<\/p>\n\n\n\n<p>Aunque los estrategas militares alemanes y franceses planteaban que su disputa era s\u00f3lo por control de las ricas zonas de Alsacia y Lorena, arrebatadas en el citado a\u00f1o por Alemania a Francia, lo cierto era que el principal problema radicaba en el pugilato entre seis pa\u00edses que se dividieron en dos grupos antag\u00f3nicos con el prop\u00f3sito de dominar Europa.<\/p>\n\n\n\n<p>Uno de esos grupos fue formado originalmente por Francia, Gran Breta\u00f1a y Rusia, al que luego se sumaron los Estados Unidos de Norteam\u00e9rica, China, Grecia, Portugal y otros pa\u00edses. Esa coalici\u00f3n fue conocida como la Triple Entente.<\/p>\n\n\n\n<p>Alemania, Austria-Hungr\u00eda e Italia, luego Jap\u00f3n, integraron lo que se llam\u00f3 la Triple Alianza.<\/p>\n\n\n\n<p>Hay que hacer la salvedad de que Italia, por motivos que algunos historiadores especializados en la Primera Guerra Mundial califican de explicables, se ali\u00f3 a franceses y brit\u00e1nicos (rompiendo su compromiso inicial) poco despu\u00e9s de comenzar la llamarada de fuego que destruy\u00f3 millones de vidas humanas e hizo a\u00f1icos la econom\u00eda europea.<\/p>\n\n\n\n<p>Para entonces hab\u00eda tensi\u00f3n frecuente en diferentes lugares de Europa, pero de alguna manera se resolv\u00edan las diferencias. Los caballos de la guerra se frenaban cuando se asomaban a la l\u00ednea del abismo.<\/p>\n\n\n\n<p>&nbsp;As\u00ed fue hasta que ocurri\u00f3 un hecho que sirvi\u00f3 de excusa para que se desencadenaran las hostilidades.<\/p>\n\n\n\n<p>El aludido acontecimiento, que marc\u00f3 con r\u00edos de sangre la historia del \u00faltimo siglo del segundo milenio, en el marco del calendario gregoriano, as\u00ed llamado porque su principal impulsor fue el papa Gregorio XIII, fue el magnicidio ocurrido el 23 de julio de 1914 en la ciudad de Sarajevo, enclavada en los Alpes Din\u00e1ricos, contra Francisco Fernando.<\/p>\n\n\n\n<p>Ese importante personaje era el pr\u00edncipe de Austria, Hungr\u00eda y Bohemia y, adem\u00e1s, ostentaba la condici\u00f3n de heredero del trono del Imperio austroh\u00fangaro. Junto con \u00e9l tambi\u00e9n fue asesinada su esposa Sof\u00eda, la cual estaba embarazada.<\/p>\n\n\n\n<p>Ese hecho tr\u00e1gico fue el pretexto para desatar una guerra que provoc\u00f3 m\u00e1s de 15 millones de personas muertas y cerca de 25 millones heridas, as\u00ed como un vuelco sin precedentes en la geopol\u00edtica mundial.<\/p>\n\n\n\n<p>Socapa del infortunio de esa familia mon\u00e1rquica los que abrieron ese conflicto b\u00e9lico no lo hicieron por venganza particular.<\/p>\n\n\n\n<figure class=\"wp-block-image size-full\"><img loading=\"lazy\" decoding=\"async\" width=\"186\" height=\"271\" src=\"https:\/\/diariodominicano.com\/wp-content\/uploads\/2022\/11\/Zbigniew-Brzezinski.jpg\" alt=\"\" class=\"wp-image-395127\"\/><figcaption>Zbigniew Brzezinski<\/figcaption><\/figure>\n\n\n\n<p>La clave de ese hecho ocurrido a mitad de la segunda d\u00e9cada del siglo pasado se descubre, en parte, en las brillantes reflexiones que el erudito estadounidense de origen polaco Zbigniew Brzezinski hace en su libro titulado El gran tablero mundial (1997), al referirse a la \u201ccompleja organizaci\u00f3n econ\u00f3mica, financiera, educativa de seguridad\u201d que hay detr\u00e1s de cada pa\u00eds poderoso.<\/p>\n\n\n\n<p>Como el tema de esta cr\u00f3nica no es hacer un recuento detallado de la Primera Guerra Mundial debo saltar al tramo final de la misma: Luego de 4 a\u00f1os de sanguinarios enfrentamientos Alemania fue derrotada. Su entonces jefe supremo, el Kaiser Guillermo II, abdic\u00f3. El 11 de noviembre de 1918 se produjo un armisticio, que fue la antesala de lo que ocurri\u00f3 meses despu\u00e9s.<\/p>\n\n\n\n<p>En efecto, en medio de la fanfarria del triunfo del bloque de los pa\u00edses conocidos como los Aliados contra los que formaban el llamado Eje, se firm\u00f3 el s\u00e1bado 28 de junio de 1919 el tratado de paz que puso fin a la devastadora Primera Guerra Mundial.<\/p>\n\n\n\n<figure class=\"wp-block-image size-full\"><img loading=\"lazy\" decoding=\"async\" width=\"800\" height=\"548\" src=\"https:\/\/diariodominicano.com\/wp-content\/uploads\/2022\/11\/Palacio-de-Versalles00.jpg\" alt=\"\" class=\"wp-image-395130\" srcset=\"https:\/\/diariodominicano.com\/wp-content\/uploads\/2022\/11\/Palacio-de-Versalles00.jpg 800w, https:\/\/diariodominicano.com\/wp-content\/uploads\/2022\/11\/Palacio-de-Versalles00-300x206.jpg 300w, https:\/\/diariodominicano.com\/wp-content\/uploads\/2022\/11\/Palacio-de-Versalles00-768x526.jpg 768w\" sizes=\"auto, (max-width: 800px) 100vw, 800px\" \/><figcaption>Palacio de Versalles<\/figcaption><\/figure>\n\n\n\n<p>El escenario escogido para formalizar ese arreglo entre triunfadores fue el relumbrante sal\u00f3n nombrado Galer\u00eda de los Espejos, del Palacio de Versalles, situado en la ciudad francesa del mismo nombre, en el extrarradio de Par\u00eds. Entr\u00f3 en vigor el 10 de enero de 1920.<\/p>\n\n\n\n<p>Al analizar el susodicho pacto se nota que sus redactores aparentaban sustentar el mismo, en gran medida, en las opiniones de los principales fil\u00f3sofos (franceses, alemanes, ingleses, escoceses) de aquel movimiento cultural que brot\u00f3 en Europa a mitad de camino del siglo 18, conocido como la Ilustraci\u00f3n, quienes sosten\u00edan que s\u00f3lo era en Europa donde crec\u00edan \u201clos principios m\u00e1s racionales\u201d aplicados a los sistemas pol\u00edticos.<\/p>\n\n\n\n<p>La verdad monda y lironda fue que dicho texto multilateral era un apa\u00f1o con gruesos tintes de embrollo y carec\u00eda de \u201csofisticaci\u00f3n jur\u00eddica\u201d, puesto que ten\u00eda un desfase entre lo pregonado por sus auspiciadores y el terreno de lo f\u00e1ctico en su aplicaci\u00f3n. &nbsp;<\/p>\n\n\n\n<p>Fue publicitado como una panacea que evitar\u00eda que el mundo padeciera de nuevo los estragos de un conflicto armado a gran escala y consecuencialmente los l\u00edderes &nbsp;de los pa\u00edses victoriosos pensaron que sus decisiones quedar\u00edan grabadas en losas de piedra.<\/p>\n\n\n\n<p>La realidad derivada del mismo fue muy diferente a su cuerpo literario, tal y como indicar\u00e9 en la siguiente entrega.<\/p>\n\n\n\n<p>Te\u00f3filo Lappot<a target=\"_blank\" href=\"mailto:teofilolappot@hotmail.com\" rel=\"noreferrer noopener\">teofilolappot@hotmail.com<\/a><\/p>\n","protected":false},"excerpt":{"rendered":"<p>El papa Gregorio XIII POR TE\u00d3FILO LAPPOT ROBLES Entre las muchas cosas que ocurrieron en el siglo pasado hubo dos acontecimientos b\u00e9licos que estremecieron a la humanidad. Dos guerras mundiales. La segunda no puede separarse de la primera, porque en parte fue su consecuencia, especialmente por la forma en que los vencedores decidieron la suerte [&hellip;]<\/p>\n","protected":false},"author":28,"featured_media":395121,"comment_status":"closed","ping_status":"","sticky":true,"template":"","format":"standard","meta":{"footnotes":""},"categories":[21,36,26,27],"tags":[],"class_list":["post-395120","post","type-post","status-publish","format-standard","has-post-thumbnail","hentry","category-cultura","category-hombresmujeresycosas","category-efemerides","category-portada"],"_links":{"self":[{"href":"https:\/\/diariodominicano.com\/index.php?rest_route=\/wp\/v2\/posts\/395120","targetHints":{"allow":["GET"]}}],"collection":[{"href":"https:\/\/diariodominicano.com\/index.php?rest_route=\/wp\/v2\/posts"}],"about":[{"href":"https:\/\/diariodominicano.com\/index.php?rest_route=\/wp\/v2\/types\/post"}],"author":[{"embeddable":true,"href":"https:\/\/diariodominicano.com\/index.php?rest_route=\/wp\/v2\/users\/28"}],"replies":[{"embeddable":true,"href":"https:\/\/diariodominicano.com\/index.php?rest_route=%2Fwp%2Fv2%2Fcomments&post=395120"}],"version-history":[{"count":5,"href":"https:\/\/diariodominicano.com\/index.php?rest_route=\/wp\/v2\/posts\/395120\/revisions"}],"predecessor-version":[{"id":395132,"href":"https:\/\/diariodominicano.com\/index.php?rest_route=\/wp\/v2\/posts\/395120\/revisions\/395132"}],"wp:featuredmedia":[{"embeddable":true,"href":"https:\/\/diariodominicano.com\/index.php?rest_route=\/wp\/v2\/media\/395121"}],"wp:attachment":[{"href":"https:\/\/diariodominicano.com\/index.php?rest_route=%2Fwp%2Fv2%2Fmedia&parent=395120"}],"wp:term":[{"taxonomy":"category","embeddable":true,"href":"https:\/\/diariodominicano.com\/index.php?rest_route=%2Fwp%2Fv2%2Fcategories&post=395120"},{"taxonomy":"post_tag","embeddable":true,"href":"https:\/\/diariodominicano.com\/index.php?rest_route=%2Fwp%2Fv2%2Ftags&post=395120"}],"curies":[{"name":"wp","href":"https:\/\/api.w.org\/{rel}","templated":true}]}}