{"id":395081,"date":"2022-11-04T21:03:44","date_gmt":"2022-11-05T01:03:44","guid":{"rendered":"http:\/\/diariodominicano.com\/?p=395081"},"modified":"2022-11-04T21:12:45","modified_gmt":"2022-11-05T01:12:45","slug":"finaliza-la-9a-feria-del-libro-de-historia-dominicana","status":"publish","type":"post","link":"https:\/\/diariodominicano.com\/?p=395081","title":{"rendered":"Finaliza la 9\u00aa. Feria del Libro de Historia Dominicana"},"content":{"rendered":"\n<p>Stand de Libros<\/p>\n\n\n\n<figure class=\"wp-block-image size-large\"><img loading=\"lazy\" decoding=\"async\" width=\"1024\" height=\"683\" src=\"https:\/\/diariodominicano.com\/wp-content\/uploads\/2022\/11\/Grupo-de-estudiante-durante-el-recorrido-en-la-Sala-de-Atencion-al-Usuario-1024x683.jpg\" alt=\"\" class=\"wp-image-395083\" srcset=\"https:\/\/diariodominicano.com\/wp-content\/uploads\/2022\/11\/Grupo-de-estudiante-durante-el-recorrido-en-la-Sala-de-Atencion-al-Usuario-1024x683.jpg 1024w, https:\/\/diariodominicano.com\/wp-content\/uploads\/2022\/11\/Grupo-de-estudiante-durante-el-recorrido-en-la-Sala-de-Atencion-al-Usuario-300x200.jpg 300w, https:\/\/diariodominicano.com\/wp-content\/uploads\/2022\/11\/Grupo-de-estudiante-durante-el-recorrido-en-la-Sala-de-Atencion-al-Usuario-768x512.jpg 768w, https:\/\/diariodominicano.com\/wp-content\/uploads\/2022\/11\/Grupo-de-estudiante-durante-el-recorrido-en-la-Sala-de-Atencion-al-Usuario-1536x1024.jpg 1536w, https:\/\/diariodominicano.com\/wp-content\/uploads\/2022\/11\/Grupo-de-estudiante-durante-el-recorrido-en-la-Sala-de-Atencion-al-Usuario-2048x1365.jpg 2048w, https:\/\/diariodominicano.com\/wp-content\/uploads\/2022\/11\/Grupo-de-estudiante-durante-el-recorrido-en-la-Sala-de-Atencion-al-Usuario-816x544.jpg 816w\" sizes=\"auto, (max-width: 1024px) 100vw, 1024px\" \/><figcaption> Grupo de estudiantes en recorrido  <\/figcaption><\/figure>\n\n\n\n<figure class=\"wp-block-image size-large\"><img loading=\"lazy\" decoding=\"async\" width=\"683\" height=\"1024\" src=\"https:\/\/diariodominicano.com\/wp-content\/uploads\/2022\/11\/Libreros-683x1024.jpg\" alt=\"\" class=\"wp-image-395085\" srcset=\"https:\/\/diariodominicano.com\/wp-content\/uploads\/2022\/11\/Libreros-683x1024.jpg 683w, https:\/\/diariodominicano.com\/wp-content\/uploads\/2022\/11\/Libreros-200x300.jpg 200w, https:\/\/diariodominicano.com\/wp-content\/uploads\/2022\/11\/Libreros-768x1152.jpg 768w, https:\/\/diariodominicano.com\/wp-content\/uploads\/2022\/11\/Libreros-1024x1536.jpg 1024w, https:\/\/diariodominicano.com\/wp-content\/uploads\/2022\/11\/Libreros-1365x2048.jpg 1365w, https:\/\/diariodominicano.com\/wp-content\/uploads\/2022\/11\/Libreros-816x1224.jpg 816w, https:\/\/diariodominicano.com\/wp-content\/uploads\/2022\/11\/Libreros-scaled.jpg 1707w\" sizes=\"auto, (max-width: 683px) 100vw, 683px\" \/><figcaption> Libreros en la Feria<\/figcaption><\/figure>\n\n\n\n<p><em>En la fiesta del libro y la cultura se dieron cita m\u00e1s de 3,000 personas, se presentaron 56 actividades, 6 exposiciones gr\u00e1ficas en modalidad presencial, 10 exposiciones virtuales y participaron 64 librer\u00edas, autores y casas editoriales.<\/em><\/p>\n\n\n\n<figure class=\"wp-block-image size-large\"><img loading=\"lazy\" decoding=\"async\" width=\"1024\" height=\"683\" src=\"https:\/\/diariodominicano.com\/wp-content\/uploads\/2022\/11\/Ballet-Folklorico-de-la-UNPHU-1024x683.jpg\" alt=\"\" class=\"wp-image-395087\" srcset=\"https:\/\/diariodominicano.com\/wp-content\/uploads\/2022\/11\/Ballet-Folklorico-de-la-UNPHU-1024x683.jpg 1024w, https:\/\/diariodominicano.com\/wp-content\/uploads\/2022\/11\/Ballet-Folklorico-de-la-UNPHU-300x200.jpg 300w, https:\/\/diariodominicano.com\/wp-content\/uploads\/2022\/11\/Ballet-Folklorico-de-la-UNPHU-768x512.jpg 768w, https:\/\/diariodominicano.com\/wp-content\/uploads\/2022\/11\/Ballet-Folklorico-de-la-UNPHU-1536x1024.jpg 1536w, https:\/\/diariodominicano.com\/wp-content\/uploads\/2022\/11\/Ballet-Folklorico-de-la-UNPHU-2048x1365.jpg 2048w, https:\/\/diariodominicano.com\/wp-content\/uploads\/2022\/11\/Ballet-Folklorico-de-la-UNPHU-816x544.jpg 816w\" sizes=\"auto, (max-width: 1024px) 100vw, 1024px\" \/><figcaption>Ballet folkl\u00f3rico de la UNPHU<\/figcaption><\/figure>\n\n\n\n<p><strong>Santo Domingo.-<\/strong>&nbsp;El Archivo General de la Naci\u00f3n (AGN) finaliz\u00f3 con \u00e9xito la 9\u00aa. Edici\u00f3n de la Feria del Libro de Historia Dominicana; en modalidad presencial y virtual, con el tema central&nbsp;\u201cHistoria Local de Pueblos y Comunidades\u201d.<\/p>\n\n\n\n<p>Con m\u00e1s de 50 actividades realizadas, se celebr\u00f3 la fiesta del libro y la cultura que cont\u00f3 con la asistencia de miles de estudiantes, historiadores, investigadores y p\u00fablico en general.<\/p>\n\n\n\n<p><strong>Sobre la Feria<\/strong><\/p>\n\n\n\n<p>Los homenajeados de esta edici\u00f3n fueron: Rafael Hern\u00e1ndez; Welner Dar\u00edo Feliz; Oscar L\u00f3pez Reyes; Edwin Espinal Hern\u00e1ndez; Emelda Ramos; Rafael Dar\u00edo Herrera; Carlos Julio<a> Feliz;<\/a> Juan Ventura; Marcos Soto, Luis Efra\u00edm Baldrich; Ferm\u00edn Alvarez; y Rafael Leonidas P\u00e9rez y P\u00e9rez.<\/p>\n\n\n\n<p>Las actividades incluyeron puestas en circulaci\u00f3n de libros, conferencias, exposiciones, talleres, paneles,&nbsp;proyecciones de documentales y largometrajes para todos los p\u00fablicos, con la participaci\u00f3n de especialistas en los temas presentados.<\/p>\n\n\n\n<p>Durante los 5 d\u00edas de feria se presentaron 11 nuevos libros, que se unen a los m\u00e1s de 600 titulos publicados por la instituci\u00f3n, dentro de los que resaltan: <em>Cat\u00e1logo de protocolos notariales, 1822-1844<\/em>, tomos I y II, Mar\u00eda Filomena Gonz\u00e1lez Canalda; <em>Asesinato \u00bfen Los Cuatro Vientos?,<\/em> Lucas Guzm\u00e1n Rodr\u00edguez; <em>Historia de las ideas filos\u00f3ficas y de g\u00e9nero en la Rep\u00fablica Dominicana<\/em>, Lusitania Mart\u00ednez Jim\u00e9nez y <em>A cuarenta a\u00f1os de Nueva poes\u00eda dominicana<\/em>, C\u00e1ndido Ger\u00f3n. La mayor\u00eda de estas publicaciones son resultado de investigaciones auspiciadas por el AGN o derivadas de los propios documentos que preserva la instituci\u00f3n.<\/p>\n\n\n\n<p>En la venta de libros, junto al AGN, participaron 64 librer\u00edas, casas editoriales y autores: Editorial Santuario, Librer\u00eda Mar\u00eda Luisa Trejo, Librer\u00eda Asodolibro, Academia de Ciencias, Fundaci\u00f3n Juan Bosch, Academia Dominicana de la Historia, Sociedad Dominicana de Bibli\u00f3filos, entre otros.<\/p>\n\n\n\n<figure class=\"wp-block-image size-large\"><img loading=\"lazy\" decoding=\"async\" width=\"1024\" height=\"684\" src=\"https:\/\/diariodominicano.com\/wp-content\/uploads\/2022\/11\/Banda-de-Musica-del-Cuerpo-de-Bombero-del-Distrito-Nacional-1024x684.jpg\" alt=\"\" class=\"wp-image-395088\" srcset=\"https:\/\/diariodominicano.com\/wp-content\/uploads\/2022\/11\/Banda-de-Musica-del-Cuerpo-de-Bombero-del-Distrito-Nacional-1024x684.jpg 1024w, https:\/\/diariodominicano.com\/wp-content\/uploads\/2022\/11\/Banda-de-Musica-del-Cuerpo-de-Bombero-del-Distrito-Nacional-300x200.jpg 300w, https:\/\/diariodominicano.com\/wp-content\/uploads\/2022\/11\/Banda-de-Musica-del-Cuerpo-de-Bombero-del-Distrito-Nacional-768x513.jpg 768w, https:\/\/diariodominicano.com\/wp-content\/uploads\/2022\/11\/Banda-de-Musica-del-Cuerpo-de-Bombero-del-Distrito-Nacional-1536x1025.jpg 1536w, https:\/\/diariodominicano.com\/wp-content\/uploads\/2022\/11\/Banda-de-Musica-del-Cuerpo-de-Bombero-del-Distrito-Nacional-2048x1367.jpg 2048w, https:\/\/diariodominicano.com\/wp-content\/uploads\/2022\/11\/Banda-de-Musica-del-Cuerpo-de-Bombero-del-Distrito-Nacional-816x545.jpg 816w\" sizes=\"auto, (max-width: 1024px) 100vw, 1024px\" \/><figcaption>Banda de M\u00fasica del Cuerpo de Bomberos del Distrito Nacional<\/figcaption><\/figure>\n\n\n\n<p><strong>Premio Vetilio Alfau<\/strong><\/p>\n\n\n\n<p>En el acto de clausura se anunciaron los ganadores de la V convocatoria del Premio de Historia AGN, Vetilio Alfau Dur\u00e1n, en las categor\u00edas:<\/p>\n\n\n\n<p>Premio de Ensayo<\/p>\n\n\n\n<p><em>El primer viaje del Quijote a Santo Domingo: comercio, cultura, pol\u00edtica y sociedad en La Espa\u00f1ola del siglo XV1, <\/em>autor\u00eda de Joan Manuel Ferrer Rodr\u00edguez.<\/p>\n\n\n\n<p>Compilaci\u00f3n Documental<\/p>\n\n\n\n<p><em>Rep\u00fablica Dominicana en la prensa internacional (VOL. I). Colecci\u00f3n para el estudio de la Independencia (1844),<\/em> autor\u00eda de Dami\u00e1n \u00c1lvarez Pina.<\/p>\n\n\n\n<p>Resultaron desiertas las categor\u00edas Ensayo para J\u00f3venes Investigadores y Premio Enriquillo para novela hist\u00f3rica o colecci\u00f3n de relatos hist\u00f3ricos.<\/p>\n\n\n\n<p>Durante la actividad se present\u00f3 la VI convocatoria del Premio de Historia Vetilio Alfau 2024.<\/p>\n\n\n\n<p>El Premio est\u00e1 dirigido a&nbsp;investigadores, estudiosos y escritores dominicanos o residentes legales en el pa\u00eds, y consta de cuatro categor\u00edas: \u201cPremio de Ensayo\u201d, dotado con RD$200,000. \u201cPremio de Compilaci\u00f3n Documental\u201d, dotado con RD$150,000. Tres \u201cPremios Especiales de Ensayo para J\u00f3venes Investigadores\u201d, de hasta 30 a\u00f1os de edad, dotado con RD$50,000 cada uno. \u201cPremio Enriquillo\u201d, para novela hist\u00f3rica o colecci\u00f3n de relatos hist\u00f3ricos, dotado con RD$150,000.<\/p>\n\n\n\n<p>Los textos deben ser originales e in\u00e9ditos, no habiendo recibido ning\u00fan otro tipo de premio, deber\u00e1n estar redactados en lengua castellana entre otras especificaciones disponibles en la p\u00e1gina Web, www.agn.gov.do.<\/p>\n\n\n\n<p>El plazo de recepci\u00f3n de las obras finalizar\u00e1 el 2 de agosto del 2024, a las 3 de la tarde.<\/p>\n\n\n\n<p>relacionespublicas<a target=\"_blank\" href=\"mailto:relacionespublicas@agn.gob.do\" rel=\"noreferrer noopener\">relacionespublicas@agn.gob.do<\/a><\/p>\n","protected":false},"excerpt":{"rendered":"<p>Stand de Libros En la fiesta del libro y la cultura se dieron cita m\u00e1s de 3,000 personas, se presentaron 56 actividades, 6 exposiciones gr\u00e1ficas en modalidad presencial, 10 exposiciones virtuales y participaron 64 librer\u00edas, autores y casas editoriales. Santo Domingo.-&nbsp;El Archivo General de la Naci\u00f3n (AGN) finaliz\u00f3 con \u00e9xito la 9\u00aa. Edici\u00f3n de la [&hellip;]<\/p>\n","protected":false},"author":28,"featured_media":395082,"comment_status":"closed","ping_status":"","sticky":false,"template":"","format":"standard","meta":{"footnotes":""},"categories":[21,36,26,27],"tags":[],"class_list":["post-395081","post","type-post","status-publish","format-standard","has-post-thumbnail","hentry","category-cultura","category-hombresmujeresycosas","category-efemerides","category-portada"],"_links":{"self":[{"href":"https:\/\/diariodominicano.com\/index.php?rest_route=\/wp\/v2\/posts\/395081","targetHints":{"allow":["GET"]}}],"collection":[{"href":"https:\/\/diariodominicano.com\/index.php?rest_route=\/wp\/v2\/posts"}],"about":[{"href":"https:\/\/diariodominicano.com\/index.php?rest_route=\/wp\/v2\/types\/post"}],"author":[{"embeddable":true,"href":"https:\/\/diariodominicano.com\/index.php?rest_route=\/wp\/v2\/users\/28"}],"replies":[{"embeddable":true,"href":"https:\/\/diariodominicano.com\/index.php?rest_route=%2Fwp%2Fv2%2Fcomments&post=395081"}],"version-history":[{"count":3,"href":"https:\/\/diariodominicano.com\/index.php?rest_route=\/wp\/v2\/posts\/395081\/revisions"}],"predecessor-version":[{"id":395090,"href":"https:\/\/diariodominicano.com\/index.php?rest_route=\/wp\/v2\/posts\/395081\/revisions\/395090"}],"wp:featuredmedia":[{"embeddable":true,"href":"https:\/\/diariodominicano.com\/index.php?rest_route=\/wp\/v2\/media\/395082"}],"wp:attachment":[{"href":"https:\/\/diariodominicano.com\/index.php?rest_route=%2Fwp%2Fv2%2Fmedia&parent=395081"}],"wp:term":[{"taxonomy":"category","embeddable":true,"href":"https:\/\/diariodominicano.com\/index.php?rest_route=%2Fwp%2Fv2%2Fcategories&post=395081"},{"taxonomy":"post_tag","embeddable":true,"href":"https:\/\/diariodominicano.com\/index.php?rest_route=%2Fwp%2Fv2%2Ftags&post=395081"}],"curies":[{"name":"wp","href":"https:\/\/api.w.org\/{rel}","templated":true}]}}